{"id":345855,"date":"2017-09-27T00:00:19","date_gmt":"2017-09-27T05:00:19","guid":{"rendered":"http:\/\/www.diarioimagen.net\/?p=345855"},"modified":"2017-09-28T02:27:14","modified_gmt":"2017-09-28T07:27:14","slug":"345855","status":"publish","type":"post","link":"https:\/\/www.diarioimagen.net\/?p=345855","title":{"rendered":"A una semana del sismo"},"content":{"rendered":"<h5>Fernando Garcilita Herrera<\/h5>\n<p>&nbsp;<\/p>\n<p>Ayer se cumpli\u00f3 una semana del sismo de 7.1 grados que sacudi\u00f3 a la Ciudad de M\u00e9xico, y que lo cambi\u00f3 todo.<\/p>\n<p>La cifra final de muertos asciende a 333 en todos los estados que fueron afectados, los brigadistas que llegaron de Jap\u00f3n ya regresan a casa, y la ciudad trata de volver a la normalidad, a su propio paso, a su propio ritmo.<\/p>\n<p>De algo estoy seguro, que somos otros a los que \u00e9ramos, hace una semana, nos hicimos una sociedad m\u00e1s fuerte, la generaci\u00f3n de los <em>millenials<\/em> derrumb\u00f3 el mito de que era una generaci\u00f3n ap\u00e1tica y floja, a la hora de tomar decisiones, en una semana se logr\u00f3 que los partidos est\u00e9n hablando de ceder el dinero que le da el Instituto Nacional Electoral para las campa\u00f1as y para sus presupuestos, imag\u00ednese nada m\u00e1s, que esto haya pasado en una semana.<\/p>\n<p>Este simple reclamo, de que los partidos pol\u00edticos, siempre han vivido a expensas de los ciudadanos y nunca han hecho nada relevante con ese dinero, m\u00e1s que dejar las ciudades llenas de basura poselectoral y bardas pintadas, sea destinado, para una causa ajena a ellos, es algo asombroso.<\/p>\n<p>Lo que sucedi\u00f3 hace una semana, fue una desgracia y una devastaci\u00f3n que nos ha pegado a todos, pero ha abierto las puertas a una nueva forma de ejercer nuestros derechos como mexicanos, nos demostramos que unidos hacemos la fuerza, que los l\u00edderes del futuro no pueden estar solos y alejados de la gente, que tienen que ser m\u00e1s emp\u00e1ticos y estar en contacto con la realidad, del mexicano de a pie.<\/p>\n<p>Incluso, nuestra imagen internacional que se hab\u00eda visto afectada por los comentarios del\u00a0 presidente de Estados Unidos, mejor\u00f3 ante todo el mundo, pues las muestras de solidaridad y cooperaci\u00f3n entre nosotros redefini\u00f3 la imagen que se tiene de M\u00e9xico, demostramos de lo que estamos hechos y el apoyo internacional lleg\u00f3 de todas partes del mundo.<\/p>\n<p>En una semana logramos lo que no hab\u00edamos hecho en a\u00f1os, lo que no hab\u00edan logrado las generaciones pasadas, somos m\u00e1s exigentes con el manejo de la informaci\u00f3n que nos da el gobierno, somos m\u00e1s puntuales a la hora de seguir lo que hacen las autoridades.<\/p>\n<p>Este temblor nos sacudi\u00f3 a todos, para recordar \u201cel olvidado asombro de estar vivos\u201d, parafraseando al gran Octavio Paz.<\/p>\n<p>Lo que hemos logrado, no debe de terminar, pues la vida nos ense\u00f1\u00f3 que no estamos exentos de nada, a\u00fan escucho a las constructoras decir que la ciudad estaba lo suficientemente fuerte para aguantar los nuevos edificios, dejamos en el olvido lo que pas\u00f3 en 1985, la dura y cruel casualidad de que haya sido el mismo d\u00eda, pero 32 a\u00f1os despu\u00e9s, es un llamado a estar atentos, a no dar por hecho las cosas, por ejemplo en colonias, como la Roma, Condesa, Del Valle, los vecinos se est\u00e1n organizando para que las nuevas construcciones no rebasen los cuatro pisos.<\/p>\n<p>La gente ya record\u00f3 que las autoridades y los pol\u00edticos est\u00e1n para servirnos y estamos m\u00e1s listos que nunca para no esperarlos y tomar la acci\u00f3n nosotros mismos.<\/p>\n<p><a href=\"https:\/\/mobile.twitter.com\/fergarcilita\" target=\"_blank\" rel=\"noopener\"><em>@fergarcilita<\/em><\/a><\/p>\n","protected":false},"excerpt":{"rendered":"<p><span style=\"color: #005497;\"><strong>Fernando Garcilita Herrera<\/strong><\/span><\/p>\n","protected":false},"author":3,"featured_media":0,"comment_status":"open","ping_status":"open","sticky":false,"template":"","format":"standard","meta":{"_monsterinsights_skip_tracking":false,"_monsterinsights_sitenote_active":false,"_monsterinsights_sitenote_note":"","_monsterinsights_sitenote_category":0,"footnotes":""},"categories":[65772],"tags":[],"class_list":["post-345855","post","type-post","status-publish","format-standard","hentry","category-fernando-garcilita-herrera"],"_links":{"self":[{"href":"https:\/\/www.diarioimagen.net\/index.php?rest_route=\/wp\/v2\/posts\/345855","targetHints":{"allow":["GET"]}}],"collection":[{"href":"https:\/\/www.diarioimagen.net\/index.php?rest_route=\/wp\/v2\/posts"}],"about":[{"href":"https:\/\/www.diarioimagen.net\/index.php?rest_route=\/wp\/v2\/types\/post"}],"author":[{"embeddable":true,"href":"https:\/\/www.diarioimagen.net\/index.php?rest_route=\/wp\/v2\/users\/3"}],"replies":[{"embeddable":true,"href":"https:\/\/www.diarioimagen.net\/index.php?rest_route=%2Fwp%2Fv2%2Fcomments&post=345855"}],"version-history":[{"count":0,"href":"https:\/\/www.diarioimagen.net\/index.php?rest_route=\/wp\/v2\/posts\/345855\/revisions"}],"wp:attachment":[{"href":"https:\/\/www.diarioimagen.net\/index.php?rest_route=%2Fwp%2Fv2%2Fmedia&parent=345855"}],"wp:term":[{"taxonomy":"category","embeddable":true,"href":"https:\/\/www.diarioimagen.net\/index.php?rest_route=%2Fwp%2Fv2%2Fcategories&post=345855"},{"taxonomy":"post_tag","embeddable":true,"href":"https:\/\/www.diarioimagen.net\/index.php?rest_route=%2Fwp%2Fv2%2Ftags&post=345855"}],"curies":[{"name":"wp","href":"https:\/\/api.w.org\/{rel}","templated":true}]}}