{"id":345930,"date":"2017-09-28T00:07:44","date_gmt":"2017-09-28T05:07:44","guid":{"rendered":"http:\/\/www.diarioimagen.net\/?p=345930"},"modified":"2017-09-28T23:34:41","modified_gmt":"2017-09-29T04:34:41","slug":"otras-3-mil-400-escuelas-reabren-sus-puertas-en-el-edomex","status":"publish","type":"post","link":"https:\/\/www.diarioimagen.net\/?p=345930","title":{"rendered":"Reabren sus puertas otras mil 172 escuelas en el Edomex"},"content":{"rendered":"<ul>\n<li><strong><em>Van 3 mil 427 los planteles mexiquenses que han reiniciado clases<\/em><\/strong><\/li>\n<\/ul>\n<p>&nbsp;<\/p>\n<div id=\"attachment_345931\" style=\"width: 470px\" class=\"wp-caption aligncenter\"><img loading=\"lazy\" decoding=\"async\" aria-describedby=\"caption-attachment-345931\" class=\"size-large wp-image-345931\" src=\"http:\/\/www.diarioimagen.net\/wp-content\/uploads\/2017\/09\/ESCUELAS28-portal-460x268.jpg\" alt=\"\" width=\"460\" height=\"268\" srcset=\"https:\/\/www.diarioimagen.net\/wp-content\/uploads\/2017\/09\/ESCUELAS28-portal-460x268.jpg 460w, https:\/\/www.diarioimagen.net\/wp-content\/uploads\/2017\/09\/ESCUELAS28-portal-240x140.jpg 240w, https:\/\/www.diarioimagen.net\/wp-content\/uploads\/2017\/09\/ESCUELAS28-portal.jpg 480w\" sizes=\"auto, (max-width: 460px) 100vw, 460px\" \/><p id=\"caption-attachment-345931\" class=\"wp-caption-text\">Este mi\u00e9rcoles reiniciaron actividades escolares mil 172 planteles educativos m\u00e1s en el Estado de M\u00e9xico.<\/p><\/div>\n<p><strong>Toluca, Estado de M\u00e9xico<\/strong>.- El gobierno del Estado de M\u00e9xico informa que ayer mi\u00e9rcoles retomaron actividades escolares mil 172 planteles educativos m\u00e1s, con lo cual suman 3 mil 427 escuelas mexiquenses que han reabierto sus puertas a la comunidad estudiantil, luego del sismo del pasado 19 de septiembre.<\/p>\n<p>Estas escuelas ya cuentan con un dictamen de Protecci\u00f3n Civil o del Instituto Mexiquense de Infraestructura F\u00edsica Educativa (IMIFE), que garantiza que los ni\u00f1os y j\u00f3venes mexiquenses tomen clases en lugares seguros.<\/p>\n<p>De los mil 172 planteles que reiniciaron actividades este mi\u00e9rcoles, mil 001 son escuelas p\u00fablicas. Reiniciaron tambi\u00e9n actividades las primeras 171 escuelas privadas. La lista de escuelas se encuentra en la p\u00e1gina: http:\/\/consultaescuela.edugem.gob.mx<\/p>\n<p>En la entidad los alumnos regresar\u00e1n a clases de manera escalonada, ya que contin\u00faan las revisiones estructurales en las escuelas de todos los niveles; esto, debido a que en el Estado de M\u00e9xico 3 mil 388 planteles educativos sufrieron da\u00f1os en su estructura, de los cuales mil 35 son afectaciones menores; mil 899 intermedios y 464 est\u00e1n inoperables.<\/p>\n<p>&nbsp;<\/p>\n<p>&nbsp;<\/p>\n","protected":false},"excerpt":{"rendered":"<p>El Gobierno del Estado de M\u00e9xico informa que este mi\u00e9rcoles 27 de septiembre retomaron actividades escolares mil 172 planteles educativos m\u00e1s, con lo cual suman 3 mil 427 escuelas mexiquenses que han reabierto sus puertas a la comunidad estudiantil, luego del sismo del 19 de septiembre.<\/p>\n","protected":false},"author":5,"featured_media":345931,"comment_status":"open","ping_status":"open","sticky":false,"template":"","format":"standard","meta":{"_monsterinsights_skip_tracking":false,"_monsterinsights_sitenote_active":false,"_monsterinsights_sitenote_note":"","_monsterinsights_sitenote_category":0,"footnotes":""},"categories":[5],"tags":[65868,68,43675,65869,65870,452],"class_list":["post-345930","post","type-post","status-publish","format-standard","has-post-thumbnail","hentry","category-estado-de-mexico","tag-3-mil-400-escuelas","tag-edomex","tag-estado-de-mexico","tag-imife","tag-reabren-sus-puertas","tag-toluca"],"_links":{"self":[{"href":"https:\/\/www.diarioimagen.net\/index.php?rest_route=\/wp\/v2\/posts\/345930","targetHints":{"allow":["GET"]}}],"collection":[{"href":"https:\/\/www.diarioimagen.net\/index.php?rest_route=\/wp\/v2\/posts"}],"about":[{"href":"https:\/\/www.diarioimagen.net\/index.php?rest_route=\/wp\/v2\/types\/post"}],"author":[{"embeddable":true,"href":"https:\/\/www.diarioimagen.net\/index.php?rest_route=\/wp\/v2\/users\/5"}],"replies":[{"embeddable":true,"href":"https:\/\/www.diarioimagen.net\/index.php?rest_route=%2Fwp%2Fv2%2Fcomments&post=345930"}],"version-history":[{"count":0,"href":"https:\/\/www.diarioimagen.net\/index.php?rest_route=\/wp\/v2\/posts\/345930\/revisions"}],"wp:featuredmedia":[{"embeddable":true,"href":"https:\/\/www.diarioimagen.net\/index.php?rest_route=\/wp\/v2\/media\/345931"}],"wp:attachment":[{"href":"https:\/\/www.diarioimagen.net\/index.php?rest_route=%2Fwp%2Fv2%2Fmedia&parent=345930"}],"wp:term":[{"taxonomy":"category","embeddable":true,"href":"https:\/\/www.diarioimagen.net\/index.php?rest_route=%2Fwp%2Fv2%2Fcategories&post=345930"},{"taxonomy":"post_tag","embeddable":true,"href":"https:\/\/www.diarioimagen.net\/index.php?rest_route=%2Fwp%2Fv2%2Ftags&post=345930"}],"curies":[{"name":"wp","href":"https:\/\/api.w.org\/{rel}","templated":true}]}}