{"id":345933,"date":"2017-09-28T00:08:14","date_gmt":"2017-09-28T05:08:14","guid":{"rendered":"http:\/\/www.diarioimagen.net\/?p=345933"},"modified":"2017-09-28T01:36:50","modified_gmt":"2017-09-28T06:36:50","slug":"comercios-en-cdmx-operan-casi-al-100-tras-el-sismo","status":"publish","type":"post","link":"https:\/\/www.diarioimagen.net\/?p=345933","title":{"rendered":"Comercio capitalino opera casi al 100%, tras el terremoto"},"content":{"rendered":"<ul>\n<li><em><strong>Reactivaci\u00f3n econ\u00f3mica tras el sismo<\/strong><\/em><\/li>\n<\/ul>\n<p>&nbsp;<\/p>\n<div id=\"attachment_345934\" style=\"width: 470px\" class=\"wp-caption aligncenter\"><img loading=\"lazy\" decoding=\"async\" aria-describedby=\"caption-attachment-345934\" class=\"size-large wp-image-345934\" src=\"http:\/\/www.diarioimagen.net\/wp-content\/uploads\/2017\/09\/COMERCIOS28-PORTAL-460x268.jpg\" alt=\"\" width=\"460\" height=\"268\" srcset=\"https:\/\/www.diarioimagen.net\/wp-content\/uploads\/2017\/09\/COMERCIOS28-PORTAL-460x268.jpg 460w, https:\/\/www.diarioimagen.net\/wp-content\/uploads\/2017\/09\/COMERCIOS28-PORTAL-240x140.jpg 240w, https:\/\/www.diarioimagen.net\/wp-content\/uploads\/2017\/09\/COMERCIOS28-PORTAL.jpg 480w\" sizes=\"auto, (max-width: 460px) 100vw, 460px\" \/><p id=\"caption-attachment-345934\" class=\"wp-caption-text\">A m\u00e1s de una semana del terremoto, alrededor del 98 por ciento de los negocios de la Ciudad de M\u00e9xico opera con normalidad.<\/p><\/div>\n<p>&nbsp;<\/p>\n<p>La actividad econ\u00f3mica en la Ciudad de M\u00e9xico no se detuvo, pues alrededor del 98 por ciento de los negocios de esta capital opera con normalidad, resultado de las compras para apoyar a las personas afectadas por los sismos del 7 y 19 de septiembre pasados.<\/p>\n<p>Luego de inaugurar la Cumbre Empresarial Ciudad de M\u00e9xico, en las instalaciones de Expo Reforma, el presidente de la Canaco, Humberto Lozano Avil\u00e9s, dijo que \u201cla totalidad de los negocios abiertos regresa a la normalidad\u201d.<\/p>\n<p>Sin embargo, el dirigente de la C\u00e1mara de Comercio, Servicios y Turismo de la Ciudad de M\u00e9xico (Canaco) destac\u00f3 que la actividad econ\u00f3mica a\u00fan no vuelve a su ritmo registrado a inicios de septiembre, pues ahora alcanza el 70 por ciento.<\/p>\n<p>Pese a esta situaci\u00f3n, derivada del sismo de 7.1 grados, que gener\u00f3 el desplome de m\u00e1s de 45 edificios en la capital, confi\u00f3 en que la cifras no resulten negativas en los pr\u00f3ximos reportes emitidos por las autoridades correspondientes.<\/p>\n<p>Explic\u00f3 que lo anterior podr\u00eda ser resultado de la los efectos y la solidaridad de la sociedad para comprar alimentos, agua, medicinas, ropa e incluso libros para donar a las personas damnificadas, tanto del fen\u00f3meno natural del pasado 7 de septiembre como del d\u00eda 19.<\/p>\n","protected":false},"excerpt":{"rendered":"<p>La actividad econ\u00f3mica en la Ciudad de M\u00e9xico no se detuvo, pues alrededor del 98 por ciento de los negocios de esta capital opera con normalidad, resultado de las compras para apoyar a las personas afectadas por los sismos del 7 y 19 de septiembre pasados.<\/p>\n","protected":false},"author":5,"featured_media":345934,"comment_status":"open","ping_status":"open","sticky":false,"template":"","format":"standard","meta":{"_monsterinsights_skip_tracking":false,"_monsterinsights_sitenote_active":false,"_monsterinsights_sitenote_note":"","_monsterinsights_sitenote_category":0,"footnotes":""},"categories":[6],"tags":[1499,34444,204,11553,65259,65871,677,643],"class_list":["post-345933","post","type-post","status-publish","format-standard","has-post-thumbnail","hentry","category-cd-de-mexico","tag-canaco","tag-cdmx","tag-ciudad-de-mexico","tag-economica","tag-expo-reforma","tag-humberto-lozano-aviles","tag-sismo","tag-terremoto"],"_links":{"self":[{"href":"https:\/\/www.diarioimagen.net\/index.php?rest_route=\/wp\/v2\/posts\/345933","targetHints":{"allow":["GET"]}}],"collection":[{"href":"https:\/\/www.diarioimagen.net\/index.php?rest_route=\/wp\/v2\/posts"}],"about":[{"href":"https:\/\/www.diarioimagen.net\/index.php?rest_route=\/wp\/v2\/types\/post"}],"author":[{"embeddable":true,"href":"https:\/\/www.diarioimagen.net\/index.php?rest_route=\/wp\/v2\/users\/5"}],"replies":[{"embeddable":true,"href":"https:\/\/www.diarioimagen.net\/index.php?rest_route=%2Fwp%2Fv2%2Fcomments&post=345933"}],"version-history":[{"count":0,"href":"https:\/\/www.diarioimagen.net\/index.php?rest_route=\/wp\/v2\/posts\/345933\/revisions"}],"wp:featuredmedia":[{"embeddable":true,"href":"https:\/\/www.diarioimagen.net\/index.php?rest_route=\/wp\/v2\/media\/345934"}],"wp:attachment":[{"href":"https:\/\/www.diarioimagen.net\/index.php?rest_route=%2Fwp%2Fv2%2Fmedia&parent=345933"}],"wp:term":[{"taxonomy":"category","embeddable":true,"href":"https:\/\/www.diarioimagen.net\/index.php?rest_route=%2Fwp%2Fv2%2Fcategories&post=345933"},{"taxonomy":"post_tag","embeddable":true,"href":"https:\/\/www.diarioimagen.net\/index.php?rest_route=%2Fwp%2Fv2%2Ftags&post=345933"}],"curies":[{"name":"wp","href":"https:\/\/api.w.org\/{rel}","templated":true}]}}