{"id":346042,"date":"2017-09-28T00:11:06","date_gmt":"2017-09-28T05:11:06","guid":{"rendered":"http:\/\/www.diarioimagen.net\/?p=346042"},"modified":"2017-09-28T08:38:06","modified_gmt":"2017-09-28T13:38:06","slug":"liderado-por-anaya-el-frente-pan-prd-mc-sabotea-ayuda","status":"publish","type":"post","link":"https:\/\/www.diarioimagen.net\/?p=346042","title":{"rendered":"Liderado por Anaya, el Frente PAN-PRD-MC sabotea ayuda"},"content":{"rendered":"<h2>Tras la puerta del poder<\/h2>\n<h5>Roberto Vizca\u00edno<\/h5>\n<p>&nbsp;<\/p>\n<div id=\"attachment_346117\" style=\"width: 470px\" class=\"wp-caption aligncenter\"><a href=\"http:\/\/www.diarioimagen.net\/?attachment_id=346117\" rel=\"attachment wp-att-346117\"><img loading=\"lazy\" decoding=\"async\" aria-describedby=\"caption-attachment-346117\" class=\"size-large wp-image-346117\" src=\"http:\/\/www.diarioimagen.net\/wp-content\/uploads\/2017\/09\/atencion-ciudadana-LUIS-XAVIER-3217-460x348.jpg\" alt=\"\" width=\"460\" height=\"348\" srcset=\"https:\/\/www.diarioimagen.net\/wp-content\/uploads\/2017\/09\/atencion-ciudadana-LUIS-XAVIER-3217-460x348.jpg 460w, https:\/\/www.diarioimagen.net\/wp-content\/uploads\/2017\/09\/atencion-ciudadana-LUIS-XAVIER-3217-240x182.jpg 240w, https:\/\/www.diarioimagen.net\/wp-content\/uploads\/2017\/09\/atencion-ciudadana-LUIS-XAVIER-3217-768x581.jpg 768w, https:\/\/www.diarioimagen.net\/wp-content\/uploads\/2017\/09\/atencion-ciudadana-LUIS-XAVIER-3217.jpg 1200w\" sizes=\"auto, (max-width: 460px) 100vw, 460px\" \/><\/a><p id=\"caption-attachment-346117\" class=\"wp-caption-text\">Atenci\u00f3n ciudadana&#8230; | Luis Xavier<\/p><\/div>\n<p>&nbsp;<\/p>\n<p>O aceptan la nuestra, o no aprobamos la suya, advirti\u00f3 ayer Marko Cort\u00e9s al se\u00f1alar que los diputados y senadores del Frente PAN-PRD-MC s\u00f3lo aceptar\u00e1n aprobar su iniciativa de recorte y austeridad que supone reencauzar 60 mil millones del gasto federal a la ayuda de damnificados y a la reconstrucci\u00f3n nacional.<\/p>\n<p>Los del Frente saben bien que no tienen la mayor\u00eda ni en la C\u00e1mara de Senadores ni en la de Diputados para aprobar su muy farragosa e inviable propuesta que pretende recortar a decenas de miles de bur\u00f3cratas y gastos de los poderes Ejecutivo, Legislativo y Judicial para alcanzar su muy atractiva y medi\u00e1tica cifra de ahorro de 60 mil millones de pesos.<\/p>\n<p>Pero tambi\u00e9n saben que con sus bancadas pueden impedir que el PRI y sus aliados saquen adelante la iniciativa para eliminar a pluris y s\u00f3lo eliminar los presupuestos p\u00fablicos a los partidos pol\u00edticos que dejar\u00eda un ahorro de s\u00f3lo 20 mil millones de pesos anuales.<\/p>\n<p>\u201cNosotros vamos por un plan integral: reducci\u00f3n en el gasto del gobierno federal\u2026 del Poder Ejecutivo, del Poder Judicial y del Poder Legislativo y por la eliminaci\u00f3n del gasto p\u00fablico de los partidos pol\u00edticos\u201d, resumi\u00f3 Marko Cort\u00e9s.<\/p>\n<p>Interrogado sobre cu\u00e1l entonces ser\u00eda la postura de los legisladores del llamado Frente Ciudadano por M\u00e9xico si los diputados y senadores del PRI y sus aliados rechazan o se niegan a aprobar la propuesta del PAN-PRD-MC, Cort\u00e9s dijo:<\/p>\n<p>\u201cPedir\u00edamos a los ciudadanos le exijan al PRI-gobierno que le entre a la propuesta del Frente Ciudadano por M\u00e9xico\u201d.<\/p>\n<p>El coordinador de la fracci\u00f3n del PAN en San L\u00e1zaro y presidente de la Junta de Coordinaci\u00f3n Pol\u00edtica de la C\u00e1mara baja, insisti\u00f3:<\/p>\n<p>\u201c\u2026 vamos por la aprobaci\u00f3n de nuestra propuesta\u201d.<\/p>\n<p>Y en ese tr\u00e1nsito no se contempla siquiera debatir o negociar la propuesta del PRI que es m\u00e1s simple y directa y no requiere de mayores reformas a la Constituci\u00f3n.<\/p>\n<p>Para el Frente, insisti\u00f3 Mako Cort\u00e9s, s\u00f3lo hay una alternativa: recortar gastos de los presupuestos de los poderes Ejecutivo, Legislativo y Judicial.<\/p>\n<p>Y dentro de este esquema, ir a una reducci\u00f3n sustancial en los gastos administrativos del gobierno federal, especialmente los de la Presidencia.<\/p>\n<p>Eso s\u00ed requerir\u00eda de la reforma de decenas de art\u00edculos constitucionales y de leyes y normas secundarias.<\/p>\n<p>Lo que proponen los partidos del Frente, PAN-PRD y MC es cero gasto a publicidad gubernamental &#8211;con excepciones en turismo, protecci\u00f3n civil y seguridad&#8211;, y el despido de todos los bur\u00f3cratas contratados por honorarios, una depuraci\u00f3n de altos mandos del gobierno, cero vi\u00e1ticos, cero gastos de representaci\u00f3n, gasolinas, y cero pago de tel\u00e9fonos celulares de los altos mandos en el Poder Ejecutivo, Judicial y Legislativo.<\/p>\n<p>En buen espa\u00f1ol: lo que quiere el Frente es meter al PRI y al resto de las fuerzas pol\u00edticas en un sinuoso y largo camino de reformas que al final terminar\u00eda en un enredo legal y de reformas constitucionales que no garantizar\u00eda una ayuda inmediata a los afectados por los terremotos.<\/p>\n<p style=\"text-align: center;\"><strong>Ochoa insiste<\/strong><\/p>\n<p>Previamente el presidente del PRI, el doctor en econom\u00eda Enrique Ochoa Reza, hab\u00eda insistido que la propuesta de su partido es la de eliminar el gasto p\u00fablico destinado a todos los partidos pol\u00edticos.<\/p>\n<p>Y por supuesto la eliminaci\u00f3n de los senadores y diputados pluris.<\/p>\n<p style=\"text-align: center;\"><strong>Cambi\u00f3 todo<\/strong><\/p>\n<p>Quien advirti\u00f3 que los pol\u00edticos, sus partidos y los ciudadanos deben entender que los terremotos de septiembre cambiaron todo, fue el presidente de la C\u00e1mara de Diputados, el pri\u00edsta Jorge Carlos Ram\u00edrez Mar\u00edn, aspirante principal de su partido a la gubernatura de Yucat\u00e1n.<\/p>\n<p>La enorme tragedia que vive hoy M\u00e9xico, advirti\u00f3 ayer, hace inviable continuar con el uso de art\u00edculos superficiales como un esquema de atracci\u00f3n de votantes en las campa\u00f1as electorales.<\/p>\n<p>\u201cBienvenida la idea de hacer administraciones m\u00e1s delgadas, pol\u00edticos m\u00e1s cercanos a los ciudadanos y menos aparato alrededor de la pol\u00edtica, creo que eso es indispensable\u201d, dijo.<\/p>\n<p>Consider\u00f3 que es \u201cabsolutamente viable\u201d ir a campa\u00f1as electorales menos costosas, en las cuales se privilegien los debates al tiempo que se disminuya sustancialmente el uso de spots.<\/p>\n<p>Reconoci\u00f3 que el PAN tiene una buena propuesta para eliminar art\u00edculos utilitarios como botes de basura, tortilleros, lonas, camisetas, gorras, etc\u00e9tera\u2026<\/p>\n<p>\u201cEn la propuesta de Morena, por ejemplo, hay la idea de reducir costos en materia de algunas cosas que son superficiales. Voy a poner el ejemplo de esta misma C\u00e1mara: \u00bfcu\u00e1ntas gacetas imprimimos, cu\u00e1ntas s\u00edntesis se imprimen, cu\u00e1ntos eventos realizamos, cu\u00e1ntos gastos de protocolo se realizan?<\/p>\n<p>Todo eso son cosas con las que se puede adelgazar la administraci\u00f3n perfectamente\u201d, agreg\u00f3.<\/p>\n<p>Dijo que para \u00e9l es bienvenido cualquier plan de austeridad, como el anunciado por las dirigencias del Frente Ciudadano por M\u00e9xico que busca generar un ahorro de 60 mil millones de pesos para destinarlos a la reconstrucci\u00f3n.<\/p>\n<p>Pero, coment\u00f3, esa propuesta se basa en \u201ccuentas alegres\u201d y decisiones peligrosas.<\/p>\n<p>\u201cEs verdaderamente peligroso pretender disminuir los gastos sin ton ni son, a lo parejo\u2026<\/p>\n<p>\u201c\u00bfLos disminuir\u00edamos para seguridad?, \u00bfreducir\u00edamos el n\u00famero de elementos de la Marina?, \u00bfestar\u00edan de acuerdo los gobernadores de los estados donde gobierna el PAN en que les reduj\u00e9ramos los elementos que hoy est\u00e1n haciendo lo que no han podido hacer sus polic\u00edas?<\/p>\n<p>No estoy tan seguro de que eso fuera posible\u201d, coment\u00f3.<\/p>\n<p>Ram\u00edrez Mar\u00edn indic\u00f3 que lo procedente hoy, es que todos los partidos cedan su presupuesto de este a\u00f1o: \u201cno les cuesta ning\u00fan trabajo\u201d, para tener, de entrada, una bolsa de mil millones de pesos que se destine a los damnificados.<\/p>\n<p>Y consider\u00f3 que la propuesta de reforma constitucional del PRI, para eliminar el financiamiento p\u00fablico a los partidos pol\u00edticos a partir de 2018, \u201ces un buen punto de partida\u201d.<\/p>\n<p>Eso permitir\u00eda tener una fiscalizaci\u00f3n m\u00e1s eficiente de los recursos que obtengan estos institutos y, adem\u00e1s, \u00e9stos se mantendr\u00edan por s\u00ed mismos, \u201cno le costar\u00e1n a los impuestos de los mexicanos, la pol\u00edtica ser\u00eda menos cara\u201d.<\/p>\n<p style=\"text-align: center;\"><strong>Pero sigue la guerra<\/strong><\/p>\n<p>En este contexto el dirigente nacional del PRI, Enrique Ochoa Reza, reiter\u00f3 ayer su exigencia de que Ricardo Anaya explique por qu\u00e9 fund\u00f3 el mecanismo de los moches en C\u00e1mara de Diputados cuando era coordinador de su fracci\u00f3n en la legislatura anterior.<\/p>\n<p>El presidente de la Comisi\u00f3n de Presupuesto de la C\u00e1mara de Diputados, el pri\u00edsta poblano Jorge Estefan Chidiac, llam\u00f3 a los dem\u00e1s grupos parlamentarios a sumarse a la propuesta del PRI para eliminar el Fondo de Fortalecimiento de la Infraestructura Estatal y Municipal (FORTALECE), que tra\u00eda para este a\u00f1o recursos por nueve mil 300 millones de pesos y que es conocido como \u201cel de los moches\u201d y fue fundado por el l\u00edder del PAN, Ricardo Anaya&#8230;<\/p>\n<p><em><a href=\"mailto:rvizcainoa@gmail.com\" target=\"_blank\" rel=\"noopener noreferrer\">rvizcainoa@gmail.com<\/a><\/em><br \/>\n<em><a href=\"http:\/\/www.endirecto.com.mx\/\" target=\"_blank\" rel=\"noopener noreferrer\">www.endirecto.com.mx<\/a><\/em><br \/>\n<em><a href=\"https:\/\/twitter.com\/_rvizcaino\" target=\"_blank\" rel=\"noopener noreferrer\">@_RVizcaino<\/a><\/em><br \/>\n<a href=\"https:\/\/www.facebook.com\/rvizcainoa\" target=\"_blank\" rel=\"noopener noreferrer\">f<em>acebook.com\/rvizcainoa<\/em><\/a><\/p>\n","protected":false},"excerpt":{"rendered":"<p><span style=\"color: #005497;\"><strong>Roberto Vizca\u00edno<\/strong><\/span><br \/>\n<br \/>\nO aceptan la nuestra, o no aprobamos la suya, advirti\u00f3 ayer Marko Cort\u00e9s al se\u00f1alar que los diputados y senadores del Frente PAN-PRD-MC s\u00f3lo aceptar\u00e1n aprobar su iniciativa de recorte y austeridad que supone reencauzar 60 mil millones del gasto federal a la ayuda de damnificados y a la reconstrucci\u00f3n nacional.<\/p>\n","protected":false},"author":3,"featured_media":346117,"comment_status":"open","ping_status":"open","sticky":false,"template":"","format":"standard","meta":{"_monsterinsights_skip_tracking":false,"_monsterinsights_sitenote_active":false,"_monsterinsights_sitenote_note":"","_monsterinsights_sitenote_category":0,"footnotes":""},"categories":[136],"tags":[43674,93,94],"class_list":["post-346042","post","type-post","status-publish","format-standard","has-post-thumbnail","hentry","category-roberto-vizcaino-opinion","tag-opinion","tag-roberto-vizcaino","tag-tras-la-puerta-del-poder"],"_links":{"self":[{"href":"https:\/\/www.diarioimagen.net\/index.php?rest_route=\/wp\/v2\/posts\/346042","targetHints":{"allow":["GET"]}}],"collection":[{"href":"https:\/\/www.diarioimagen.net\/index.php?rest_route=\/wp\/v2\/posts"}],"about":[{"href":"https:\/\/www.diarioimagen.net\/index.php?rest_route=\/wp\/v2\/types\/post"}],"author":[{"embeddable":true,"href":"https:\/\/www.diarioimagen.net\/index.php?rest_route=\/wp\/v2\/users\/3"}],"replies":[{"embeddable":true,"href":"https:\/\/www.diarioimagen.net\/index.php?rest_route=%2Fwp%2Fv2%2Fcomments&post=346042"}],"version-history":[{"count":0,"href":"https:\/\/www.diarioimagen.net\/index.php?rest_route=\/wp\/v2\/posts\/346042\/revisions"}],"wp:featuredmedia":[{"embeddable":true,"href":"https:\/\/www.diarioimagen.net\/index.php?rest_route=\/wp\/v2\/media\/346117"}],"wp:attachment":[{"href":"https:\/\/www.diarioimagen.net\/index.php?rest_route=%2Fwp%2Fv2%2Fmedia&parent=346042"}],"wp:term":[{"taxonomy":"category","embeddable":true,"href":"https:\/\/www.diarioimagen.net\/index.php?rest_route=%2Fwp%2Fv2%2Fcategories&post=346042"},{"taxonomy":"post_tag","embeddable":true,"href":"https:\/\/www.diarioimagen.net\/index.php?rest_route=%2Fwp%2Fv2%2Ftags&post=346042"}],"curies":[{"name":"wp","href":"https:\/\/api.w.org\/{rel}","templated":true}]}}