{"id":346122,"date":"2017-09-29T00:03:03","date_gmt":"2017-09-29T05:03:03","guid":{"rendered":"http:\/\/www.diarioimagen.net\/?p=346122"},"modified":"2017-10-01T22:27:01","modified_gmt":"2017-10-02T03:27:01","slug":"mas-de-4-mil-300-escuelas-regresaron-a-clases-en-el-edomex","status":"publish","type":"post","link":"https:\/\/www.diarioimagen.net\/?p=346122","title":{"rendered":"M\u00e1s de 4 mil 300 escuelas regresaron a clases en el Edomex"},"content":{"rendered":"<ul>\n<li><em><strong>Garantizan autoridades seguridad de alumnos<\/strong><\/em><\/li>\n<\/ul>\n<p>&nbsp;<\/p>\n<div id=\"attachment_346123\" style=\"width: 470px\" class=\"wp-caption aligncenter\"><img loading=\"lazy\" decoding=\"async\" aria-describedby=\"caption-attachment-346123\" class=\"size-large wp-image-346123\" src=\"http:\/\/www.diarioimagen.net\/wp-content\/uploads\/2017\/09\/CLASES29ok-PORTAL-460x268.jpg\" alt=\"\" width=\"460\" height=\"268\" srcset=\"https:\/\/www.diarioimagen.net\/wp-content\/uploads\/2017\/09\/CLASES29ok-PORTAL-460x268.jpg 460w, https:\/\/www.diarioimagen.net\/wp-content\/uploads\/2017\/09\/CLASES29ok-PORTAL-240x140.jpg 240w, https:\/\/www.diarioimagen.net\/wp-content\/uploads\/2017\/09\/CLASES29ok-PORTAL.jpg 480w\" sizes=\"auto, (max-width: 460px) 100vw, 460px\" \/><p id=\"caption-attachment-346123\" class=\"wp-caption-text\">Ya se reanudaron clases en 4 mil 325 escuelas en Edomex, es decir, el 25.5% del total de planteles.<\/p><\/div>\n<p>&nbsp;<\/p>\n<p><strong>Toluca, Estado de M\u00e9xico<\/strong>.- El Gobierno del Estado de M\u00e9xico informa que este jueves 28 de septiembre regresaron a clases un total de un mill\u00f3n 33 mil 845 alumnos, luego del sismo del 19 de septiembre.<\/p>\n<p>Por lo que reanudaron actividades 4 mil 325 escuelas, de las cuales, 3 mil 992 son p\u00fablicas; mientras que, 333 privadas reabren sus puertas, es decir, el 25.5% de los planteles del Estado de M\u00e9xico.<\/p>\n<p>Estas escuelas ya cuentan con el dictamen de Protecci\u00f3n Civil o del Instituto Mexiquense de Infraestructura F\u00edsica Educativa (IMIFE), que garantiza que los alumnos acudan a sus clases en espacios seguros. La lista actualizada se encuentra en la p\u00e1gina: http:\/\/consultaescuela.edugem.gob.mx<\/p>\n<p>En la entidad contin\u00faan las revisiones estructurales en las escuelas de todos los niveles, por lo tanto los alumnos regresar\u00e1n a clases de manera paulatina, ya que 3 mil 388 planteles educativos sufrieron da\u00f1os a consecuencia del temblor, de los cuales mil 35 tienen da\u00f1os menores; mil 899 intermedios y 464 registran da\u00f1os graves en su infraestructura.<\/p>\n","protected":false},"excerpt":{"rendered":"<p>El Gobierno del Estado de M\u00e9xico informa que este jueves 28 de septiembre regresaron a clases un total de un mill\u00f3n 33 mil 845 alumnos, luego del sismo del 19 de septiembre.<\/p>\n","protected":false},"author":5,"featured_media":346123,"comment_status":"open","ping_status":"open","sticky":false,"template":"","format":"standard","meta":{"_monsterinsights_skip_tracking":false,"_monsterinsights_sitenote_active":false,"_monsterinsights_sitenote_note":"","_monsterinsights_sitenote_category":0,"footnotes":""},"categories":[5],"tags":[65914,43675,65913,65915,452],"class_list":["post-346122","post","type-post","status-publish","format-standard","has-post-thumbnail","hentry","category-estado-de-mexico","tag-4-mil-300-escuelas","tag-estado-de-mexico","tag-regresaron-a-clases","tag-seguridad-de-alumnos","tag-toluca"],"_links":{"self":[{"href":"https:\/\/www.diarioimagen.net\/index.php?rest_route=\/wp\/v2\/posts\/346122","targetHints":{"allow":["GET"]}}],"collection":[{"href":"https:\/\/www.diarioimagen.net\/index.php?rest_route=\/wp\/v2\/posts"}],"about":[{"href":"https:\/\/www.diarioimagen.net\/index.php?rest_route=\/wp\/v2\/types\/post"}],"author":[{"embeddable":true,"href":"https:\/\/www.diarioimagen.net\/index.php?rest_route=\/wp\/v2\/users\/5"}],"replies":[{"embeddable":true,"href":"https:\/\/www.diarioimagen.net\/index.php?rest_route=%2Fwp%2Fv2%2Fcomments&post=346122"}],"version-history":[{"count":0,"href":"https:\/\/www.diarioimagen.net\/index.php?rest_route=\/wp\/v2\/posts\/346122\/revisions"}],"wp:featuredmedia":[{"embeddable":true,"href":"https:\/\/www.diarioimagen.net\/index.php?rest_route=\/wp\/v2\/media\/346123"}],"wp:attachment":[{"href":"https:\/\/www.diarioimagen.net\/index.php?rest_route=%2Fwp%2Fv2%2Fmedia&parent=346122"}],"wp:term":[{"taxonomy":"category","embeddable":true,"href":"https:\/\/www.diarioimagen.net\/index.php?rest_route=%2Fwp%2Fv2%2Fcategories&post=346122"},{"taxonomy":"post_tag","embeddable":true,"href":"https:\/\/www.diarioimagen.net\/index.php?rest_route=%2Fwp%2Fv2%2Ftags&post=346122"}],"curies":[{"name":"wp","href":"https:\/\/api.w.org\/{rel}","templated":true}]}}