{"id":346131,"date":"2017-09-29T00:04:40","date_gmt":"2017-09-29T05:04:40","guid":{"rendered":"http:\/\/www.diarioimagen.net\/?p=346131"},"modified":"2017-10-01T22:27:07","modified_gmt":"2017-10-02T03:27:07","slug":"podria-haber-alza-en-productos-por-sismos-banxico","status":"publish","type":"post","link":"https:\/\/www.diarioimagen.net\/?p=346131","title":{"rendered":"Podr\u00eda haber aumentos en productos, advierte Banxico"},"content":{"rendered":"<ul>\n<li><em><strong>Ajustes en el corto plazo<\/strong><\/em><\/li>\n<\/ul>\n<p>&nbsp;<\/p>\n<div id=\"attachment_346132\" style=\"width: 470px\" class=\"wp-caption aligncenter\"><img loading=\"lazy\" decoding=\"async\" aria-describedby=\"caption-attachment-346132\" class=\"size-large wp-image-346132\" src=\"http:\/\/www.diarioimagen.net\/wp-content\/uploads\/2017\/09\/INFLACION29-PORTAL-460x268.jpg\" alt=\"\" width=\"460\" height=\"268\" srcset=\"https:\/\/www.diarioimagen.net\/wp-content\/uploads\/2017\/09\/INFLACION29-PORTAL-460x268.jpg 460w, https:\/\/www.diarioimagen.net\/wp-content\/uploads\/2017\/09\/INFLACION29-PORTAL-240x140.jpg 240w, https:\/\/www.diarioimagen.net\/wp-content\/uploads\/2017\/09\/INFLACION29-PORTAL.jpg 480w\" sizes=\"auto, (max-width: 460px) 100vw, 460px\" \/><p id=\"caption-attachment-346132\" class=\"wp-caption-text\">Banxico advierte que podr\u00eda haber problemas de abasto en algunos productos e incremento de precios, por los sismos.<\/p><\/div>\n<p>&nbsp;<\/p>\n<p>La Junta de Gobierno del Banco de M\u00e9xico (Banxico) advierte que podr\u00eda haber problemas de abasto en algunos productos e incremento de precios en el corto plazo por los recientes sismos.<\/p>\n<p>Al dar a conocer su decisi\u00f3n de mantener sin cambio su tasa de inter\u00e9s de referencia en 7 por ciento, Banxico anunci\u00f3 que podr\u00edan tambi\u00e9n aparecer algunos problemas de abasto o de incremento de precios en algunos productos, los cuales ser\u00edan temporales de corto plazo.<\/p>\n<p>\u201cEn las \u00faltimas semanas, M\u00e9xico sufri\u00f3 dos terremotos de gran magnitud y varios huracanes, afectando significativamente a m\u00faltiples comunidades y ciudades, con lamentables p\u00e9rdidas humanas. Si bien hasta el momento no se cuenta con suficiente informaci\u00f3n, se estima que los efectos de estos acontecimientos sobre la actividad econ\u00f3mica y la inflaci\u00f3n ser\u00e1n temporales y moderados\u201d.<\/p>\n<p>Dada la actual postura de pol\u00edtica monetaria, el balance de riesgos para la inflaci\u00f3n podr\u00eda haberse deteriorado con respecto al reportado en el comunicado anterior.<\/p>\n<p>Agreg\u00f3 que al considerar que las condiciones en el mercado laboral han venido estrech\u00e1ndose, la evoluci\u00f3n de los costos unitarios de la mano de obra podr\u00eda empezar a impactar la inflaci\u00f3n.<\/p>\n<p>En la primera quincena de septiembre la inflaci\u00f3n mostr\u00f3 una reducci\u00f3n respecto de agosto, al pasar de un nivel de 6.66 por ciento a 6.53 por ciento.<\/p>\n<p>La inflaci\u00f3n subyacente tambi\u00e9n disminuy\u00f3 de un nivel de 5.00 por ciento en agosto a 4.90 por ciento en la referida quincena.<\/p>\n","protected":false},"excerpt":{"rendered":"<p>La Junta de Gobierno del Banco de M\u00e9xico (Banxico) advierte que podr\u00eda haber problemas de abasto en algunos productos e incremento de precios en el corto plazo por los recientes sismos.<\/p>\n","protected":false},"author":5,"featured_media":346132,"comment_status":"open","ping_status":"open","sticky":false,"template":"","format":"standard","meta":{"_monsterinsights_skip_tracking":false,"_monsterinsights_sitenote_active":false,"_monsterinsights_sitenote_note":"","_monsterinsights_sitenote_category":0,"footnotes":""},"categories":[8],"tags":[65938,65919,16997,65937,1519,18043],"class_list":["post-346131","post","type-post","status-publish","format-standard","has-post-thumbnail","hentry","category-finanzas","tag-advierte","tag-alza-en-productos","tag-aumento","tag-banixco","tag-banxico","tag-sismos"],"_links":{"self":[{"href":"https:\/\/www.diarioimagen.net\/index.php?rest_route=\/wp\/v2\/posts\/346131","targetHints":{"allow":["GET"]}}],"collection":[{"href":"https:\/\/www.diarioimagen.net\/index.php?rest_route=\/wp\/v2\/posts"}],"about":[{"href":"https:\/\/www.diarioimagen.net\/index.php?rest_route=\/wp\/v2\/types\/post"}],"author":[{"embeddable":true,"href":"https:\/\/www.diarioimagen.net\/index.php?rest_route=\/wp\/v2\/users\/5"}],"replies":[{"embeddable":true,"href":"https:\/\/www.diarioimagen.net\/index.php?rest_route=%2Fwp%2Fv2%2Fcomments&post=346131"}],"version-history":[{"count":0,"href":"https:\/\/www.diarioimagen.net\/index.php?rest_route=\/wp\/v2\/posts\/346131\/revisions"}],"wp:featuredmedia":[{"embeddable":true,"href":"https:\/\/www.diarioimagen.net\/index.php?rest_route=\/wp\/v2\/media\/346132"}],"wp:attachment":[{"href":"https:\/\/www.diarioimagen.net\/index.php?rest_route=%2Fwp%2Fv2%2Fmedia&parent=346131"}],"wp:term":[{"taxonomy":"category","embeddable":true,"href":"https:\/\/www.diarioimagen.net\/index.php?rest_route=%2Fwp%2Fv2%2Fcategories&post=346131"},{"taxonomy":"post_tag","embeddable":true,"href":"https:\/\/www.diarioimagen.net\/index.php?rest_route=%2Fwp%2Fv2%2Ftags&post=346131"}],"curies":[{"name":"wp","href":"https:\/\/api.w.org\/{rel}","templated":true}]}}