{"id":346216,"date":"2017-09-29T00:01:14","date_gmt":"2017-09-29T05:01:14","guid":{"rendered":"http:\/\/www.diarioimagen.net\/?p=346216"},"modified":"2017-09-29T02:44:50","modified_gmt":"2017-09-29T07:44:50","slug":"secretarios-del-gobierno-estatal-se-burlan-de-los-quintanarroenses","status":"publish","type":"post","link":"https:\/\/www.diarioimagen.net\/?p=346216","title":{"rendered":"Secretarios del gobierno estatal se burlan de los quintanarroenses"},"content":{"rendered":"<h2>Derecho de r\u00e9plica<\/h2>\n<h5>Yolanda Montalvo<\/h5>\n<p>&nbsp;<\/p>\n<p>Como un espect\u00e1culo aburrido ha resultado la comparecencia de los secretarios del gabinete estatal ante las comisiones de la XV Legislatura, pues aunque los diputados quer\u00edan armar el show de rendici\u00f3n de cuentas en grande, los funcionarios, como actores egresados del CEA de \u201c<em>Telerisa<\/em>\u201d, resultaron maletas, dan pena.<\/p>\n<p>Con algunos de los secretarios, los legisladores han tenido una actitud hasta complaciente, pues la mayor\u00eda de los funcionarios del gabinete ponen en diapositivas muy coloridas, como la gran labor del a\u00f1o, el realizar un an\u00e1lisis de lo mal que recibieron las dependencias y cu\u00e1les son sus <em>\u201csue\u00f1os y aspiraciones a lograr\u201c, <\/em>pero de resultados, nada.<\/p>\n<p style=\"text-align: center;\"><strong>\u00a0La misma agua<\/strong><\/p>\n<p>\u00a0Ah\u00ed tiene el caso del director de Capa, Gerardo Mora Vallejo, quien compareci\u00f3 ante los diputados, s\u00f3lo para decir que la misma agua que se provee a siete municipios del estado es la misma que la que se suministr\u00f3 durante el sexenio de Roberto Borge.<\/p>\n<p>Le recuerdo que hace un a\u00f1o, la diputada perredista, Luz Mar\u00eda Berist\u00e1in, mand\u00f3 realizar an\u00e1lisis al agua, los cuales indicaron el alto contenido de sal, metales y otras sustancias nocivas para el organismo, incluso, heces fecales, e hizo que el entonces director de la Comisi\u00f3n de Agua Potable y Alcantarillado, Gustavo Guerrero Ortiz, se tragara un vaso de sus propios \u201ccaca\u2026huates\u201d.<\/p>\n<p>Empero, no existe ahora un tratamiento para que el agua sea m\u00e1s \u201cdelgada\u201d o contenga menos sales y sustancias, es la misma\u2026 lo que Gerardo Mora present\u00f3 como su gran logro, es que ya nadie se queja de lo insalubre del vital l\u00edquido. \u00a1Que no Mouse Mickey!<\/p>\n<p style=\"text-align: center;\"><strong>A favor de Aguakan<\/strong><\/p>\n<p>Seg\u00fan Gerardo Mora, ahora Aguakan, del puro coraje de que le quisieron quitar la concesi\u00f3n de agua y alcantarillado de Puerto Morelos, ya no les deposita el pago de la contraprestaci\u00f3n que asciende a 200 millones de pesos mensuales o el 10 por ciento de su facturaci\u00f3n si este monto supera la cuota base, por robar&#8230;no perd\u00f3n \u2026.por dotar del l\u00edquido a cuatro municipios de Quintana Roo, el pago lo realiza la trasnacional por medio de un juzgado de la Ciudad de M\u00e9xico.<\/p>\n<p>Sin embargo, o Aguakan le juega el dedo en la boca a Gerardo Mora o \u00e9ste se hace como el que la virgen le habla, pues sin variar cada mes la empresa, Desarrollos Hidr\u00e1ulicos de Canc\u00fan, deposita los 200 millones de pesos, pero el director de Capa no tiene ni idea de cu\u00e1l es la facturaci\u00f3n mensual de la concesionaria.<\/p>\n<p>Si Aguakan hace trampa en los montos de facturaci\u00f3n, y peor a\u00fan, no existe un \u00f3rgano que audite la veracidad de los valores que entran a la caja, entonces, hay una grave omisi\u00f3n que favorece y protege a Desarrollos Hidr\u00e1ulicos de Canc\u00fan, mientras los funcionarios hacen como \u201cque quieren fuera a la concesionaria\u201d, pero por otro lado le entierran un pu\u00f1al en la espalda al consumidor y no ejecutan un verdadero control sobre esa empresa.<\/p>\n<p style=\"text-align: center;\"><strong>El indefendible<\/strong><\/p>\n<p>\u00a0Contrario a lo sucedido con el perredista director de Capa, Gerardo Mora a quien su compa\u00f1era de partido Laura Berist\u00e1in, no se atrevi\u00f3 a darle a tomar un vaso del agua que distribuye, como lo hizo el a\u00f1o pasado con al anterior titular de la Capa, el que se nota que no tiene <em>compas<\/em> en el Congreso es del oficial mayor,\u00a0Manuel Alamilla Ceballos.<\/p>\n<p>El coso de la avenida Bah\u00eda de Chetumal vibr\u00f3 de emoci\u00f3n cuando los capotazos de Alamilla Ceballos no fueron suficientes para hacer frente a la embestida de los legisladores, tan mal preparado estaba el torero que lo sacaron de las orejas y le dieron cita para la pr\u00f3xima semana, con el fin de que prepare mejor su informe de la glosa, pues no convenci\u00f3 a nadie.<\/p>\n<p>La primera embestida le lleg\u00f3 por el lado de los despidos injustificados al inicio de la presente administraci\u00f3n, los diputados le pidieron explicara por qu\u00e9 hay doble n\u00f3mina de trabajadores del gobierno del estado \u00a1Sopas perico!; de esos asuntos, me dijo un pajarito tapat\u00edo, ni siquiera se encarga Alamilla Ceballos, pues tiene una \u201cempresa\u201d de Jalisco, que lleva el pago de n\u00f3mina, servicio que, por supuesto, causa honorarios a las arcas estatales.<\/p>\n<p style=\"text-align: center;\"><strong>Los renunci\u00f3<\/strong><\/p>\n<p>Manuel Alamilla Ceballos trat\u00f3 de defenderse ante los diputados, pues asegur\u00f3 que los trabajadores no los corri\u00f3, sino que renunciaron a montones (s\u00ed, tu Chucha, \u00a1c\u00f3mo no!) argumento que desecharon los legisladores por absurdo, es il\u00f3gico que en Chetumal, un trabajador del gobierno renuncie a su chamba, pues no hay en que trabajar en la capital.<\/p>\n<p style=\"text-align: center;\"><strong>\u00bfY los uniformes <em>ap\u00e1<\/em>?<\/strong><\/p>\n<p>El <em>torero<\/em>, Manuel Alamilla Ceballos, ya nada pudo hacer contra el toro bravo en que se le convirti\u00f3 el caso de los uniformes escolares, pues es fecha que la empresa Comercializadora Adicon SA de CV debe a\u00fan el 48% de los uniformes que les encarg\u00f3 hacer, por m\u00e1s de 104 millones de pesos.<\/p>\n<p>Peor a\u00fan, en lugar de rescindir el contrato por incumplimiento, Alamilla Ceballos les dio una pr\u00f3rroga, para que los entreguen en noviembre, mientras la fecha compromiso era el 30 de agosto pasado. Bueno, hasta el temblor ocurrido en el centro del pa\u00eds fue pretexto para justificar su error, pues asegur\u00f3 que si la empresa poblana no pudo entregar los uniformes al inicio del ciclo escolar, fue por el sismo que ocurri\u00f3 despu\u00e9s\u2026ya mejor que as\u00ed lo deje.<\/p>\n<p style=\"text-align: center;\"><strong>Conjuntivitis y desinformaci\u00f3n, dos plagas<\/strong><\/p>\n<p>Junto al incontenible contagio de conjuntivitis que sufre el estado, los rumores y desinformaci\u00f3n se apoderan de los quintanarroenses. Lo que es una realidad es que la bacteria que provoca ese padecimiento es de alto grado de contagio y que el lavado de manos es fundamental para combatirlo.<\/p>\n<p>Seg\u00fan autoridades escolares, 325 alumnos de educaci\u00f3n b\u00e1sica han faltado a clases en este periodo de brote de conjuntivitis. Unas 300 incapacidades diarias en unidades del IMSS a trabajadores por esta misma causa, se dan a diario y quien ha tenido conjuntivitis afirma que no hay en las unidades de salud la medicina para combatirla, que incluso en farmacias especializadas es dif\u00edcil encontrar.<\/p>\n<p style=\"text-align: center;\"><strong>Una m\u00e1s a su cuenta<\/strong><\/p>\n<p>El caso se tom\u00f3 a la ligera en la Sesa de Alejandra Aguirre, pues se nota que la doctora no sabe nada de medicina preventiva; el a\u00f1o pasado, en estas mismas fechas, Quintana Roo fue uno de los tres estados m\u00e1s afectados por este contagio, pese a ello, Aguirre Crespo no plante\u00f3 a tiempo una estrategia de prevenci\u00f3n y control de casos.<\/p>\n<p>Pues si bien, se trata s\u00f3lo de un malestar ocular, la infecci\u00f3n es motivo de incapacidad laboral, por el riesgo de contagio; es la industria tur\u00edstica donde ha tenido que prescindir de cientos de trabajadores, con la p\u00e9rdida econ\u00f3mica que representa, pues no pueden permitir que los turistas regresen a su destino contagiados y con los ojos llenos de laga\u00f1as.<\/p>\n<p style=\"text-align: center;\"><strong>Que se dote de medicamentos<\/strong><\/p>\n<p>El diputado federal, Jos\u00e9 Luis \u201cChanito\u201d Toledo, desde la C\u00e1mara de Diputados, present\u00f3 un punto de acuerdo para exhortar a la Secretar\u00eda de Salud en el \u00e1mbito federal y dependencias competentes en Quintana Roo para reforzar las acciones de prevenci\u00f3n y\u00a0atender la conjuntivitis que se propaga r\u00e1pido en esta entidad.<\/p>\n<p>El legislador federal inform\u00f3 que en lo que va del presente a\u00f1o se han registrado 15 mil casos de este padecimiento en Quintana Roo y en el mes de septiembre ya se han reportado 3,600, cifra que se queda corta, pues muchos de esos enfermos son atendidos en <em>\u201cSimi\u201d.<\/em><\/p>\n<p>\u201cChanito\u201d urgi\u00f3 una pronta intervenci\u00f3n sanitaria que garantice el abasto de medicamentos para tratarla y evitar el ausentismo escolar y laboral que ahora prevalece. Tant\u00e1n.<\/p>\n<p>&nbsp;<\/p>\n<blockquote><p>Recibo informaci\u00f3n, comentarios, denuncias, r\u00e9plicas y balconeadas, etc. al mail: <em><a href=\"mailto:yolandamontalvoh@gmail.com\" target=\"_blank\" rel=\"noopener noreferrer\">yolandamontalvoh@gmail.com<\/a><\/em><\/p><\/blockquote>\n","protected":false},"excerpt":{"rendered":"<p><span style=\"color: #005497;\"><strong>Yolanda Montalvo<\/strong><\/span><\/p>\n","protected":false},"author":3,"featured_media":0,"comment_status":"open","ping_status":"open","sticky":false,"template":"","format":"standard","meta":{"_monsterinsights_skip_tracking":false,"_monsterinsights_sitenote_active":false,"_monsterinsights_sitenote_note":"","_monsterinsights_sitenote_category":0,"footnotes":""},"categories":[55237],"tags":[47840,43674,47841],"class_list":["post-346216","post","type-post","status-publish","format-standard","hentry","category-yolanda-montalvo","tag-derecho-de-replica","tag-opinion","tag-yolanda-montalvo"],"_links":{"self":[{"href":"https:\/\/www.diarioimagen.net\/index.php?rest_route=\/wp\/v2\/posts\/346216","targetHints":{"allow":["GET"]}}],"collection":[{"href":"https:\/\/www.diarioimagen.net\/index.php?rest_route=\/wp\/v2\/posts"}],"about":[{"href":"https:\/\/www.diarioimagen.net\/index.php?rest_route=\/wp\/v2\/types\/post"}],"author":[{"embeddable":true,"href":"https:\/\/www.diarioimagen.net\/index.php?rest_route=\/wp\/v2\/users\/3"}],"replies":[{"embeddable":true,"href":"https:\/\/www.diarioimagen.net\/index.php?rest_route=%2Fwp%2Fv2%2Fcomments&post=346216"}],"version-history":[{"count":0,"href":"https:\/\/www.diarioimagen.net\/index.php?rest_route=\/wp\/v2\/posts\/346216\/revisions"}],"wp:attachment":[{"href":"https:\/\/www.diarioimagen.net\/index.php?rest_route=%2Fwp%2Fv2%2Fmedia&parent=346216"}],"wp:term":[{"taxonomy":"category","embeddable":true,"href":"https:\/\/www.diarioimagen.net\/index.php?rest_route=%2Fwp%2Fv2%2Fcategories&post=346216"},{"taxonomy":"post_tag","embeddable":true,"href":"https:\/\/www.diarioimagen.net\/index.php?rest_route=%2Fwp%2Fv2%2Ftags&post=346216"}],"curies":[{"name":"wp","href":"https:\/\/api.w.org\/{rel}","templated":true}]}}