{"id":346230,"date":"2017-09-29T00:08:30","date_gmt":"2017-09-29T05:08:30","guid":{"rendered":"http:\/\/www.diarioimagen.net\/?p=346230"},"modified":"2017-10-02T00:18:52","modified_gmt":"2017-10-02T05:18:52","slug":"se-repartieron-el-botin-antes-de-nacer","status":"publish","type":"post","link":"https:\/\/www.diarioimagen.net\/?p=346230","title":{"rendered":"Se repartieron el bot\u00edn antes de nacer"},"content":{"rendered":"<h2>Punto por punto<\/h2>\n<h5>Augusto Corro<\/h5>\n<p>&nbsp;<\/p>\n<div id=\"attachment_345084\" style=\"width: 470px\" class=\"wp-caption aligncenter\"><a href=\"http:\/\/www.diarioimagen.net\/?attachment_id=345084\" rel=\"attachment wp-att-345084\"><img loading=\"lazy\" decoding=\"async\" aria-describedby=\"caption-attachment-345084\" class=\"size-large wp-image-345084\" src=\"http:\/\/www.diarioimagen.net\/wp-content\/uploads\/2017\/09\/interminable-LUIS-XAVIER-3212-460x350.jpg\" alt=\"\" width=\"460\" height=\"350\" srcset=\"https:\/\/www.diarioimagen.net\/wp-content\/uploads\/2017\/09\/interminable-LUIS-XAVIER-3212-460x350.jpg 460w, https:\/\/www.diarioimagen.net\/wp-content\/uploads\/2017\/09\/interminable-LUIS-XAVIER-3212-240x183.jpg 240w, https:\/\/www.diarioimagen.net\/wp-content\/uploads\/2017\/09\/interminable-LUIS-XAVIER-3212-768x584.jpg 768w, https:\/\/www.diarioimagen.net\/wp-content\/uploads\/2017\/09\/interminable-LUIS-XAVIER-3212.jpg 1200w\" sizes=\"auto, (max-width: 460px) 100vw, 460px\" \/><\/a><p id=\"caption-attachment-345084\" class=\"wp-caption-text\">Interminable&#8230; | Luis Xavier<\/p><\/div>\n<p>&nbsp;<\/p>\n<p>La c\u00fapula del Frente Ciudadano por M\u00e9xico ya se reparti\u00f3 los cargos pol\u00edticos, o la conformaci\u00f3n de lo que ser\u00e1 su gobierno, en caso de ganar en elecciones del pr\u00f3ximo a\u00f1o.<\/p>\n<p>Ya informaron de sus proyectos a las autoridades electorales. Cambios aqu\u00ed y all\u00e1 en los organismos del poder.\u00a0 Es la meta de los l\u00edderes del citado frente, que encabezan Ricardo Anaya, del PAN; Alejandra Barrales, del PRD, y Dante Delgado, de Movimiento Ciudadano (MC).<\/p>\n<p>Claro, primero tienen que ganar las elecciones y luego ponerse a so\u00f1ar. Antes tendr\u00e1n que mostrar algo necesario: el apoyo de sus militantes, porque en sus partidos existe un divisionismo galopante.<\/p>\n<p>Los propios l\u00edderes tienen, desde hace varios meses, enfrentamientos en sus organizaciones pol\u00edticas, por la lucha en busca de la candidatura a la Presidencia de la Rep\u00fablica.<\/p>\n<p>En Acci\u00f3n Nacional, Margarita Zavala de Calder\u00f3n y Rafael Moreno Valle ser\u00e1n un obst\u00e1culo importante para Ricardo Anaya.<\/p>\n<p>En el PRD, la <em>caballada est\u00e1 flaca<\/em>, pero m\u00e1s de uno quieren convertirse en abanderado de los amarillos.<\/p>\n<p>Y Dante Delgado, del MC, har\u00e1 y dir\u00e1 lo que le ordenen el panista y la perredista, para que no desaparezca su partido.\u00a0 Vamos por partes: primero, los representantes en el frente deben tener el apoyo de sus bases. Estas, en el PRD, por ejemplo, se encuentran indecisas de continuar en el perredismo a emigrar a otras organizaciones pol\u00edticas.<\/p>\n<p>En el PAN, lo que se observa a simple vista es una lucha entre<em> calderonistas<\/em> y <em>anayistas<\/em> de pron\u00f3stico reservado. \u00bfY los militantes? Bien. \u00bfEllos no tienen que opinar? La guerra en los partidos mencionados apenas empieza. En fin, todav\u00eda no tienen el poder en las manos, pero ya empezaron a so\u00f1ar.<\/p>\n<p>Por cierto, en los planes del Frente Ciudadano por M\u00e9xico se encuentra la idea de impulsar la creaci\u00f3n de una Comisi\u00f3n de la Verdad, con el objeto de documentar los casos m\u00e1s relevantes de la historia de M\u00e9xico, como la desaparici\u00f3n de los 43 normalistas de Ayotzinapa.<\/p>\n<p>\u00bfQui\u00e9n de los tres l\u00edderes Ricardo, Alejandra o Dante propuso el tema de la comisi\u00f3n mencionada y el asunto de los normalistas desaparecidos?<\/p>\n<p>Fue el panista. Los perredistas no quieren saber nada del caso. Sus representantes pol\u00edticos en Guerrero, como el ex gobernador \u00c1ngel Aguirre, y el alcalde de Iguala, Jos\u00e9 Luis Abarca, fueron relacionados con ese secuestro m\u00faltiple. El gobernador sigue libre. El mun\u00edcipe, de extracci\u00f3n amarilla, se encuentra en la c\u00e1rcel.<\/p>\n<p>El PRD desde que ocurri\u00f3 la desaparici\u00f3n de los normalistas, e igual que otros partidos pol\u00edticos, se hizo a un lado. En las manifestaciones para exigir la aparici\u00f3n de los estudiantes, no estuvieron presentes los perredistas.<\/p>\n<p>En una ocasi\u00f3n, el ex l\u00edder moral amarillo, Cuauht\u00e9moc C\u00e1rdenas, fue repudiado en los m\u00edtines por aquellos que exig\u00edan la presentaci\u00f3n con vida de los normalistas.<\/p>\n<p>El Frente Ciudadano por M\u00e9xico refleja una alianza apoyada en la falsedad y en los intereses personales de los pol\u00edticos que participan en ella.<\/p>\n<p style=\"text-align: center;\"><strong>EL REPARTO DEL BOT\u00cdN<\/strong><\/p>\n<p>Como se\u00f1alamos al principio, los cargos pol\u00edticos ya se repartieron, por lo menos en teor\u00eda. En la pr\u00e1ctica a\u00fan falta por acordar qui\u00e9n o qui\u00e9nes encabezar\u00e1n las candidaturas desde la Presidencial hasta la m\u00e1s modesta de diputado, etc.<\/p>\n<p>Y seguro que en la selecci\u00f3n o designaci\u00f3n de aspirantes surgir\u00e1n todas las ambiciones y mezquindades porque todos, conforme a su estilo, luchar\u00e1n por el \u201chueso\u201d pol\u00edtico contra viento y marea. \u00bfC\u00f3mo estar fuera del negocio de la pol\u00edtica? Impensable.<\/p>\n<p>Y es precisamente en la etapa selecci\u00f3n de candidatos la pugna interna en el denominado frente tendr\u00e1 una prueba de fuego.<\/p>\n<p>\u00bfPor ejemplo, el aspirante presidencial del FCM ser\u00e1 panista? \u00bfperredista? \u00bfQui\u00e9n? \u00bfEl blanquiazul Ricardo Anaya? \u00bfEn caso de que \u00e9ste fuera el elegido, cu\u00e1l ser\u00eda la reacci\u00f3n de Margarita Zavala de Calder\u00f3n o del ex gobernador de Puebla, Rafael Moreno Valle? Como se sabe, estos dos \u00faltimos son enemigos del presidente de su partido.<\/p>\n<p>\u00bfCu\u00e1ntos amarillos aceptar\u00e1n esa imposici\u00f3n de un representante ajeno completamente a su ideolog\u00eda, principios y doctrina?<\/p>\n<p>En el asunto del aspirante al gobierno de la CDMX, se presentar\u00e1 el mismo conflicto, aunque de menor peso. \u00bfAceptar\u00e1n los panistas que Ricardo Monreal sea su abanderado? \u00bfFuncionar\u00e1 la mezcla de agua con aceite?<\/p>\n<p>En las elecciones estatales, etc., donde el citado frente tenga presencia importante, los problemas ser\u00e1n muchos y estar\u00e1 en riesgo la estabilidad\u00a0 pol\u00edtica de los frentistas, pues nada frena las ambiciones personales de sus dirigentes, proclives\u00a0 al enriquecimiento inexplicable.<\/p>\n<p><em><a href=\"mailto:aco2742@hotmail.com\" target=\"_blank\" rel=\"noopener noreferrer\">aco2742@hotmail.com<\/a><\/em><\/p>\n","protected":false},"excerpt":{"rendered":"<p><span style=\"color: #005497;\"><strong>Augusto Corro<\/strong><\/span><br \/>\n<br \/>\nLa c\u00fapula del Frente Ciudadano por M\u00e9xico ya se reparti\u00f3 los cargos pol\u00edticos, o la conformaci\u00f3n de lo que ser\u00e1 su gobierno, en caso de ganar en elecciones del pr\u00f3ximo a\u00f1o.<\/p>\n","protected":false},"author":3,"featured_media":345084,"comment_status":"open","ping_status":"open","sticky":false,"template":"","format":"standard","meta":{"_monsterinsights_skip_tracking":false,"_monsterinsights_sitenote_active":false,"_monsterinsights_sitenote_note":"","_monsterinsights_sitenote_category":0,"footnotes":""},"categories":[157],"tags":[43686,43674,11515],"class_list":["post-346230","post","type-post","status-publish","format-standard","has-post-thumbnail","hentry","category-augusto-corro","tag-augusto-corro","tag-opinion","tag-punto-por-punto"],"_links":{"self":[{"href":"https:\/\/www.diarioimagen.net\/index.php?rest_route=\/wp\/v2\/posts\/346230","targetHints":{"allow":["GET"]}}],"collection":[{"href":"https:\/\/www.diarioimagen.net\/index.php?rest_route=\/wp\/v2\/posts"}],"about":[{"href":"https:\/\/www.diarioimagen.net\/index.php?rest_route=\/wp\/v2\/types\/post"}],"author":[{"embeddable":true,"href":"https:\/\/www.diarioimagen.net\/index.php?rest_route=\/wp\/v2\/users\/3"}],"replies":[{"embeddable":true,"href":"https:\/\/www.diarioimagen.net\/index.php?rest_route=%2Fwp%2Fv2%2Fcomments&post=346230"}],"version-history":[{"count":0,"href":"https:\/\/www.diarioimagen.net\/index.php?rest_route=\/wp\/v2\/posts\/346230\/revisions"}],"wp:featuredmedia":[{"embeddable":true,"href":"https:\/\/www.diarioimagen.net\/index.php?rest_route=\/wp\/v2\/media\/345084"}],"wp:attachment":[{"href":"https:\/\/www.diarioimagen.net\/index.php?rest_route=%2Fwp%2Fv2%2Fmedia&parent=346230"}],"wp:term":[{"taxonomy":"category","embeddable":true,"href":"https:\/\/www.diarioimagen.net\/index.php?rest_route=%2Fwp%2Fv2%2Fcategories&post=346230"},{"taxonomy":"post_tag","embeddable":true,"href":"https:\/\/www.diarioimagen.net\/index.php?rest_route=%2Fwp%2Fv2%2Ftags&post=346230"}],"curies":[{"name":"wp","href":"https:\/\/api.w.org\/{rel}","templated":true}]}}