{"id":346232,"date":"2017-09-29T00:09:17","date_gmt":"2017-09-29T05:09:17","guid":{"rendered":"http:\/\/www.diarioimagen.net\/?p=346232"},"modified":"2017-09-29T08:44:31","modified_gmt":"2017-09-29T13:44:31","slug":"los-cachorros-2","status":"publish","type":"post","link":"https:\/\/www.diarioimagen.net\/?p=346232","title":{"rendered":"Los cachorros"},"content":{"rendered":"<h2>De frente y de perfil<\/h2>\n<h5>Ram\u00f3n Zurita Sahag\u00fan<\/h5>\n<p>&nbsp;<\/p>\n<div id=\"attachment_346335\" style=\"width: 470px\" class=\"wp-caption aligncenter\"><a href=\"http:\/\/www.diarioimagen.net\/?attachment_id=346335\" rel=\"attachment wp-att-346335\"><img loading=\"lazy\" decoding=\"async\" aria-describedby=\"caption-attachment-346335\" class=\"size-large wp-image-346335\" src=\"http:\/\/www.diarioimagen.net\/wp-content\/uploads\/2017\/09\/ZURITA-3218-460x259.jpg\" alt=\"\" width=\"460\" height=\"259\" srcset=\"https:\/\/www.diarioimagen.net\/wp-content\/uploads\/2017\/09\/ZURITA-3218-460x259.jpg 460w, https:\/\/www.diarioimagen.net\/wp-content\/uploads\/2017\/09\/ZURITA-3218-240x135.jpg 240w, https:\/\/www.diarioimagen.net\/wp-content\/uploads\/2017\/09\/ZURITA-3218-235x132.jpg 235w, https:\/\/www.diarioimagen.net\/wp-content\/uploads\/2017\/09\/ZURITA-3218-202x114.jpg 202w, https:\/\/www.diarioimagen.net\/wp-content\/uploads\/2017\/09\/ZURITA-3218-350x196.jpg 350w, https:\/\/www.diarioimagen.net\/wp-content\/uploads\/2017\/09\/ZURITA-3218-220x123.jpg 220w, https:\/\/www.diarioimagen.net\/wp-content\/uploads\/2017\/09\/ZURITA-3218-237x132.jpg 237w, https:\/\/www.diarioimagen.net\/wp-content\/uploads\/2017\/09\/ZURITA-3218.jpg 480w\" sizes=\"auto, (max-width: 460px) 100vw, 460px\" \/><\/a><p id=\"caption-attachment-346335\" class=\"wp-caption-text\">Alejandro Murat apenas est\u00e1 construyendo su futuro y enfrenta un gran reto, superar los problemas que gener\u00f3 el sismo.<\/p><\/div>\n<p>&nbsp;<\/p>\n<p>La nueva generaci\u00f3n de pol\u00edticos mexicanos, hijos de padres que en su momento fueron figuras pol\u00edticas en distintos partidos, se encuentran listos para una gran participaci\u00f3n en los comicios presidenciales de 2018.<\/p>\n<p>Unos van por la consolidaci\u00f3n de su futuro, otros m\u00e1s se encuentran posicionados y actuar\u00e1n como estrategas, mostrando sus aptitudes en ese rubro.<\/p>\n<p>Los hay de dulce, chile y de manteca, es decir con futuro promisorio, mientras otros m\u00e1s se cuelgan simplemente de un apellido famoso.<\/p>\n<p>Ser hijo de un pol\u00edtico famoso o simplemente conocido es un gran avance, ser descendiente de ellos \u00a0abren todas las puertas, sin que signifique que los cachorros no traigan su propio impulso.<\/p>\n<p>Una an\u00e9cdota que se cuenta en el mundo pol\u00edtico es que all\u00e1 por los finales de los 70, el PRI ten\u00eda definido su candidato al gobierno de Michoac\u00e1n en la persona de Salvador Pliego Montes, lo que motiv\u00f3 a Do\u00f1a Amalia Sol\u00f3rzano a buscar al entonces presidente Jos\u00e9 L\u00f3pez Portillo y pedirle la candidatura para su hijo Cuauht\u00e9moc C\u00e1rdenas Sol\u00f3rzano, entonces subsecretario de Agricultura y senador con licencia.<\/p>\n<p>La petici\u00f3n cumpli\u00f3 su prop\u00f3sito y Cuauht\u00e9moc fue postulado, gan\u00f3 la elecci\u00f3n, hizo un buen gobierno, mostr\u00f3 su crecimiento pol\u00edtico, se convirti\u00f3 en un l\u00edder de oposici\u00f3n al partido en que milit\u00f3 \u00e9l y su padre.<\/p>\n<p>La historia moderna da cuenta de C\u00e1rdenas Sol\u00f3rzano: tres veces candidato presidencial y l\u00edder moral de varias generaciones de pol\u00edticos.<\/p>\n<p>Claro que hay de cachorros a cachorros y ninguno de los actuales se ve con ese crecimiento, aunque algunos de ellos aspiran a serlo en un tiempo mediato.<\/p>\n<p>En la actualidad hay varios gobernadores hijos de pol\u00edticos que incluso los antecedieron en el cargo y, tal vez, alguno de ellos podr\u00eda ser un aspirante presidencial, si no en 2024, posiblemente en el 30.<\/p>\n<p>No se sabe todav\u00eda si las gestiones gubernamentales de este tr\u00edo de gobernantes es acertada o no, aunque ya enfrentan problemas serios y habr\u00e1 que observar c\u00f3mo los resuelven.<\/p>\n<p>De los tres solamente el padre de uno de ellos fue considerado en su momento aspirante presidencial, aunque no lo alcanz\u00f3, ya que fue desplazado por quien finalmente se convirti\u00f3 en Presidente de la Rep\u00fablica.<\/p>\n<p>Alfredo del Mazo Gonz\u00e1lez fue uno de los seis prospectos presidenciales del PRI que compitieron por la candidatura para 1988.<\/p>\n<p>Su padre, Alfredo del Mazo V\u00e9lez, tambi\u00e9n fue gobernador del propio Estado de M\u00e9xico, pero nunca fue considerado con esa calidad de aspirante presidencial.<\/p>\n<p>Ahora la tercera generaci\u00f3n de Alfredos \u00a0buscar\u00e1 hacer un buen papel como gobernante, para tratar de seguir los pasos de su padre como aspirante presidenciable, de su primo Enrique de saltar del gobierno estatal a la candidatura e incluso superar a su padre.<\/p>\n<p>Otro gobernante con esa misma mira es Alejandro Murat Hinojosa, hijo de Jos\u00e9 Murat Casab, quien apenas tres sexenios antes gobernaba tambi\u00e9n Oaxaca.<\/p>\n<p>M\u00e1s reposado que su padre, Alejandro apenas est\u00e1 construyendo su futuro y enfrenta un gran reto, superar los problemas que gener\u00f3 el sismo del pasado 7 de septiembre, donde diez mil hogares de su entidad sufrieron p\u00e9rdida total o parcial, produjo decenas de muertes y sumi\u00f3 a una de las entidades m\u00e1s pobres del pa\u00eds.<\/p>\n<p>Superar este reto podr\u00eda darle a Murat Hinojosa el tama\u00f1o de liderazgo necesario para consolidar su carrera pol\u00edtica y darle mayor alcance que el que le dio su padre a la suya.<\/p>\n<p>Jos\u00e9 Murat, su padre consolid\u00f3 una carrera legislativa, antes de ser gobernador, pero nunca fue visto como prospecto presidencial.<\/p>\n<p>Los dos gobernantes anteriores son como lo han sido sus padres, pri\u00edstas de militancia, mientras que el tercero es panista, partido del \u00a0que migraron su padre y su madre.<\/p>\n<p>Antonio Echevarr\u00eda Garc\u00eda es hijo de Antonio Echevarr\u00eda Dom\u00ednguez, un militante pri\u00edsta por largo tiempo que cambi\u00f3 de camiseta, cuando no lo hicieron candidato a gobernador de Nayarit, se postul\u00f3 por una de las alianzas realizadas entre PAN y PRD y gan\u00f3 con soltura en las urnas.<\/p>\n<p>Su hijo no requiri\u00f3 de ello, aunque si de la alianza, ya que militaba en el PAN y es ahora gobernador de Nayarit, estado que su madre representa en el Senado de la Rep\u00fablica.<\/p>\n<p>Los tres mencionados tienen poco tiempo de ser gobernantes (el de mayor tiempo es Murat con menos de un a\u00f1o.\u00a0 Los otros dos ni siquiera cumplen el mes), por lo que habr\u00e1 que esperar m\u00e1s tiempo para evaluar su crecimiento.<\/p>\n<p>Dentro de los actuales gobernantes hay otros que provienen de esa casta pol\u00edtica, como es el caso de Carlos Joaqu\u00edn Gonz\u00e1lez, gobernador de Quintana Roo, cuyo hermano mayor, Pedro, fue el segundo gobernador de esa entidad y secretario del gobierno federal en un par de dependencias, sin alcanzar la cima de aspirante presidencial.<\/p>\n<p>Su hermana Addy, \u00a0se qued\u00f3 en el intento de gobernar Quintana Roo, ya que perdi\u00f3 las elecciones.<\/p>\n<p>Claudia Artemiza \u00a0Pavlovich Arellano, gobernadora de Sonora, es hija de Alicia Arellano Tapia, quien fue la primera senadora del pa\u00eds (conjuntamente con Mar\u00eda Lavalle Urbina), pero tampoco Alicia consigui\u00f3 ser mencionaba como aspirante presidencial.<\/p>\n<p>Quien s\u00ed logr\u00f3 colarse en alg\u00fan momento y en eso super\u00f3 a su padre gobernador, es Jos\u00e9 Eduardo Calzada Rovirosa, secretario de Agricultura, hijo de Antonio Calzada Urquiza. Ambos fueron gobernadores de Quer\u00e9taro.<\/p>\n<p>Calzada Rovirosa \u00a0se autoproclam\u00f3 aspirante presidencial,\u00a0 aunque en realidad nunca ha pintado como tal, pero \u00e9l siente que se encuentra dentro de la sucesi\u00f3n priista con rumbo al 2018.<\/p>\n<p>Rub\u00e9n Moreira, est\u00e1 en sus \u00faltimas semanas como gobernador de Coahuila, entidad que ya hab\u00eda gobernado su hermano menor, Humberto, pero ninguno de los dos ha conseguido ser mencionado con posibilidades presidenciales.<\/p>\n<p>Hasta aqu\u00ed un breve resumen sobre estos cachorros, pr\u00f3ximamente exploraremos a otros m\u00e1s que ya asoman la cabeza con prop\u00f3sitos de largo alcance.<\/p>\n<p>En Tec. de \u00a0Monterrey, plantel del sur de la CDMX, los peritajes que se realizan, mantienen con los pelos de punta a los padres de familia y a los alumnos del plantel, ya que se exige un peritaje a profundidad, lo que no se hizo despu\u00e9s del sismo del 7 de septiembre.<\/p>\n<p>La verdad es que impera el nerviosismo sobre el futuro de ese plantel y la suerte que correr\u00e1 el alumnado que se intenta llevarlos de extremo a extremo de la ciudad o correr el riesgo de perder el semestre.<\/p>\n<p>De la devoluci\u00f3n de pagos, mejor ni se habla.<\/p>\n<p><em><a href=\"mailto:ramonzurita44@hotmail.com\" target=\"_blank\" rel=\"noopener noreferrer\">ramonzurita44@hotmail.com<\/a><\/em><\/p>\n","protected":false},"excerpt":{"rendered":"<p><span style=\"color: #005497;\"><strong>Ram\u00f3n Zurita Sahag\u00fan<\/strong><\/span><br \/>\n<br \/>\nLa nueva generaci\u00f3n de pol\u00edticos mexicanos, hijos de padres que en su momento fueron figuras pol\u00edticas en distintos partidos, se encuentran listos para una gran participaci\u00f3n en los comicios presidenciales de 2018.<\/p>\n","protected":false},"author":3,"featured_media":346335,"comment_status":"open","ping_status":"open","sticky":false,"template":"","format":"standard","meta":{"_monsterinsights_skip_tracking":false,"_monsterinsights_sitenote_active":false,"_monsterinsights_sitenote_note":"","_monsterinsights_sitenote_category":0,"footnotes":""},"categories":[234],"tags":[304,43674,43687],"class_list":["post-346232","post","type-post","status-publish","format-standard","has-post-thumbnail","hentry","category-ramon-zurita-sahagun","tag-de-frente-y-de-perfil","tag-opinion","tag-ramon-zurita-sahagun"],"_links":{"self":[{"href":"https:\/\/www.diarioimagen.net\/index.php?rest_route=\/wp\/v2\/posts\/346232","targetHints":{"allow":["GET"]}}],"collection":[{"href":"https:\/\/www.diarioimagen.net\/index.php?rest_route=\/wp\/v2\/posts"}],"about":[{"href":"https:\/\/www.diarioimagen.net\/index.php?rest_route=\/wp\/v2\/types\/post"}],"author":[{"embeddable":true,"href":"https:\/\/www.diarioimagen.net\/index.php?rest_route=\/wp\/v2\/users\/3"}],"replies":[{"embeddable":true,"href":"https:\/\/www.diarioimagen.net\/index.php?rest_route=%2Fwp%2Fv2%2Fcomments&post=346232"}],"version-history":[{"count":0,"href":"https:\/\/www.diarioimagen.net\/index.php?rest_route=\/wp\/v2\/posts\/346232\/revisions"}],"wp:featuredmedia":[{"embeddable":true,"href":"https:\/\/www.diarioimagen.net\/index.php?rest_route=\/wp\/v2\/media\/346335"}],"wp:attachment":[{"href":"https:\/\/www.diarioimagen.net\/index.php?rest_route=%2Fwp%2Fv2%2Fmedia&parent=346232"}],"wp:term":[{"taxonomy":"category","embeddable":true,"href":"https:\/\/www.diarioimagen.net\/index.php?rest_route=%2Fwp%2Fv2%2Fcategories&post=346232"},{"taxonomy":"post_tag","embeddable":true,"href":"https:\/\/www.diarioimagen.net\/index.php?rest_route=%2Fwp%2Fv2%2Ftags&post=346232"}],"curies":[{"name":"wp","href":"https:\/\/api.w.org\/{rel}","templated":true}]}}