{"id":346237,"date":"2017-09-29T00:11:38","date_gmt":"2017-09-29T05:11:38","guid":{"rendered":"http:\/\/www.diarioimagen.net\/?p=346237"},"modified":"2017-09-29T08:46:24","modified_gmt":"2017-09-29T13:46:24","slug":"anaya-alinea-al-frente-en-su-guerra-contra-pena","status":"publish","type":"post","link":"https:\/\/www.diarioimagen.net\/?p=346237","title":{"rendered":"Anaya al\u00ednea al Frente en su guerra contra Pe\u00f1a"},"content":{"rendered":"<h2>Tras la puerta del poder<\/h2>\n<h5>Roberto Vizca\u00edno<\/h5>\n<p>&nbsp;<\/p>\n<div id=\"attachment_346338\" style=\"width: 470px\" class=\"wp-caption aligncenter\"><a href=\"http:\/\/www.diarioimagen.net\/?attachment_id=346338\" rel=\"attachment wp-att-346338\"><img loading=\"lazy\" decoding=\"async\" aria-describedby=\"caption-attachment-346338\" class=\"size-large wp-image-346338\" src=\"http:\/\/www.diarioimagen.net\/wp-content\/uploads\/2017\/09\/como-siempre-MARAL-3218-460x308.jpg\" alt=\"\" width=\"460\" height=\"308\" srcset=\"https:\/\/www.diarioimagen.net\/wp-content\/uploads\/2017\/09\/como-siempre-MARAL-3218-460x308.jpg 460w, https:\/\/www.diarioimagen.net\/wp-content\/uploads\/2017\/09\/como-siempre-MARAL-3218-240x161.jpg 240w, https:\/\/www.diarioimagen.net\/wp-content\/uploads\/2017\/09\/como-siempre-MARAL-3218-768x515.jpg 768w, https:\/\/www.diarioimagen.net\/wp-content\/uploads\/2017\/09\/como-siempre-MARAL-3218.jpg 1200w\" sizes=\"auto, (max-width: 460px) 100vw, 460px\" \/><\/a><p id=\"caption-attachment-346338\" class=\"wp-caption-text\">Como siempre&#8230; | Maral<\/p><\/div>\n<p>&nbsp;<\/p>\n<p>El michoacano Marko Cort\u00e9s, designado vocero de hecho del llamado Frente Ciudadano por M\u00e9xico pr\u00e1cticamente anunci\u00f3 ayer que los partidos PAN. PRD y MC, no renunciar\u00e1n a sus partidas presupuestales en favor de los damnificados como lo hab\u00edan anunciado luego de que el PRI se les adelant\u00f3 y regres\u00f3 formalmente al INE las suyas.<\/p>\n<p>En una larga y enredada conferencia de prensa, el coordinador de la fracci\u00f3n del PAN y a la vez presidente de la Junta de Coordinaci\u00f3n Pol\u00edtica en San L\u00e1zaro, convertido en representante, adem\u00e1s ante los medios del llamado\u00a0 Frente Ciudadano por M\u00e9xico, dijo:<\/p>\n<p>\u201cLo que el PRI-gobierno quiere es partidos sin recursos para la competencia electoral y un gobierno que siga gastando y que siga teniendo recursos y manejos discrecionales<\/p>\n<p>\u201c\u00a1Eso no se lo vamos a permitir! Por eso hemos dicho con absoluta claridad: nosotros vamos por una propuesta de fondo donde todos nos ajustemos\u201d.<\/p>\n<p>Por eso ayer \u00e9l mismo present\u00f3 una iniciativa que pretende transferirle al gobierno de Enrique Pe\u00f1a Nieto el costo casi total de la reconstrucci\u00f3n calculada en 38 mil millones de pesos.<\/p>\n<p>La iniciativa de reforma constitucional presentada por Marko Cort\u00e9s, reconocido por todos en San L\u00e1zaro como el gerente legislativo del presidente del PAN Ricardo Anaya, buscar\u00e1:<\/p>\n<ul>\n<li>Eliminar el financiamiento a los partidos pol\u00edticos junto con recortes sustanciales al gasto del gobierno federal, del Poder Legislativo y del Poder Judicial para, dicen los del Frente, \u201celiminar privilegios y gastos superfluos del gobierno federal\u201d.<\/li>\n<\/ul>\n<p>Cualquiera que sepa de los procesos legislativos, sabe que este tipo de iniciativas s\u00f3lo llevan a largos debates y tr\u00e1mites que trascienden varios per\u00edodos legislativos.<\/p>\n<p>Presentarla ahora, cuando a la 63 Legislatura s\u00f3lo le faltan dos per\u00edodos para concluir sus funciones, es jugarle al empantanamiento de una decisi\u00f3n que requiere ser asumida hoy por la premura de darle respuesta a los reclamos de los miles de damnificados.<\/p>\n<p>De ah\u00ed que la actitud asumida por Ricardo Anaya, Alejandra Barrales y Dante Delgado, l\u00edderes respectivos de PAN, PRD y MC, sea asumida por el PRI y el gobierno y las dem\u00e1s fuerzas pol\u00edticas, como una estrategia de Anaya para utilizar a sus socios en su guerra contra Pe\u00f1a Nieto.<\/p>\n<p>Esta Guerra estall\u00f3 cuando El Universal public\u00f3 varios reportajes que evidenciaron sus costosos viajes finsemanales a Atlanta para convivir con su esposa y 2 hijos a quienes ten\u00eda viviendo en condiciones extraordinarias de confort y lujo.<\/p>\n<p>Y se agudiz\u00f3 con la publicaci\u00f3n por el mismo diario de varios art\u00edculos donde se mostr\u00f3 un crecimiento exponencial de la fortuna de su familia pol\u00edtica hasta llegar en poco tiempo a los 300 millones de pesos.<\/p>\n<p>Desde entonces Anaya indic\u00f3 que estos art\u00edculos fueron promovidos por el gobierno de Pe\u00f1a Nieto y abri\u00f3 una guerra primero contra la nominaci\u00f3n del Procurador General de la Rep\u00fablica, Ra\u00fal Cervantes, como Fiscal General de la Naci\u00f3n, y ahora la ha extendido para presionar a que haya un recorte de unos 60 mil millones de pesos en el \u00faltimo a\u00f1o de gobierno de Pe\u00f1a Nieto.<\/p>\n<p>Anaya ha logrado imponer a Marko Cort\u00e9s como vocero del Frente y a trav\u00e9s de \u00e9l alinear a Alejandra Barrales y al PRD as\u00ed como a Dante Delgado y al MC, con la estrategia de guerra de Anaya y el PAN contra Pe\u00f1a Nieto.<\/p>\n<p style=\"text-align: center;\"><strong>La respuesta<\/strong><\/p>\n<p>Pero como en el barrio de la pol\u00edtica hay capacidad de respuesta, del lado del PRI no est\u00e1n mancos y por ello el coordinador de los diputados del PRI, el mexiquense C\u00e9sar Camacho present\u00f3 ayer otra iniciativa que buscar\u00e1 \u201cevitar que los diputados federales puedan disponer de recursos del presupuesto de Egresos de la Federaci\u00f3n, recursos que puedan ser motivo de corrupci\u00f3n\u201d.<\/p>\n<p>El golpe va directo contra los diputados del PAN ya que acostumbran disponer de 10 millones de pesos cada uno para impulsar obras en los municipios de sus distritos electorales.<\/p>\n<p>La reforma pri\u00edsta \u201canti-moches\u201d buscar\u00e1 que los recursos previstos para ser repartidos entre los diputados, vayan directamente a la\u00a0 reconstrucci\u00f3n nacional.<\/p>\n<p>La reforma pri\u00edsta, que ser\u00eda aprobada por mayor\u00eda simple en San L\u00e1zaro,\u00a0 terminar\u00eda con una pr\u00e1ctica en la que los legisladores utilizan recursos federales en beneficio de fines particulares que son calificados como abiertos actos de corrupci\u00f3n, precis\u00f3 Camacho.<\/p>\n<p>Y record\u00f3: \u201cnosotros denunciamos, en su momento, los moches de los mochos\u201d.<\/p>\n<p>En fin, que la guerra es a fondo y entre partes muy definidas.<\/p>\n<p style=\"text-align: center;\"><strong>Urge sancionar il\u00edcitos<\/strong><\/p>\n<p>Mientras tanto, la presidenta de la Junta de Coordinaci\u00f3n Pol\u00edtica del Senado, la pri\u00edsta Ana Lilia Herrera urgi\u00f3 ayer a sus compa\u00f1eros de c\u00e1mara a dictaminar y aprobar una iniciativa presentada por ella hace 2 a\u00f1os que busca sancionar a particulares, empresarios y autoridades involucrados en la cadena de la construcci\u00f3n irregular en M\u00e9xico.<\/p>\n<p>Urge, dijo, dar una respuesta a reclamos surgidos por las consecuencias de los\u00a0 dos fuertes sismos que en septiembre provocaron la p\u00e9rdida de cientos de vida y de importante infraestructura, casas y departamentos, caminos y puentes.<\/p>\n<p>\u201cHoy requerimos m\u00e1s que nunca un entorno mucho m\u00e1s seguro y de respeto por la ley\u201d, precis\u00f3.<\/p>\n<p>Reconoci\u00f3 que a pesar de que en M\u00e9xico se ha avanzado sustancialmente en la planeaci\u00f3n ordenada y sustentable de nuestras urge \u201cponerle dientes a estas normas para garantizar una planeaci\u00f3n ordenada y sustentable de los asentamientos humanos; ya que ahora vemos que esto es un asunto de vida o muerte\u201d.<\/p>\n<p>Subray\u00f3 que ante lo ocurrido, los legisladores tienen en sus manos, la enorme responsabilidad de que la ley inhiba malas pr\u00e1cticas en materia de construcci\u00f3n y de regularizaci\u00f3n de los asentamientos humanos.<\/p>\n<p>Los fuertes sismos de semanas anteriores han evidenciado irregularidades que derivaron en el colapso de edificaciones nuevas por no cumplir evidentemente con las disposiciones que se implementaron despu\u00e9s de los sismos de 1985, se\u00f1al\u00f3.<\/p>\n<p>\u201cTenemos que ir a regulaciones m\u00e1s estrictas. Necesitamos, pues, erradicar la omisi\u00f3n y la corrupci\u00f3n. Incluyendo a toda la cadena, desde los particulares a las constructoras y las autoridades.<\/p>\n<p>\u201cYo fui alcaldesa en Metepec, y s\u00e9 que en muchas entidades federativas los planes municipales de desarrollo urbano se cambian a trav\u00e9s de un simple acuerdo de cabildo.<\/p>\n<p>S\u00e9 que a pesar de que el Programa Nacional de Protecci\u00f3n Civil indica que la construcci\u00f3n en zonas de riesgo es delito grave, pero no es sancionado en la legislaci\u00f3n penal federal convirti\u00e9ndolo as\u00ed en in\u00f3cuo\u201d, precis\u00f3.<\/p>\n<p>Hoy s\u00f3lo hace falta incluir en el C\u00f3digo Penal Federal los delitos relacionados con la gesti\u00f3n de riesgos, para los cuales pedimos penas de 2 a 10 a\u00f1os de prisi\u00f3n, y desde 300 a 3 mil d\u00edas de multa a quien realice construcciones sin la autorizaci\u00f3n debida, e inhabilitar a todos aquellos funcionarios que autoricen construcciones, coment\u00f3.<\/p>\n<p>Se trata de transformar en sanciones penales las actuales sanciones administrativas en la materia.<\/p>\n<p><em><a href=\"mailto:rvizcainoa@gmail.com\" target=\"_blank\" rel=\"noopener noreferrer\">rvizcainoa@gmail.com<\/a><\/em><br \/>\n<em><a href=\"http:\/\/www.endirecto.com.mx\/\" target=\"_blank\" rel=\"noopener noreferrer\">www.endirecto.com.mx<\/a><\/em><br \/>\n<em><a href=\"https:\/\/twitter.com\/_rvizcaino\" target=\"_blank\" rel=\"noopener noreferrer\">@_RVizcaino<\/a><\/em><br \/>\n<a href=\"https:\/\/www.facebook.com\/rvizcainoa\" target=\"_blank\" rel=\"noopener noreferrer\">f<em>acebook.com\/rvizcainoa<\/em><\/a><\/p>\n","protected":false},"excerpt":{"rendered":"<p><span style=\"color: #005497;\"><strong>Roberto Vizca\u00edno<\/strong><\/span><br \/>\n<br \/>\nEl michoacano Marko Cort\u00e9s, designado vocero de hecho del llamado Frente Ciudadano por M\u00e9xico pr\u00e1cticamente anunci\u00f3 ayer que los partidos PAN. PRD y MC, no renunciar\u00e1n a sus partidas presupuestales en favor de los damnificados como lo hab\u00edan anunciado luego de que el PRI se les adelant\u00f3 y regres\u00f3 formalmente al INE las suyas.<\/p>\n","protected":false},"author":3,"featured_media":346338,"comment_status":"open","ping_status":"open","sticky":false,"template":"","format":"standard","meta":{"_monsterinsights_skip_tracking":false,"_monsterinsights_sitenote_active":false,"_monsterinsights_sitenote_note":"","_monsterinsights_sitenote_category":0,"footnotes":""},"categories":[136],"tags":[43674,93,94],"class_list":["post-346237","post","type-post","status-publish","format-standard","has-post-thumbnail","hentry","category-roberto-vizcaino-opinion","tag-opinion","tag-roberto-vizcaino","tag-tras-la-puerta-del-poder"],"_links":{"self":[{"href":"https:\/\/www.diarioimagen.net\/index.php?rest_route=\/wp\/v2\/posts\/346237","targetHints":{"allow":["GET"]}}],"collection":[{"href":"https:\/\/www.diarioimagen.net\/index.php?rest_route=\/wp\/v2\/posts"}],"about":[{"href":"https:\/\/www.diarioimagen.net\/index.php?rest_route=\/wp\/v2\/types\/post"}],"author":[{"embeddable":true,"href":"https:\/\/www.diarioimagen.net\/index.php?rest_route=\/wp\/v2\/users\/3"}],"replies":[{"embeddable":true,"href":"https:\/\/www.diarioimagen.net\/index.php?rest_route=%2Fwp%2Fv2%2Fcomments&post=346237"}],"version-history":[{"count":0,"href":"https:\/\/www.diarioimagen.net\/index.php?rest_route=\/wp\/v2\/posts\/346237\/revisions"}],"wp:featuredmedia":[{"embeddable":true,"href":"https:\/\/www.diarioimagen.net\/index.php?rest_route=\/wp\/v2\/media\/346338"}],"wp:attachment":[{"href":"https:\/\/www.diarioimagen.net\/index.php?rest_route=%2Fwp%2Fv2%2Fmedia&parent=346237"}],"wp:term":[{"taxonomy":"category","embeddable":true,"href":"https:\/\/www.diarioimagen.net\/index.php?rest_route=%2Fwp%2Fv2%2Fcategories&post=346237"},{"taxonomy":"post_tag","embeddable":true,"href":"https:\/\/www.diarioimagen.net\/index.php?rest_route=%2Fwp%2Fv2%2Ftags&post=346237"}],"curies":[{"name":"wp","href":"https:\/\/api.w.org\/{rel}","templated":true}]}}