{"id":346564,"date":"2017-10-03T00:05:01","date_gmt":"2017-10-03T05:05:01","guid":{"rendered":"http:\/\/www.diarioimagen.net\/?p=346564"},"modified":"2017-10-03T23:02:38","modified_gmt":"2017-10-04T04:02:38","slug":"hacienda-anuncia-plan-de-creditos-para-la-reconstruccion","status":"publish","type":"post","link":"https:\/\/www.diarioimagen.net\/?p=346564","title":{"rendered":"Hacienda anuncia plan de cr\u00e9ditos para reconstrucci\u00f3n"},"content":{"rendered":"<ul>\n<li><strong><em>Apoyo para la reactivaci\u00f3n econ\u00f3mica<\/em><\/strong><\/li>\n<\/ul>\n<p>&nbsp;<\/p>\n<p>&nbsp;<\/p>\n<div id=\"attachment_346565\" style=\"width: 470px\" class=\"wp-caption aligncenter\"><img loading=\"lazy\" decoding=\"async\" aria-describedby=\"caption-attachment-346565\" class=\"wp-image-346565 size-large\" src=\"http:\/\/www.diarioimagen.net\/wp-content\/uploads\/2017\/10\/HACIENDA3-portal-460x268.jpg\" alt=\"\" width=\"460\" height=\"268\" srcset=\"https:\/\/www.diarioimagen.net\/wp-content\/uploads\/2017\/10\/HACIENDA3-portal-460x268.jpg 460w, https:\/\/www.diarioimagen.net\/wp-content\/uploads\/2017\/10\/HACIENDA3-portal-240x140.jpg 240w, https:\/\/www.diarioimagen.net\/wp-content\/uploads\/2017\/10\/HACIENDA3-portal.jpg 480w\" sizes=\"auto, (max-width: 460px) 100vw, 460px\" \/><p id=\"caption-attachment-346565\" class=\"wp-caption-text\">Hacienda anuncia un esquema integral para apoyar la reconstrucci\u00f3n y la reactivaci\u00f3n econ\u00f3mica de zonas afectadas por los sismos.<\/p><\/div>\n<p>&nbsp;<\/p>\n<p>El gobierno federal elabor\u00f3 un esquema integral de apoyo que facilitar\u00e1 iniciar la reconstrucci\u00f3n y reparaci\u00f3n de las viviendas y que coadyuvar\u00e1 a reactivar la actividad econ\u00f3mica en sus comunidades.<\/p>\n<p>La Secretar\u00eda de Hacienda y Cr\u00e9dito P\u00fablico (SHCP) inform\u00f3 que estas medidas son en atenci\u00f3n a las necesidades de la poblaci\u00f3n tras el sismo del 19 de septiembre.<\/p>\n<p>Este esquema es para las personas f\u00edsicas de la Ciudad de M\u00e9xico; Cuernavaca y Jiutepec, en Morelos; Cuautlancingo, Puebla, Cholula, San Mart\u00edn Texmelucan y San Miguel Xoxtla, en Puebla; y Tlaxcala, Papalotla de Xicoht\u00e9n, Xicohtzinco y Apizaco, en Tlaxcala.<\/p>\n<p>Se\u00f1al\u00f3 que estas personas f\u00edsicas tendr\u00e1n acceso a cr\u00e9ditos preferenciales con recursos federales, estatales o municipales, para la reconstrucci\u00f3n o reparaci\u00f3n de sus viviendas seg\u00fan el grado de afectaci\u00f3n que registren.<\/p>\n<p>\u00c9stos ser\u00e1n provistos por la Sociedad Hipotecaria Federal (SHF) y el Fondo de Operaci\u00f3n y Financiamiento Bancario a la Vivienda (Fovi), explic\u00f3 la dependencia federal en un comunicado.<\/p>\n<p>Precis\u00f3 que los programas de cr\u00e9dito se otorgar\u00e1n en la medida en que se tenga disponible el censo de da\u00f1os, sus respectivos dict\u00e1menes y sean suscritos los acuerdos de colaboraci\u00f3n entre el gobierno federal y los gobiernos locales.<\/p>\n<p>Entre los productos crediticios preferenciales se encontrar\u00e1n cr\u00e9ditos hipotecarios para adquisici\u00f3n, reconstrucci\u00f3n y atenci\u00f3n de da\u00f1os estructurales parciales de vivienda.<\/p>\n<p>De forma complementaria, en las ciudades en referencia, las personas f\u00edsicas que sufrieron p\u00e9rdida total de sus inmuebles estar\u00e1n exentas del pago de Impuesto sobre la Renta (ISR) por ingresos de la venta del terreno que albergaba su vivienda. Esto, siempre que el monto no exceda de 700 mil unidades de inversi\u00f3n y se cuente con la documentaci\u00f3n que sustente la p\u00e9rdida.<\/p>\n<p>En caso de que la venta sea superior a la cantidad mencionada, el pago del ISR corresponder\u00e1 s\u00f3lo a la ganancia realizada por arriba de dicho umbral.<\/p>\n<p>Para el resto de los municipios de Guerrero, Estado de M\u00e9xico, Morelos, Puebla y Tlaxcala, declarados en emergencia, las familias afectadas recibir\u00e1n recursos directos del Fondo de Desastres Naturales (Fonden), al igual que en los estados de Chiapas y Oaxaca.<\/p>\n<p>La SHCP indic\u00f3 que se entregar\u00e1n apoyos para la reconstrucci\u00f3n de vivienda, seg\u00fan el tipo de da\u00f1o y sustentado en un censo previamente levantado por la Secretar\u00eda de Desarrollo Agrario, Territorial y Urbano (Sedatu).<\/p>\n<p>De manera adicional, estos municipios ser\u00e1n beneficiados por los siguientes incentivos fiscales: se exime de la obligaci\u00f3n de efectuar pagos provisionales de ISR correspondiente a los meses de septiembre a diciembre de 2017.<\/p>\n<p>Adem\u00e1s, se difiere la obligaci\u00f3n de presentar las declaraciones del quinto y sexto bimestres de 2017 a los contribuyentes sujetos al R\u00e9gimen de Incorporaci\u00f3n Fiscal (RIF).<\/p>\n<p>Se deducen de forma inmediata las inversiones efectuadas en bienes nuevos de activo fijo que realicen durante el periodo comprendido<\/p>\n<p>Tambi\u00e9n se enteran las retenciones de ISR por los trabajadores en tres parcialidades respecto de los pagos por ingresos por salarios y en general por la prestaci\u00f3n de un servicio personal subordinado.<\/p>\n<p>De acuerdo con la informaci\u00f3n de la SHCP, se difiere en tres parcialidades el pago definitivo de Impuesto al Valor Agregado (IVA) y el Impuesto Especial sobre Producci\u00f3n y Servicios (IEPS) correspondientes al periodo de septiembre a diciembre de 2017. Las solicitudes de devoluci\u00f3n de IVA que se hayan presentado antes del 29 de septiembre se tramitar\u00e1n en un m\u00e1ximo de 10 d\u00edas.<\/p>\n<p>Los contribuyentes dedicados exclusivamente a actividades agr\u00edcolas, ganaderas, pesqueras o silv\u00edcolas, que opten por realizar pagos provisionales semestrales conforme a la Resoluci\u00f3n de Facilidades Administrativas, durante el segundo semestre de 2017, podr\u00e1n presentar mensualmente las declaraciones del IVA correspondientes a dicho semestre.<\/p>\n<p>\u201cCon estas medidas, el gobierno federal ratifica su compromiso de apoyo para las familias afectadas por el sismo, contribuye a la recuperaci\u00f3n de la infraestructura b\u00e1sica, la vivienda y la actividad econ\u00f3mica de las zonas afectadas\u201d, subray\u00f3 la dependencia.<\/p>\n","protected":false},"excerpt":{"rendered":"<p>El gobierno federal elabor\u00f3 un esquema integral de apoyo que facilitar\u00e1 iniciar la reconstrucci\u00f3n y reparaci\u00f3n de las viviendas y que coadyuvar\u00e1 a reactivar la actividad econ\u00f3mica en sus comunidades.<\/p>\n","protected":false},"author":5,"featured_media":346565,"comment_status":"open","ping_status":"open","sticky":false,"template":"","format":"standard","meta":{"_monsterinsights_skip_tracking":false,"_monsterinsights_sitenote_active":false,"_monsterinsights_sitenote_note":"","_monsterinsights_sitenote_category":0,"footnotes":""},"categories":[8],"tags":[66005,66003,66004,66007,43678,49792,66008,66002,46,25048,66006,66009],"class_list":["post-346564","post","type-post","status-publish","format-standard","has-post-thumbnail","hentry","category-finanzas","tag-cholula","tag-ciudad-de-mexico-cuernavaca-y-jiutepec","tag-en-morelos-cuautlancingo","tag-en-puebla-y-tlaxcala","tag-finanzas","tag-hacienda","tag-papalotla-de-xicohten","tag-plan-de-creditos","tag-puebla","tag-reconstruccion","tag-san-martin-texmelucan-y-san-miguel-xoxtla","tag-xicohtzinco"],"_links":{"self":[{"href":"https:\/\/www.diarioimagen.net\/index.php?rest_route=\/wp\/v2\/posts\/346564","targetHints":{"allow":["GET"]}}],"collection":[{"href":"https:\/\/www.diarioimagen.net\/index.php?rest_route=\/wp\/v2\/posts"}],"about":[{"href":"https:\/\/www.diarioimagen.net\/index.php?rest_route=\/wp\/v2\/types\/post"}],"author":[{"embeddable":true,"href":"https:\/\/www.diarioimagen.net\/index.php?rest_route=\/wp\/v2\/users\/5"}],"replies":[{"embeddable":true,"href":"https:\/\/www.diarioimagen.net\/index.php?rest_route=%2Fwp%2Fv2%2Fcomments&post=346564"}],"version-history":[{"count":0,"href":"https:\/\/www.diarioimagen.net\/index.php?rest_route=\/wp\/v2\/posts\/346564\/revisions"}],"wp:featuredmedia":[{"embeddable":true,"href":"https:\/\/www.diarioimagen.net\/index.php?rest_route=\/wp\/v2\/media\/346565"}],"wp:attachment":[{"href":"https:\/\/www.diarioimagen.net\/index.php?rest_route=%2Fwp%2Fv2%2Fmedia&parent=346564"}],"wp:term":[{"taxonomy":"category","embeddable":true,"href":"https:\/\/www.diarioimagen.net\/index.php?rest_route=%2Fwp%2Fv2%2Fcategories&post=346564"},{"taxonomy":"post_tag","embeddable":true,"href":"https:\/\/www.diarioimagen.net\/index.php?rest_route=%2Fwp%2Fv2%2Ftags&post=346564"}],"curies":[{"name":"wp","href":"https:\/\/api.w.org\/{rel}","templated":true}]}}