{"id":346630,"date":"2017-10-03T00:06:52","date_gmt":"2017-10-03T05:06:52","guid":{"rendered":"http:\/\/www.diarioimagen.net\/?p=346630"},"modified":"2017-10-03T23:02:45","modified_gmt":"2017-10-04T04:02:45","slug":"infonavit-dara-apoyos-extraordinarios-para-trabajadores","status":"publish","type":"post","link":"https:\/\/www.diarioimagen.net\/?p=346630","title":{"rendered":"Infonavit dar\u00e1 apoyos extraordinarios para trabajadores"},"content":{"rendered":"<ul>\n<li><strong><em>En doce estados afectados por sismos<\/em><\/strong><\/li>\n<\/ul>\n<p>&nbsp;<\/p>\n<div id=\"attachment_346717\" style=\"width: 470px\" class=\"wp-caption aligncenter\"><a href=\"http:\/\/www.diarioimagen.net\/?attachment_id=346717\" rel=\"attachment wp-att-346717\"><img loading=\"lazy\" decoding=\"async\" aria-describedby=\"caption-attachment-346717\" class=\"size-large wp-image-346717\" src=\"http:\/\/www.diarioimagen.net\/wp-content\/uploads\/2017\/10\/INFONAVIT-3220-460x259.jpg\" alt=\"\" width=\"460\" height=\"259\" srcset=\"https:\/\/www.diarioimagen.net\/wp-content\/uploads\/2017\/10\/INFONAVIT-3220-460x259.jpg 460w, https:\/\/www.diarioimagen.net\/wp-content\/uploads\/2017\/10\/INFONAVIT-3220-240x135.jpg 240w, https:\/\/www.diarioimagen.net\/wp-content\/uploads\/2017\/10\/INFONAVIT-3220-235x132.jpg 235w, https:\/\/www.diarioimagen.net\/wp-content\/uploads\/2017\/10\/INFONAVIT-3220-202x114.jpg 202w, https:\/\/www.diarioimagen.net\/wp-content\/uploads\/2017\/10\/INFONAVIT-3220-350x196.jpg 350w, https:\/\/www.diarioimagen.net\/wp-content\/uploads\/2017\/10\/INFONAVIT-3220-220x123.jpg 220w, https:\/\/www.diarioimagen.net\/wp-content\/uploads\/2017\/10\/INFONAVIT-3220-237x132.jpg 237w, https:\/\/www.diarioimagen.net\/wp-content\/uploads\/2017\/10\/INFONAVIT-3220.jpg 480w\" sizes=\"auto, (max-width: 460px) 100vw, 460px\" \/><\/a><p id=\"caption-attachment-346717\" class=\"wp-caption-text\">El Infonavit lanza plan emergente para apoyar a familias que perdieron su vivienda por el terremoto.<\/p><\/div>\n<p>&nbsp;<\/p>\n<p>El Instituto del Fondo Nacional para la Vivienda de los Trabajadores (Infonavit) implementar\u00e1 10 medidas de apoyo para sus derechohabientes en una docena de entidades del pa\u00eds, afectados por los sismos del 7 y 19 de septiembre pasados.<\/p>\n<p>El director general del Infonavit, David Penchyna Grub, al firmar con el jefe de gobierno capitalino, Miguel \u00c1ngel Mancera Espinosa, un convenio de vivienda que forma parte de las acciones de reconstrucci\u00f3n de la ciudad, record\u00f3 que si bien estas medidas se aprobaron en la reuni\u00f3n de consejo de la instituci\u00f3n tripartita celebrada el mi\u00e9rcoles de la semana pasada, en esta jornada se detallan para la Ciudad de M\u00e9xico.<\/p>\n<p>Dijo que de los 110 mil cr\u00e9ditos vigentes, el Infonavit ya ha confirmado detalladamente la informaci\u00f3n de tres mil 900 de ellos y se espera que esta semana se concluya con 6 mil.<\/p>\n<p>Se tienen detectadas p\u00e9rdidas totales en 120 inmuebles con cr\u00e9ditos y da\u00f1os parciales en 562 m\u00e1s. Las acciones de apoyo consisten, entre otras cosas, en agilizar el acceso a segundos cr\u00e9ditos, para reponer vivienda; y apoyo con rentas por seis meses de entre tres mil y cinco mil pesos.<\/p>\n<p>Tambi\u00e9n un cr\u00e9dito puente para que las personas tengan liquidez mientras se resuelven los tr\u00e1mites, y otro para reconstruir las casas en los terrenos donde estaba la derruida, todo ello sin costos financieros.<\/p>\n<p>El seguro de da\u00f1os para enseres menores se elevar\u00e1 de los actuales 10 mil pesos a 20 mil pesos en total y para otorgar los nuevos cr\u00e9ditos, se respetar\u00e1n las condiciones de precalificaciones que las personas presentaron para obtener el primer cr\u00e9dito.<\/p>\n<p>Estas medidas, explic\u00f3, forman parte de un paquete de 10 acciones que se podr\u00e1n gestionar en 17 puntos de atenci\u00f3n para los derechohabientes y se aplicar\u00e1n en una docena de entidades, entre ellas Morelos, Oaxaca, Tabasco, Estado de M\u00e9xico, Puebla, Ciudad de M\u00e9xico y Chiapas.<\/p>\n<p>En todas ellas, se aplicar\u00e1n paso por paso y con preferencia a las personas m\u00e1s desfavorecidas, dependiendo las circunstancias que se verifiquen.<\/p>\n<p>Destac\u00f3 tambi\u00e9n la colaboraci\u00f3n con la jefatura de Gobierno de la Ciudad de M\u00e9xico, con cuyas autoridades se ha mantenido una estrecha colaboraci\u00f3n en esta emergencia.<\/p>\n<p>En su oportunidad, Mancera Espinosa asegur\u00f3 que la ciudad no se rendir\u00e1 frente a los retos y seguir\u00e1 apoyando a la poblaci\u00f3n para que recupere su normalidad.<\/p>\n<p>En ese sentido, anunci\u00f3 que personal del Infonavit se sumar\u00e1 a partir de este lunes en los 18 m\u00f3dulos de atenci\u00f3n integral que mantiene la ciudad en distintos puntos, para que los derechohabientes puedan obtener la informaci\u00f3n y apoyos anunciados.<\/p>\n<p>A\u00f1adi\u00f3 que es importante mantener la suma de esfuerzos y acciones y por ello agradeci\u00f3 el apoyo del gobierno federal hacia las autoridades capitalinas en estas circunstancias..<\/p>\n","protected":false},"excerpt":{"rendered":"<p>El Instituto del Fondo Nacional para la Vivienda de los Trabajadores (Infonavit) implementar\u00e1 10 medidas de apoyo para sus derechohabientes en una docena de entidades del pa\u00eds, afectados por los sismos del 7 y 19 de septiembre pasados.<\/p>\n","protected":false},"author":3,"featured_media":346717,"comment_status":"open","ping_status":"open","sticky":false,"template":"","format":"standard","meta":{"_monsterinsights_skip_tracking":false,"_monsterinsights_sitenote_active":false,"_monsterinsights_sitenote_note":"","_monsterinsights_sitenote_category":0,"footnotes":""},"categories":[3],"tags":[2701,2851,38530,38118],"class_list":["post-346630","post","type-post","status-publish","format-standard","has-post-thumbnail","hentry","category-nacional","tag-apoyo","tag-infonavit","tag-prestamos","tag-trabajadores"],"_links":{"self":[{"href":"https:\/\/www.diarioimagen.net\/index.php?rest_route=\/wp\/v2\/posts\/346630","targetHints":{"allow":["GET"]}}],"collection":[{"href":"https:\/\/www.diarioimagen.net\/index.php?rest_route=\/wp\/v2\/posts"}],"about":[{"href":"https:\/\/www.diarioimagen.net\/index.php?rest_route=\/wp\/v2\/types\/post"}],"author":[{"embeddable":true,"href":"https:\/\/www.diarioimagen.net\/index.php?rest_route=\/wp\/v2\/users\/3"}],"replies":[{"embeddable":true,"href":"https:\/\/www.diarioimagen.net\/index.php?rest_route=%2Fwp%2Fv2%2Fcomments&post=346630"}],"version-history":[{"count":0,"href":"https:\/\/www.diarioimagen.net\/index.php?rest_route=\/wp\/v2\/posts\/346630\/revisions"}],"wp:featuredmedia":[{"embeddable":true,"href":"https:\/\/www.diarioimagen.net\/index.php?rest_route=\/wp\/v2\/media\/346717"}],"wp:attachment":[{"href":"https:\/\/www.diarioimagen.net\/index.php?rest_route=%2Fwp%2Fv2%2Fmedia&parent=346630"}],"wp:term":[{"taxonomy":"category","embeddable":true,"href":"https:\/\/www.diarioimagen.net\/index.php?rest_route=%2Fwp%2Fv2%2Fcategories&post=346630"},{"taxonomy":"post_tag","embeddable":true,"href":"https:\/\/www.diarioimagen.net\/index.php?rest_route=%2Fwp%2Fv2%2Ftags&post=346630"}],"curies":[{"name":"wp","href":"https:\/\/api.w.org\/{rel}","templated":true}]}}