{"id":346822,"date":"2017-10-04T00:08:56","date_gmt":"2017-10-04T05:08:56","guid":{"rendered":"http:\/\/www.diarioimagen.net\/?p=346822"},"modified":"2017-10-04T00:24:40","modified_gmt":"2017-10-04T05:24:40","slug":"las-vegas-nunca-se-apaga-luis-miguel","status":"publish","type":"post","link":"https:\/\/www.diarioimagen.net\/?p=346822","title":{"rendered":"Las Vegas nunca se apaga: Luis Miguel"},"content":{"rendered":"<ul>\n<li><em><strong>Aunque \u00abEl Sol\u00bb<\/strong><\/em><em><strong>\u00a0es poco activo en las redes sociales, en las \u00faltimas tragedias vividas en M\u00e9xico y Puerto Rico ha compartido mensajes de apoyo<\/strong><\/em><\/li>\n<\/ul>\n<p>&nbsp;<\/p>\n<div id=\"attachment_346823\" style=\"width: 408px\" class=\"wp-caption aligncenter\"><img loading=\"lazy\" decoding=\"async\" aria-describedby=\"caption-attachment-346823\" class=\"size-large wp-image-346823\" src=\"http:\/\/www.diarioimagen.net\/wp-content\/uploads\/2017\/10\/luis-miguel-POORTAL-398x460.jpg\" alt=\"\" width=\"398\" height=\"460\" srcset=\"https:\/\/www.diarioimagen.net\/wp-content\/uploads\/2017\/10\/luis-miguel-POORTAL-398x460.jpg 398w, https:\/\/www.diarioimagen.net\/wp-content\/uploads\/2017\/10\/luis-miguel-POORTAL-208x240.jpg 208w, https:\/\/www.diarioimagen.net\/wp-content\/uploads\/2017\/10\/luis-miguel-POORTAL.jpg 700w\" sizes=\"auto, (max-width: 398px) 100vw, 398px\" \/><p id=\"caption-attachment-346823\" class=\"wp-caption-text\"><em>El Sol<\/em> public\u00f3 a trav\u00e9s de su cuenta de Instagram una imagen de la \u201cCiudad del Pecado\u201d en blanco y negro, con la leyenda \u201cNunca se apaga\u201d.<\/p><\/div>\n<p>&nbsp;<\/p>\n<p>Luis Miguel se sum\u00f3 a la lista de celebridades que han lamentado la terrible tragedia que se vivi\u00f3 en Las Vegas, donde un hombre identificado como Stephen Paddock dispar\u00f3 desde una de las habitaciones del piso 32 del hotel Mandalay Bay contra una multitud que estaba reunida en un concierto del cantante de country Jason Aldean, quit\u00e1ndole la vida a 59 personas y dejando 515 heridas.<\/p>\n<p><em>El Sol <\/em>public\u00f3 a trav\u00e9s de su cuenta de <em>Instagram<\/em> una imagen de la \u201cCiudad del Pecado\u201d en blanco y negro con la leyenda \u201cNunca se apaga\u201d.<\/p>\n<p>Cabe recordar que el 13 de septiembre la ciudad de Las Vegas declar\u00f3 esa fecha como el \u201cD\u00eda de Luis Miguel\u201d. El actor y cantante de origen puertorrique\u00f1o, pero con nacionalidad mexicana, se ha presentado infinidad de veces en Las Vegas, donde ha hecho historia en el hotel Caesars Palace.<\/p>\n<p>&nbsp;<\/p>\n<div id=\"attachment_346824\" style=\"width: 423px\" class=\"wp-caption aligncenter\"><img loading=\"lazy\" decoding=\"async\" aria-describedby=\"caption-attachment-346824\" class=\"size-large wp-image-346824\" src=\"http:\/\/www.diarioimagen.net\/wp-content\/uploads\/2017\/10\/luis-miguel-2-PORTAL-413x460.jpg\" alt=\"\" width=\"413\" height=\"460\" srcset=\"https:\/\/www.diarioimagen.net\/wp-content\/uploads\/2017\/10\/luis-miguel-2-PORTAL-413x460.jpg 413w, https:\/\/www.diarioimagen.net\/wp-content\/uploads\/2017\/10\/luis-miguel-2-PORTAL-216x240.jpg 216w, https:\/\/www.diarioimagen.net\/wp-content\/uploads\/2017\/10\/luis-miguel-2-PORTAL.jpg 700w\" sizes=\"auto, (max-width: 413px) 100vw, 413px\" \/><p id=\"caption-attachment-346824\" class=\"wp-caption-text\">Cabe recordar que el 13 de septiembre la ciudad de Las Vegas declar\u00f3 esa fecha como el \u201cD\u00eda de Luis Miguel\u201d.<\/p><\/div>\n","protected":false},"excerpt":{"rendered":"<p>Luis Miguel se sum\u00f3 a la lista de celebridades que han lamentado la terrible tragedia que se vivi\u00f3 en Las Vegas, donde un hombre identificado como Stephen Paddock dispar\u00f3 desde una de las habitaciones del piso 32 del hotel Mandalay Bay contra una multitud que estaba reunida en un concierto del cantante de country Jason Aldean, quit\u00e1ndole la vida a 59 personas y dejando 515 heridas.<\/p>\n","protected":false},"author":5,"featured_media":346825,"comment_status":"open","ping_status":"open","sticky":false,"template":"","format":"standard","meta":{"_monsterinsights_skip_tracking":false,"_monsterinsights_sitenote_active":false,"_monsterinsights_sitenote_note":"","_monsterinsights_sitenote_category":0,"footnotes":""},"categories":[12],"tags":[43682,66103,4371,1433,66102,1769,66104],"class_list":["post-346822","post","type-post","status-publish","format-standard","has-post-thumbnail","hentry","category-espectaculos","tag-espectaculos","tag-hotel-mandalay-bay","tag-las-vegas","tag-luis-miguel","tag-nunca-se-apaga","tag-puerto-rico","tag-dia-de-luis-miguel"],"_links":{"self":[{"href":"https:\/\/www.diarioimagen.net\/index.php?rest_route=\/wp\/v2\/posts\/346822","targetHints":{"allow":["GET"]}}],"collection":[{"href":"https:\/\/www.diarioimagen.net\/index.php?rest_route=\/wp\/v2\/posts"}],"about":[{"href":"https:\/\/www.diarioimagen.net\/index.php?rest_route=\/wp\/v2\/types\/post"}],"author":[{"embeddable":true,"href":"https:\/\/www.diarioimagen.net\/index.php?rest_route=\/wp\/v2\/users\/5"}],"replies":[{"embeddable":true,"href":"https:\/\/www.diarioimagen.net\/index.php?rest_route=%2Fwp%2Fv2%2Fcomments&post=346822"}],"version-history":[{"count":0,"href":"https:\/\/www.diarioimagen.net\/index.php?rest_route=\/wp\/v2\/posts\/346822\/revisions"}],"wp:featuredmedia":[{"embeddable":true,"href":"https:\/\/www.diarioimagen.net\/index.php?rest_route=\/wp\/v2\/media\/346825"}],"wp:attachment":[{"href":"https:\/\/www.diarioimagen.net\/index.php?rest_route=%2Fwp%2Fv2%2Fmedia&parent=346822"}],"wp:term":[{"taxonomy":"category","embeddable":true,"href":"https:\/\/www.diarioimagen.net\/index.php?rest_route=%2Fwp%2Fv2%2Fcategories&post=346822"},{"taxonomy":"post_tag","embeddable":true,"href":"https:\/\/www.diarioimagen.net\/index.php?rest_route=%2Fwp%2Fv2%2Ftags&post=346822"}],"curies":[{"name":"wp","href":"https:\/\/api.w.org\/{rel}","templated":true}]}}