{"id":346908,"date":"2017-10-04T00:11:51","date_gmt":"2017-10-04T05:11:51","guid":{"rendered":"http:\/\/www.diarioimagen.net\/?p=346908"},"modified":"2017-10-04T04:36:26","modified_gmt":"2017-10-04T09:36:26","slug":"anaya-lanza-a-barrales-y-a-dante-contra-opositores-internos","status":"publish","type":"post","link":"https:\/\/www.diarioimagen.net\/?p=346908","title":{"rendered":"Anaya lanza a Barrales y a Dante contra opositores internos"},"content":{"rendered":"<h2>Tras la puerta del poder<\/h2>\n<h5>Roberto Vizca\u00edno<\/h5>\n<p>&nbsp;<\/p>\n<div id=\"attachment_347015\" style=\"width: 470px\" class=\"wp-caption aligncenter\"><a href=\"http:\/\/www.diarioimagen.net\/?attachment_id=347015\" rel=\"attachment wp-att-347015\"><img loading=\"lazy\" decoding=\"async\" aria-describedby=\"caption-attachment-347015\" class=\"size-large wp-image-347015\" src=\"http:\/\/www.diarioimagen.net\/wp-content\/uploads\/2017\/10\/sr-lopez-MARAL-3221-460x450.jpg\" alt=\"\" width=\"460\" height=\"450\" srcset=\"https:\/\/www.diarioimagen.net\/wp-content\/uploads\/2017\/10\/sr-lopez-MARAL-3221-460x450.jpg 460w, https:\/\/www.diarioimagen.net\/wp-content\/uploads\/2017\/10\/sr-lopez-MARAL-3221-240x235.jpg 240w, https:\/\/www.diarioimagen.net\/wp-content\/uploads\/2017\/10\/sr-lopez-MARAL-3221-768x752.jpg 768w, https:\/\/www.diarioimagen.net\/wp-content\/uploads\/2017\/10\/sr-lopez-MARAL-3221-50x50.jpg 50w, https:\/\/www.diarioimagen.net\/wp-content\/uploads\/2017\/10\/sr-lopez-MARAL-3221.jpg 1200w\" sizes=\"auto, (max-width: 460px) 100vw, 460px\" \/><\/a><p id=\"caption-attachment-347015\" class=\"wp-caption-text\">Sr. L\u00f3pez&#8230; | Maral<\/p><\/div>\n<p>&nbsp;<\/p>\n<p>Hasta hoy, como la vean, Ricardo Anaya lleva ventaja.<\/p>\n<p>No s\u00f3lo particip\u00f3 junto a Alejandra Barrales &#8211;d\u00e9bil e incierta lideresa del PRD&#8211;, en la creaci\u00f3n del llamado Frente Amplio Opositor o Frente Ciudadano por M\u00e9xico, sino que ese frente ya es de \u00e9l.<\/p>\n<p>Sumado posteriormente, el\u00a0 Movimiento Ciudadano de Dante Delgado, ya fue igualmente absorbido por el queretano.<\/p>\n<p>Igual destino correr\u00e1 sin duda el Panal cuyo dirigente, Luis Castro Obreg\u00f3n, est\u00e1 ya enfilado a afiliarse al Frente.<\/p>\n<p>Para lograrlo, Anaya ha seguido un plan basado, como en la trama de El Padrino, de Mario Puzo, en propuestas que sus interlocutores no han podido rechazar: ocupar la candidatura presidencial del Frente a cambio de que Barrales lo sea para la Jefatura de Gobierno de la Ciudad de M\u00e9xico y Dante pueda ocupar una importante cartera en caso de que todos ellos triunfen el 1 de julio de 2018.<\/p>\n<p>Y, claro, respet\u00e1ndoles a cada uno el llevar mano en la nominaci\u00f3n de candidatos donde sus partidos tienen influencia.<\/p>\n<p>Anaya se reservar\u00eda las candidaturas a gobernador, alcaldes, diputados federales y locales y senadores en Guanajuato, Veracruz y Puebla y dejar\u00eda que Barrales y sus tribus hagan lo mismo en la CDMX, Morelos y Tabasco mientras que Dante lo har\u00eda en Jalisco.<\/p>\n<p>Y dejar\u00edan para un reparto libre las candidaturas de Yucat\u00e1n y Chiapas, donde ninguno de ellos representa una fuerza real.<\/p>\n<p>Este plan ha requerido de un silencio al interior del PAN que parece m\u00e1s a desd\u00e9n que a estrategia pol\u00edtica.<\/p>\n<p>Como Carlos Salinas en su momento, Anaya ni ve ni escucha a sus opositores reales al interior de su partido.<\/p>\n<p>En cambio ha consolidado su control de la estructura territorial, de los presupuestos y del padr\u00f3n blanquiazul.<\/p>\n<p>Para responderles a quienes le reclaman ser juez y parte de la contienda presidencial interna, y a quienes desde el PAN le exigen renunciar y definirse de una vez por todas, ahora tiene a Barrales, a Dante y al Frente<\/p>\n<p>\u00c9l calla. Y deja correr reclamos, sentencias y exabruptos. Mientras el tiempo camina inexorablemente. Y se cumplen los tiempos legales.<\/p>\n<p>Anaya y sus opositores saben que el domingo entrante se vence el plazo legal para que quienes quieren competirle la candidatura presidencial panista\u2026 o del Frente, ya sea Margarita Zavala o Rafael Moreno Valle, se inscriban como candidatos independientes.<\/p>\n<p>Si no lo hacen, Zavala y Moreno Valle podr\u00edan simplemente quedar fuera y Anaya consolidado como el m\u00e1s viable candidato blanquiazul y del Frente.<\/p>\n<p>Y es que de no apuntarse como independientes, Zavala y Moreno Valle no tendr\u00edan partidos que los postulen.<\/p>\n<p>Mire, el PRI y PVEM van en alianza: Morena y PT ya tienen a Andr\u00e9s Manuel L\u00f3pez Obrador y PAN, PRD, MC y Panal est\u00e1n en el Frente\u2026 s\u00f3lo queda libre el membrete del PES que s\u00f3lo puede postular a uno de ellos.<\/p>\n<p style=\"text-align: center;\"><strong>Como el dinosaurio, Anaya sigue ah\u00ed<\/strong><\/p>\n<p>Es as\u00ed que d\u00eda que pasa d\u00eda que la candidatura de Anaya se torna en ya casi una realidad. Eso es algo que no les embona a los senadores Roberto Gil Zuarth, Javier Lozano, Jorge Luis Lavalle y Salvador Vega y a decir de ellos quiz\u00e1 a otros 15 senadores blanquiazules m\u00e1s, entre quienes evidentemente est\u00e1n Ernesto Cordero y Luisa Mar\u00eda Calder\u00f3n.<\/p>\n<p>Quienes tampoco apoyan a Anaya son quiz\u00e1 la mitad de los 12 gobernadores del PAN y no pocos dirigentes blaquiazules locales.<\/p>\n<p>Pero Anaya juega a que su postulaci\u00f3n sea no de ellos, sino del Frente y entonces estar\u00eda quit\u00e1ndoles el poder de inconformarse, de reclamar.<\/p>\n<p>En tempranera conferencia de prensa Anaya, Barrales y Dante respondieron ayer a Margarita Zavala, a Rafael Moreno Valle y a Silvano Aureoles (quienes exigieron que la candidatura presidencial del Frente saliera de una consulta abierta a todos los mexicanos), que la selecci\u00f3n ser\u00e1 democr\u00e1tica.<\/p>\n<p>Los del Frente les dijeron que \u201cel mecanismo para la elecci\u00f3n de candidaturas no ser\u00e1 tradicional\u201d y que \u201cbuscar\u00e1n blindar los procesos para evitar la injerencia del gobierno federal\u201d.<\/p>\n<p>Y es que Anaya, Barrales y Dante dicen que dejar que los ciudadanos designen candidatos a trav\u00e9s del voto abierto, ser\u00eda como dejarle la decisi\u00f3n al PRI y al gobierno de Enrique Pe\u00f1a Nieto.<\/p>\n<p>Los tres del Frente afirman que el PRI y su gobierno usar\u00edan programas sociales para influir en ese voto.<\/p>\n<p>\u00abTenemos que blindar el mecanismo de cualquier proceso de entes ajenos al frente. Ser\u00e1 un m\u00e9todo democr\u00e1tico que garantice que se ponga por delante, no solo la candidatura a la presidencia sino en todas, que se coloque a los mejores perfiles\u00bb, dijeron.<\/p>\n<p>Y hasta ah\u00ed lleg\u00f3 la exigencia de Margarita, Moreno Valle y Silvano.<\/p>\n<p style=\"text-align: center;\"><strong>Anaya, candidato espurio<\/strong><\/p>\n<p>Horas m\u00e1s tarde los senadores Roberto Gil Zuarth, Javier Lozano, Jorge Luis Lavalle y Salvador Vega encabezaron una largu\u00edsima conferencia en el Senado, llena de adjetivos y descalificaciones.<\/p>\n<p>Igual que Zavala, Moreno Valle y Aureoles demandaron que el Frente abra la selecci\u00f3n de candidatos al voto ciudadano.<\/p>\n<p>Y reiteraron que Anaya se agandalla impunemente cargos y recursos, padr\u00f3n y estructuras blanquiazules.<\/p>\n<p>Airados los senadores descargaron toda su furia contra un dirigente que simplemente no los pela.<\/p>\n<p>Los 4 legisladores confirmaron que Anaya les lleva ventaja a trav\u00e9s del control de todo dentro del PAN.<\/p>\n<p>\u201cHace campa\u00f1a a tambor batiente, env\u00eda mensajes a panistas, y sostiene una campa\u00f1a abierta, sin disimulo\u201d, afirmaron.<\/p>\n<p>Los 4 reiteraron una vez m\u00e1s que de lograr su cometido, Anaya ser\u00e1 el primer candidato presidencial del PAN que no haya sido designado por panistas ni por \u00f3rgano alguno de su partido, sino de una voluntad externa, la de quienes encabezan el Frente.<\/p>\n<p>Frente a eso no queda m\u00e1s que la ruptura, el quiebre del PAN, indican.<\/p>\n<p>\u00bfQu\u00e9 hacer? La verdad poco pueden hacer ante el agandalle casi consumado de Anaya y su Frente.<\/p>\n<p>&nbsp;<\/p>\n<p><strong>Margarita, no descarta<\/strong><\/p>\n<p>Entrevistada por Ciro G\u00f3mez Leyva, la esposa del ex presidente Felipe Calder\u00f3n, Margarita Zavala no descart\u00f3 inscribirse como candidata independiente.<\/p>\n<p>Har\u00eda bien en no retrasarlo, creo yo.<\/p>\n<p style=\"text-align: center;\"><strong>Van por Monreal <\/strong><\/p>\n<p>Jes\u00fas Ortega y Jes\u00fas Zambrano, cabezas de Los Chuchos, pedir\u00e1n ma\u00f1ana a Alejandra Barrales que negocie la inclusi\u00f3n de Ricardo Monreal, delegado a\u00fan de la Cuauht\u00e9moc, como uno de los aspirantes del Frente a la Jefatura de Gobierno de la Ciudad de M\u00e9xico.<\/p>\n<p>Ortega y Zambrano saben bien que Barrales cree tener asegurada esa candidatura.<\/p>\n<p><em><a href=\"mailto:rvizcainoa@gmail.com\" target=\"_blank\" rel=\"noopener noreferrer\">rvizcainoa@gmail.com<\/a><\/em><br \/>\n<em><a href=\"http:\/\/www.endirecto.com.mx\/\" target=\"_blank\" rel=\"noopener noreferrer\">www.endirecto.com.mx<\/a><\/em><br \/>\n<em><a href=\"https:\/\/twitter.com\/_rvizcaino\" target=\"_blank\" rel=\"noopener noreferrer\">@_RVizcaino<\/a><\/em><br \/>\n<a href=\"https:\/\/www.facebook.com\/rvizcainoa\" target=\"_blank\" rel=\"noopener noreferrer\">f<em>acebook.com\/rvizcainoa<\/em><\/a><\/p>\n","protected":false},"excerpt":{"rendered":"<p><span style=\"color: #005497;\"><strong>Roberto Vizca\u00edno<\/strong><\/span><br \/>\n<br \/>\nHasta hoy, como la vean, Ricardo Anaya lleva ventaja. No s\u00f3lo particip\u00f3 junto a Alejandra Barrales &#8211;d\u00e9bil e incierta lideresa del PRD&#8211;, en la creaci\u00f3n del llamado Frente Amplio Opositor o Frente Ciudadano por M\u00e9xico, sino que ese frente ya es de \u00e9l.<\/p>\n","protected":false},"author":3,"featured_media":347015,"comment_status":"open","ping_status":"open","sticky":false,"template":"","format":"standard","meta":{"_monsterinsights_skip_tracking":false,"_monsterinsights_sitenote_active":false,"_monsterinsights_sitenote_note":"","_monsterinsights_sitenote_category":0,"footnotes":""},"categories":[136],"tags":[43674,93,94],"class_list":["post-346908","post","type-post","status-publish","format-standard","has-post-thumbnail","hentry","category-roberto-vizcaino-opinion","tag-opinion","tag-roberto-vizcaino","tag-tras-la-puerta-del-poder"],"_links":{"self":[{"href":"https:\/\/www.diarioimagen.net\/index.php?rest_route=\/wp\/v2\/posts\/346908","targetHints":{"allow":["GET"]}}],"collection":[{"href":"https:\/\/www.diarioimagen.net\/index.php?rest_route=\/wp\/v2\/posts"}],"about":[{"href":"https:\/\/www.diarioimagen.net\/index.php?rest_route=\/wp\/v2\/types\/post"}],"author":[{"embeddable":true,"href":"https:\/\/www.diarioimagen.net\/index.php?rest_route=\/wp\/v2\/users\/3"}],"replies":[{"embeddable":true,"href":"https:\/\/www.diarioimagen.net\/index.php?rest_route=%2Fwp%2Fv2%2Fcomments&post=346908"}],"version-history":[{"count":0,"href":"https:\/\/www.diarioimagen.net\/index.php?rest_route=\/wp\/v2\/posts\/346908\/revisions"}],"wp:featuredmedia":[{"embeddable":true,"href":"https:\/\/www.diarioimagen.net\/index.php?rest_route=\/wp\/v2\/media\/347015"}],"wp:attachment":[{"href":"https:\/\/www.diarioimagen.net\/index.php?rest_route=%2Fwp%2Fv2%2Fmedia&parent=346908"}],"wp:term":[{"taxonomy":"category","embeddable":true,"href":"https:\/\/www.diarioimagen.net\/index.php?rest_route=%2Fwp%2Fv2%2Fcategories&post=346908"},{"taxonomy":"post_tag","embeddable":true,"href":"https:\/\/www.diarioimagen.net\/index.php?rest_route=%2Fwp%2Fv2%2Ftags&post=346908"}],"curies":[{"name":"wp","href":"https:\/\/api.w.org\/{rel}","templated":true}]}}