{"id":347399,"date":"2017-10-09T00:09:01","date_gmt":"2017-10-09T05:09:01","guid":{"rendered":"http:\/\/www.diarioimagen.net\/?p=347399"},"modified":"2017-10-09T22:37:13","modified_gmt":"2017-10-10T03:37:13","slug":"presenta-alfredo-del-mazo-decalogo-de-acciones-en-materia-de-seguridad","status":"publish","type":"post","link":"https:\/\/www.diarioimagen.net\/?p=347399","title":{"rendered":"Presenta Del Mazo dec\u00e1logo de acciones en materia de seguridad"},"content":{"rendered":"<ul>\n<li><strong><em>Exige al gabinete del ramo dar resultados de inmediato<\/em><\/strong><\/li>\n<\/ul>\n<h6>Jos\u00e9 Luis Monta\u00f1ez<\/h6>\n<p>&nbsp;<\/p>\n<div id=\"attachment_347400\" style=\"width: 470px\" class=\"wp-caption aligncenter\"><img loading=\"lazy\" decoding=\"async\" aria-describedby=\"caption-attachment-347400\" class=\"wp-image-347400 size-large\" src=\"http:\/\/www.diarioimagen.net\/wp-content\/uploads\/2017\/10\/DECALOGO9-PORTAL-460x268.jpg\" alt=\"\" width=\"460\" height=\"268\" srcset=\"https:\/\/www.diarioimagen.net\/wp-content\/uploads\/2017\/10\/DECALOGO9-PORTAL-460x268.jpg 460w, https:\/\/www.diarioimagen.net\/wp-content\/uploads\/2017\/10\/DECALOGO9-PORTAL-240x140.jpg 240w, https:\/\/www.diarioimagen.net\/wp-content\/uploads\/2017\/10\/DECALOGO9-PORTAL.jpg 480w\" sizes=\"auto, (max-width: 460px) 100vw, 460px\" \/><p id=\"caption-attachment-347400\" class=\"wp-caption-text\">Alfredo Del Mazo Maza present\u00f3 un dec\u00e1logo de acciones inmediatas para combatir la inseguridad.<\/p><\/div>\n<p>&nbsp;<\/p>\n<p><strong>Ecatepec, Estado de M\u00e9xico<\/strong>.- El gobernador del Estado de M\u00e9xico, Alfredo Del Mazo Maza present\u00f3 un dec\u00e1logo de acciones para combatir la inseguridad en la entidad.<\/p>\n<p>Instruy\u00f3 al Gabinete de Seguridad a que, de manera inmediata, comience a dar resultados que permitan devolver la tranquilidad a los mexiquenses.<\/p>\n<p>Afirm\u00f3 que el objetivo es convertir al Estado de M\u00e9xico en una de las entidades m\u00e1s seguras del pa\u00eds, como ofreci\u00f3 en su toma de protesta.<\/p>\n<p>\u201cLa seguridad es el desaf\u00edo m\u00e1s grande que enfrentamos hoy los mexiquenses, y por ello, hacerle frente es la m\u00e1s alta prioridad de mi gobierno\u201d, asever\u00f3 el mandatario mexiquense.<\/p>\n<p>\u201cDesde que asumimos esta responsabilidad, estamos trabajando para que cada mexiquense se sienta verdaderamente seguro al salir a la calle, a la escuela, a su trabajo, en los parques o en el transporte p\u00fablico\u201d.<\/p>\n<p>El titular del Ejecutivo estatal se comprometi\u00f3 a reconstruir y fortalecer la relaci\u00f3n entre gobierno y ciudadan\u00eda, lo cual requiere de una mejor Polic\u00eda Estatal, as\u00ed como regenerar el tejido social. Subray\u00f3 la importancia de contar con estrategias para atacar los delitos cometidos contra mujeres y los que afectan a los usuarios del transporte p\u00fablico, a fin de regresar y garantizar la tranquilidad de vivir en la entidad mexiquense.<\/p>\n<p>\u201cLograremos que el Estado de M\u00e9xico sea uno de los m\u00e1s seguros del pa\u00eds con esfuerzo y perseverancia, pero sobre todo, con coordinaci\u00f3n; en materia de seguridad, mi gobierno pondr\u00e1 a todas las instituciones del Estado al servicio de las y los mexiquenses\u201d.<\/p>\n<p>Con decisiones firmes y resultados fuertes, combatiremos el delito y la violencia; y juntos recuperaremos la seguridad y la tranquilidad en el Estado de M\u00e9xico, subray\u00f3.<\/p>\n<p>El mandatario del Estado de M\u00e9xico orden\u00f3 realizar una depuraci\u00f3n de las corporaciones, apoyados en los ex\u00e1menes de control de confianza, y coadyuvando con las instancias correspondientes, como el Ministerio P\u00fablico y las autoridades encargadas de la prevenci\u00f3n, investigaci\u00f3n y persecuci\u00f3n de delitos.<\/p>\n<p>El objetivo es, agreg\u00f3, consolidar la capacitaci\u00f3n, profesionalizaci\u00f3n, adiestramiento y especializaci\u00f3n de las instituciones policiales, para recuperar la confianza en las corporaciones policiales.<\/p>\n<p>\u201cMe he propuesto que los mexiquenses cuenten con una polic\u00eda moderna y profesional, con las atribuciones y capacidades suficientes para que se pueda reconstruir la relaci\u00f3n entre el ciudadano y la autoridad\u201d, se\u00f1al\u00f3.<\/p>\n<p>El dec\u00e1logo considera las l\u00edneas estrat\u00e9gicas de acci\u00f3n, que ser\u00e1n coordinadas por la Secretar\u00eda de Seguridad, que los funcionarios deber\u00e1n implementar para dar los resultados esperados:<\/p>\n<p>\u2014Concentrar en la Secretar\u00eda de Seguridad las tareas y mando del esfuerzo estatal en materia de seguridad p\u00fablica y privada.<\/p>\n<p>\u2014Enfrentar desde una perspectiva integral la prevenci\u00f3n, investigaci\u00f3n y persecuci\u00f3n de los delitos, con base en la inteligencia policial.<\/p>\n<p>\u2014Realizar una reingenier\u00eda al modelo de polic\u00eda estatal y coadyuvar en el fortalecimiento de las polic\u00edas municipales.<\/p>\n<p>\u2014Redireccionar la estrategia estatal contra la delincuencia, enfocada en el combate al robo en transporte p\u00fablico, el de veh\u00edculos, extorsi\u00f3n, feminicidio, secuestro, homicidio, narcomenudeo, entre otros.<\/p>\n<p>\u2014Fortalecer el sistema \u00fanico de informaci\u00f3n criminal estatal.<\/p>\n<p>\u2014Combate a la corrupci\u00f3n con un enfoque frontal y sistem\u00e1tico.<\/p>\n<p>\u2014Desarrollo de la doctrina y normatividad del uso leg\u00edtimo de la fuerza.<\/p>\n<p>\u2014Fortalecer la estrategia para la prevenci\u00f3n del delito con la participaci\u00f3n ciudadana.<\/p>\n<p>\u2014Fortalecer los mecanismos de control y seguimiento penitenciario.<\/p>\n<p>\u2014Consolidar el modelo de control de confianza estatal.<\/p>\n<p>El Gabinete de Seguridad est\u00e1 integrado por el secretario general de Gobierno, Alejandro Ozuna Rivero; la secretaria de Seguridad, Maribel Cervantes Guerrero; el subsecretario general de Gobierno, El\u00edas Rescala Jim\u00e9nez; el fiscal general de Justicia, Alejandro Jaime G\u00f3mez S\u00e1nchez, y el comisionado de Seguridad, Eduardo Valiente Hern\u00e1ndez.<\/p>\n<p>Tambi\u00e9n el secretario de la Contralor\u00eda, Javier Vargas Zempoalt\u00e9catl; el titular de Justicia y Derechos Humanos, Rodrigo Espeleta Aladro; el secretario de Movilidad, Raymundo Mart\u00ednez Carbajal, as\u00ed como el secretario t\u00e9cnico del Gabinete, \u00c9riko Flores P\u00e9rez.<\/p>\n","protected":false},"excerpt":{"rendered":"<p><span style=\"color: #005497;\">Jos\u00e9 Luis Monta\u00f1ez<\/span><br \/>\n<br \/>\nEl gobernador del Estado de M\u00e9xico, Alfredo Del Mazo Maza present\u00f3 un dec\u00e1logo de acciones para combatir la inseguridad en la entidad. Instruy\u00f3 al Gabinete de Seguridad a que, de manera inmediata, comience a dar resultados que permitan devolver la tranquilidad a los mexiquenses.<\/p>\n","protected":false},"author":5,"featured_media":347400,"comment_status":"open","ping_status":"open","sticky":false,"template":"","format":"standard","meta":{"_monsterinsights_skip_tracking":false,"_monsterinsights_sitenote_active":false,"_monsterinsights_sitenote_note":"","_monsterinsights_sitenote_category":0,"footnotes":""},"categories":[5],"tags":[454,43675,66240,66239,7410,46153],"class_list":["post-347399","post","type-post","status-publish","format-standard","has-post-thumbnail","hentry","category-estado-de-mexico","tag-ecatepec","tag-estado-de-mexico","tag-gabinete-de-seguridad","tag-materia-de-seguridad","tag-policia-estatal","tag-resultados"],"_links":{"self":[{"href":"https:\/\/www.diarioimagen.net\/index.php?rest_route=\/wp\/v2\/posts\/347399","targetHints":{"allow":["GET"]}}],"collection":[{"href":"https:\/\/www.diarioimagen.net\/index.php?rest_route=\/wp\/v2\/posts"}],"about":[{"href":"https:\/\/www.diarioimagen.net\/index.php?rest_route=\/wp\/v2\/types\/post"}],"author":[{"embeddable":true,"href":"https:\/\/www.diarioimagen.net\/index.php?rest_route=\/wp\/v2\/users\/5"}],"replies":[{"embeddable":true,"href":"https:\/\/www.diarioimagen.net\/index.php?rest_route=%2Fwp%2Fv2%2Fcomments&post=347399"}],"version-history":[{"count":0,"href":"https:\/\/www.diarioimagen.net\/index.php?rest_route=\/wp\/v2\/posts\/347399\/revisions"}],"wp:featuredmedia":[{"embeddable":true,"href":"https:\/\/www.diarioimagen.net\/index.php?rest_route=\/wp\/v2\/media\/347400"}],"wp:attachment":[{"href":"https:\/\/www.diarioimagen.net\/index.php?rest_route=%2Fwp%2Fv2%2Fmedia&parent=347399"}],"wp:term":[{"taxonomy":"category","embeddable":true,"href":"https:\/\/www.diarioimagen.net\/index.php?rest_route=%2Fwp%2Fv2%2Fcategories&post=347399"},{"taxonomy":"post_tag","embeddable":true,"href":"https:\/\/www.diarioimagen.net\/index.php?rest_route=%2Fwp%2Fv2%2Ftags&post=347399"}],"curies":[{"name":"wp","href":"https:\/\/api.w.org\/{rel}","templated":true}]}}