{"id":347887,"date":"2017-10-11T00:13:30","date_gmt":"2017-10-11T05:13:30","guid":{"rendered":"http:\/\/www.diarioimagen.net\/?p=347887"},"modified":"2017-10-11T00:16:42","modified_gmt":"2017-10-11T05:16:42","slug":"puigdemont-deja-en-suspenso-independencia-de-cataluna","status":"publish","type":"post","link":"https:\/\/www.diarioimagen.net\/?p=347887","title":{"rendered":"Puigdemont deja en suspenso independencia de Catalu\u00f1a"},"content":{"rendered":"<ul>\n<li><strong><em>Comparece ante el Parlamento<\/em><\/strong><\/li>\n<\/ul>\n<p>&nbsp;<\/p>\n<div id=\"attachment_347888\" style=\"width: 470px\" class=\"wp-caption aligncenter\"><img loading=\"lazy\" decoding=\"async\" aria-describedby=\"caption-attachment-347888\" class=\"wp-image-347888 size-large\" src=\"http:\/\/www.diarioimagen.net\/wp-content\/uploads\/2017\/10\/CATALU\u00d1A11-PORTAL-460x268.jpg\" alt=\"\" width=\"460\" height=\"268\" srcset=\"https:\/\/www.diarioimagen.net\/wp-content\/uploads\/2017\/10\/CATALU\u00d1A11-PORTAL-460x268.jpg 460w, https:\/\/www.diarioimagen.net\/wp-content\/uploads\/2017\/10\/CATALU\u00d1A11-PORTAL-240x140.jpg 240w, https:\/\/www.diarioimagen.net\/wp-content\/uploads\/2017\/10\/CATALU\u00d1A11-PORTAL.jpg 480w\" sizes=\"auto, (max-width: 460px) 100vw, 460px\" \/><p id=\"caption-attachment-347888\" class=\"wp-caption-text\">Carles Puigdemont propuso al Parlamento suspender los efectos de la declaraci\u00f3n de independencia para abrir el di\u00e1logo.<\/p><\/div>\n<p>&nbsp;<\/p>\n<p>El presidente de la Generalitat de Catalu\u00f1a, Carles Puigdemont, propuso ayer martes al parlamento suspender los efectos de la declaraci\u00f3n de independencia de esa regi\u00f3n aut\u00f3noma espa\u00f1ola que proced\u00eda luego del refer\u00e9ndum del 1 de octubre, para abrir espacio al di\u00e1logo con diversas instancias.<\/p>\n<p>En su participaci\u00f3n en la sesi\u00f3n del parlamento catal\u00e1n, Puigdemont declar\u00f3 la independencia de esta comunidad respecto de Espa\u00f1a, pero pidi\u00f3 se suspenda la medida para abrir paso a una etapa de di\u00e1logo con el Estado espa\u00f1ol.<\/p>\n<p>Al comparecer ante el Parlamento de Catalu\u00f1a para informar sobre la situaci\u00f3n pol\u00edtica que se vive tras la consulta de autodeterminaci\u00f3n del 1 de octubre, asegur\u00f3 que el resultado muestra que se ha ganado el derecho a ser un Estado independiente.<\/p>\n<p>\u201cHoy asumo el mandato de que Catalu\u00f1a se convierta en un Estado independiente en forma de Rep\u00fablica\u201d, dijo Puigdemont, para luego pedir \u201cal Parlamento que suspenda la declaraci\u00f3n de independencia para iniciar un di\u00e1logo las pr\u00f3ximas semanas\u201d.<\/p>\n<p>Seg\u00fan el l\u00edder catal\u00e1n, su Ejecutivo celebrar\u00e1 una sesi\u00f3n ordinaria para declarar la independencia e iniciar un proceso constituyente.<\/p>\n<p>Puigdemont asegur\u00f3 que \u201cno somos delincuentes, locos, golpistas, aducidos, somos gente normal que pide poder votar y que ha estado dispuesta a todo el di\u00e1logo que fuera necesario para hacerlo de forma acordada\u201d.<\/p>\n<p>Afirm\u00f3: \u201cno tenemos nada contra Espa\u00f1a y los espa\u00f1oles, al contrario queremos una buena relaci\u00f3n, pero desde hace mucho \u00e9sta no funciona y nada se ha hecho para remediar algo insostenible. Un pueblo no puede ser forzado a aceptar algo que no tolera y no quiere\u201d, despu\u00e9s de a\u00f1os de lo que consider\u00f3 agravios por parte de las autoridades espa\u00f1olas.<\/p>\n<p>Record\u00f3 que durante mucho tiempo ha reclamado un refer\u00e9ndum acordado como el celebrado en Escocia pero se ha encontrado con \u201cuna negativa radical y absoluta\u201d del gobierno espa\u00f1ol.<\/p>\n<p>Entre los agravios mencion\u00f3 lo que considera \u201cmenosprecio\u201d a la lengua y la cultura catalanas, la falta de inversiones y la decisi\u00f3n del Tribunal Constitucional en 2010 de recortar el Estatut (norma b\u00e1sica en Catalu\u00f1a) que hab\u00eda sido aprobado en consulta popular unos a\u00f1os antes.<\/p>\n<p>Puigdemont asegur\u00f3 tambi\u00e9n que Catalu\u00f1a \u201ces un asunto europeo\u201d y se comprometi\u00f3 a \u201cdesescalar la tensi\u00f3n\u201d generada por ese refer\u00e9ndum.<\/p>\n","protected":false},"excerpt":{"rendered":"<p>El presidente de la Generalitat de Catalu\u00f1a, Carles Puigdemont, propuso ayer martes al parlamento suspender los efectos de la declaraci\u00f3n de independencia de esa regi\u00f3n aut\u00f3noma espa\u00f1ola que proced\u00eda luego del refer\u00e9ndum del 1 de octubre, para abrir espacio al di\u00e1logo con diversas instancias.<\/p>\n","protected":false},"author":5,"featured_media":347888,"comment_status":"open","ping_status":"open","sticky":false,"template":"","format":"standard","meta":{"_monsterinsights_skip_tracking":false,"_monsterinsights_sitenote_active":false,"_monsterinsights_sitenote_note":"","_monsterinsights_sitenote_category":0,"footnotes":""},"categories":[9],"tags":[66166,64918,66398,6379,66334,66399,43679,66335,66336,66400],"class_list":["post-347887","post","type-post","status-publish","format-standard","has-post-thumbnail","hentry","category-mundo","tag-carles-puigdemont","tag-cataluna","tag-fuera","tag-independencia","tag-independencia-de-cataluna","tag-largo","tag-mundo","tag-puigdemont","tag-referendum-del-1-de-octubre","tag-suspenso"],"_links":{"self":[{"href":"https:\/\/www.diarioimagen.net\/index.php?rest_route=\/wp\/v2\/posts\/347887","targetHints":{"allow":["GET"]}}],"collection":[{"href":"https:\/\/www.diarioimagen.net\/index.php?rest_route=\/wp\/v2\/posts"}],"about":[{"href":"https:\/\/www.diarioimagen.net\/index.php?rest_route=\/wp\/v2\/types\/post"}],"author":[{"embeddable":true,"href":"https:\/\/www.diarioimagen.net\/index.php?rest_route=\/wp\/v2\/users\/5"}],"replies":[{"embeddable":true,"href":"https:\/\/www.diarioimagen.net\/index.php?rest_route=%2Fwp%2Fv2%2Fcomments&post=347887"}],"version-history":[{"count":0,"href":"https:\/\/www.diarioimagen.net\/index.php?rest_route=\/wp\/v2\/posts\/347887\/revisions"}],"wp:featuredmedia":[{"embeddable":true,"href":"https:\/\/www.diarioimagen.net\/index.php?rest_route=\/wp\/v2\/media\/347888"}],"wp:attachment":[{"href":"https:\/\/www.diarioimagen.net\/index.php?rest_route=%2Fwp%2Fv2%2Fmedia&parent=347887"}],"wp:term":[{"taxonomy":"category","embeddable":true,"href":"https:\/\/www.diarioimagen.net\/index.php?rest_route=%2Fwp%2Fv2%2Fcategories&post=347887"},{"taxonomy":"post_tag","embeddable":true,"href":"https:\/\/www.diarioimagen.net\/index.php?rest_route=%2Fwp%2Fv2%2Ftags&post=347887"}],"curies":[{"name":"wp","href":"https:\/\/api.w.org\/{rel}","templated":true}]}}