{"id":347954,"date":"2017-10-11T00:11:55","date_gmt":"2017-10-11T05:11:55","guid":{"rendered":"http:\/\/www.diarioimagen.net\/?p=347954"},"modified":"2017-10-11T01:30:14","modified_gmt":"2017-10-11T06:30:14","slug":"mas-de-2-millones-de-alumnos-mexiquenses-regresan-a-clases","status":"publish","type":"post","link":"https:\/\/www.diarioimagen.net\/?p=347954","title":{"rendered":"M\u00e1s de 2 millones de alumnos mexiquenses regresan a clases"},"content":{"rendered":"<ul>\n<li><strong><em>Luego de la suspensi\u00f3n por el sismo del <\/em>19-S<\/strong><\/li>\n<\/ul>\n<p>&nbsp;<\/p>\n<div id=\"attachment_348050\" style=\"width: 470px\" class=\"wp-caption aligncenter\"><a href=\"http:\/\/www.diarioimagen.net\/?attachment_id=348050\" rel=\"attachment wp-att-348050\"><img loading=\"lazy\" decoding=\"async\" aria-describedby=\"caption-attachment-348050\" class=\"size-large wp-image-348050\" src=\"http:\/\/www.diarioimagen.net\/wp-content\/uploads\/2017\/10\/clases-3226-460x259.jpg\" alt=\"\" width=\"460\" height=\"259\" srcset=\"https:\/\/www.diarioimagen.net\/wp-content\/uploads\/2017\/10\/clases-3226-460x259.jpg 460w, https:\/\/www.diarioimagen.net\/wp-content\/uploads\/2017\/10\/clases-3226-240x135.jpg 240w, https:\/\/www.diarioimagen.net\/wp-content\/uploads\/2017\/10\/clases-3226-235x132.jpg 235w, https:\/\/www.diarioimagen.net\/wp-content\/uploads\/2017\/10\/clases-3226-202x114.jpg 202w, https:\/\/www.diarioimagen.net\/wp-content\/uploads\/2017\/10\/clases-3226-350x196.jpg 350w, https:\/\/www.diarioimagen.net\/wp-content\/uploads\/2017\/10\/clases-3226-220x123.jpg 220w, https:\/\/www.diarioimagen.net\/wp-content\/uploads\/2017\/10\/clases-3226-237x132.jpg 237w, https:\/\/www.diarioimagen.net\/wp-content\/uploads\/2017\/10\/clases-3226.jpg 480w\" sizes=\"auto, (max-width: 460px) 100vw, 460px\" \/><\/a><p id=\"caption-attachment-348050\" class=\"wp-caption-text\">Un total de 2 millones 192 mil 955 alumnos mexiquenses regresan a clases este mi\u00e9rcoles.<\/p><\/div>\n<p>&nbsp;<\/p>\n<p><strong>Toluca, Estado de M\u00e9xico<\/strong>.- Este mi\u00e9rcoles, un total de 2 millones 192 mil 955 alumnos mexiquenses regresan a clases, luego de la suspensi\u00f3n de labores ocasionada por el sismo del 19 de septiembre.<\/p>\n<p>Lo cual equivale al 52.85\u00a0 por ciento de estudiantes de escuelas p\u00fablicas y privadas en el Estado de M\u00e9xico. La lista actualizada se encuentra en la p\u00e1gina: http:\/\/ consultaes cuela.edugem.gob.mx.<\/p>\n<p>Estos centros escolares cuentan con el dictamen de Protecci\u00f3n Civil o del Instituto Mexiquense de Infraestructura F\u00edsica Educativa (IMIFE), para brindar certeza de que estos espacios educativos son seguros para que los ni\u00f1os y j\u00f3venes reciban clases.<\/p>\n<p>Por el sismo, 3 mil 388 centros escolares sufrieron afectaciones, de los cuales mil 35 tienen da\u00f1os menores; mil 899 intermedios y 464 registran da\u00f1os graves en su infraestructura.<\/p>\n","protected":false},"excerpt":{"rendered":"<p>Este mi\u00e9rcoles, un total de 2 millones 192 mil 955 alumnos mexiquenses regresan a clases, luego de la suspensi\u00f3n de labores ocasionada por el sismo del 19 de septiembre. Lo cual equivale al 52.85  por ciento de estudiantes de escuelas p\u00fablicas y privadas en el Estado de M\u00e9xico. La lista actualizada se encuentra en la p\u00e1gina: http:\/\/ consultaes cuela.edugem.gob.mx.<\/p>\n","protected":false},"author":3,"featured_media":348050,"comment_status":"open","ping_status":"open","sticky":false,"template":"","format":"standard","meta":{"_monsterinsights_skip_tracking":false,"_monsterinsights_sitenote_active":false,"_monsterinsights_sitenote_note":"","_monsterinsights_sitenote_category":0,"footnotes":""},"categories":[5],"tags":[65860,19577,24434,43675,66386,452],"class_list":["post-347954","post","type-post","status-publish","format-standard","has-post-thumbnail","hentry","category-estado-de-mexico","tag-19-s","tag-alumnos","tag-clases","tag-estado-de-mexico","tag-regreso","tag-toluca"],"_links":{"self":[{"href":"https:\/\/www.diarioimagen.net\/index.php?rest_route=\/wp\/v2\/posts\/347954","targetHints":{"allow":["GET"]}}],"collection":[{"href":"https:\/\/www.diarioimagen.net\/index.php?rest_route=\/wp\/v2\/posts"}],"about":[{"href":"https:\/\/www.diarioimagen.net\/index.php?rest_route=\/wp\/v2\/types\/post"}],"author":[{"embeddable":true,"href":"https:\/\/www.diarioimagen.net\/index.php?rest_route=\/wp\/v2\/users\/3"}],"replies":[{"embeddable":true,"href":"https:\/\/www.diarioimagen.net\/index.php?rest_route=%2Fwp%2Fv2%2Fcomments&post=347954"}],"version-history":[{"count":0,"href":"https:\/\/www.diarioimagen.net\/index.php?rest_route=\/wp\/v2\/posts\/347954\/revisions"}],"wp:featuredmedia":[{"embeddable":true,"href":"https:\/\/www.diarioimagen.net\/index.php?rest_route=\/wp\/v2\/media\/348050"}],"wp:attachment":[{"href":"https:\/\/www.diarioimagen.net\/index.php?rest_route=%2Fwp%2Fv2%2Fmedia&parent=347954"}],"wp:term":[{"taxonomy":"category","embeddable":true,"href":"https:\/\/www.diarioimagen.net\/index.php?rest_route=%2Fwp%2Fv2%2Fcategories&post=347954"},{"taxonomy":"post_tag","embeddable":true,"href":"https:\/\/www.diarioimagen.net\/index.php?rest_route=%2Fwp%2Fv2%2Ftags&post=347954"}],"curies":[{"name":"wp","href":"https:\/\/api.w.org\/{rel}","templated":true}]}}