{"id":348383,"date":"2017-10-13T00:08:09","date_gmt":"2017-10-13T05:08:09","guid":{"rendered":"http:\/\/www.diarioimagen.net\/?p=348383"},"modified":"2017-10-12T19:00:30","modified_gmt":"2017-10-13T00:00:30","slug":"el-pri-de-cara-al-2018","status":"publish","type":"post","link":"https:\/\/www.diarioimagen.net\/?p=348383","title":{"rendered":"El PRI, de cara al 2018"},"content":{"rendered":"<h2>Punto por punto<\/h2>\n<h5>Augusto Corro<\/h5>\n<p>&nbsp;<\/p>\n<div id=\"attachment_348384\" style=\"width: 470px\" class=\"wp-caption aligncenter\"><a href=\"http:\/\/www.diarioimagen.net\/?attachment_id=348384\" rel=\"attachment wp-att-348384\"><img loading=\"lazy\" decoding=\"async\" aria-describedby=\"caption-attachment-348384\" class=\"size-large wp-image-348384\" src=\"http:\/\/www.diarioimagen.net\/wp-content\/uploads\/2017\/10\/NERVIOSISMO-3228-460x363.jpg\" alt=\"\" width=\"460\" height=\"363\" srcset=\"https:\/\/www.diarioimagen.net\/wp-content\/uploads\/2017\/10\/NERVIOSISMO-3228-460x363.jpg 460w, https:\/\/www.diarioimagen.net\/wp-content\/uploads\/2017\/10\/NERVIOSISMO-3228-240x189.jpg 240w, https:\/\/www.diarioimagen.net\/wp-content\/uploads\/2017\/10\/NERVIOSISMO-3228-768x605.jpg 768w, https:\/\/www.diarioimagen.net\/wp-content\/uploads\/2017\/10\/NERVIOSISMO-3228.jpg 1200w\" sizes=\"auto, (max-width: 460px) 100vw, 460px\" \/><\/a><p id=\"caption-attachment-348384\" class=\"wp-caption-text\">Nerviosismo&#8230; | Jos\u00e9 Luis<\/p><\/div>\n<p>&nbsp;<\/p>\n<p>En v\u00edsperas de las elecciones presidenciales del 2018, el Partido Revolucionario Institucional (PRI) pierde poco a poco su capital pol\u00edtico.<\/p>\n<p>Los esc\u00e1ndalos que rodean al \u201cpartidazo\u201d no le auguran nada bueno. Los tiempos electoreros se encuentran pr\u00f3ximos y no ser\u00e1 f\u00e1cil mejorar la imagen del PRI, ni de la administraci\u00f3n del presidente Enrique Pe\u00f1a Nieto.<\/p>\n<p>Ambos, PRI-gobierno, tienen que rendir cuentas de los resultados de sus gestiones. La c\u00fapula pri\u00edsta debe responder de sus errores a los militantes, y las autoridades federales a la poblaci\u00f3n.\u00a0 PRI y autoridades van de la mano. No se puede culpar a uno, sin afectar al otro.<\/p>\n<p>A menos de un a\u00f1o de distancia de las elecciones presidenciales en M\u00e9xico, el Revolucionario Institucional tiene un capital pol\u00edtico muy desgastado.<\/p>\n<p>En las mismas condiciones se encuentra el gobierno federal, que encabeza el primer mandatario, cuya administraci\u00f3n terminar\u00e1 en 2018.<\/p>\n<p style=\"text-align: center;\"><b>Actitud tard\u00eda<\/b><\/p>\n<p>Uno de los principales errores del PRI consisti\u00f3 en su actitud tard\u00eda y relajada contra los gobernadores corruptos, entre otros Javier Duarte, Roberto Borge, C\u00e9sar Duarte, etc.<\/p>\n<p>El l\u00edder flotillero, Enrique Ochoa Reza, se encarg\u00f3 de anunciar, en el marco de los grandes escenarios, la lucha contra la corrupci\u00f3n, pero los peces gordos se encuentran muy lejos de la c\u00e1rcel.<\/p>\n<p>De los pillos que se encuentran en v\u00edas de recibir castigo se encuentra Javier Duarte, el impresentable ex mandatario veracruzano.\u00a0 Este sujeto, seg\u00fan las acusaciones en su contra, no s\u00f3lo saque\u00f3 el tesoro p\u00fablico, sino tambi\u00e9n particip\u00f3 en actos relacionados con la delincuencia organizada.\u00a0 Su colega, Roberto Borge, de Quintana Roo, se encuentra en las mismas condiciones.<\/p>\n<p>Como la justicia mexicana es lenta, quiz\u00e1 los dos pillos conozcan el tama\u00f1o de sus condenas en los pr\u00f3ximos a\u00f1os. En la guerra de lodo de la contienda electoral, servir\u00e1n como punto de referencia al tocar temas sobre la corrupci\u00f3n.<\/p>\n<p style=\"text-align: center;\"><b>Los corruptos<\/b><\/p>\n<p>En ese rengl\u00f3n de los gobernadores corruptos, el PRI no tiene manera alguna de defenderse. El gobierno federal pri\u00edsta tampoco. Los esc\u00e1ndalos son innumerables. Algunos tienen soluci\u00f3n, pero dejan que crezcan.<\/p>\n<p>El asunto del socav\u00f3n en el Paso Expr\u00e9s, en el que murieron dos personas, bien se pudo echar de su cargo al secretario de Comunicaciones y Transportes, Gerardo Ruiz Esparza, pero no se hizo.<\/p>\n<p>Contin\u00faan las investigaciones, que sin duda responsabilizar\u00e1n a la autoridad federal de su negligencia en la inspecci\u00f3n de la obra. \u00bfHay culpables? Sin duda, pero a los cuates se les protege, no se les toca, parece ser la m\u00e1xima pol\u00edtica.<\/p>\n<p>Los errores del gobierno federal tambi\u00e9n aparecen en una larga lista. Uno de \u00e9stos est\u00e1 en la guerra contra la delincuencia organizada que no rinde frutos. Caen y caen capos, pero la espiral de violencia sigue en diferentes regiones de M\u00e9xico. \u00a1 Como consecuencia, la inseguridad se siente hasta en los m\u00e1s apartados rincones de nuestro pa\u00eds.<\/p>\n<p style=\"text-align: center;\"><b>Las gasolinas<\/b><\/p>\n<p>En otros renglones, los elevados precios en las gasolinas golpearon con dureza los bolsillos de los pobres. Subieron el costo del combustible y todo se encareci\u00f3.\u00a0 A grandes rasgos, \u00e9stos son algunos de los errores del PRI-gobierno, empe\u00f1ados malgastar su capital pol\u00edtico.<\/p>\n<p>Uno de estos ejemplos, se ve en el asunto del ex director de Pemex, Emilio Lozoya, quien se encuentra en el ojo del hurac\u00e1n por el caso Odebrecht, acusado de recibir 10 millones de d\u00f3lares para futuros contratos.<\/p>\n<p>A la hora de redactar estas l\u00edneas se desconoc\u00eda el papel verdadero del ex funcionario en la trama de la empresa brasile\u00f1a que \u201csalpicaba\u201d de \u201cpropinas\u201d a todos aquellos con los que hac\u00eda negocios. Los sobornos eran de millones de d\u00f3lares. Es m\u00e1s, ya pidi\u00f3 un amparo a la justicia federal para no ser detenido.<\/p>\n<p>El esc\u00e1ndalo de Odebrecht ya se ve\u00eda venir desde hace varios meses. Estaba cantado como dice el cl\u00e1sico. Algo fall\u00f3. Como gato bocarriba, Lozoya se defender\u00e1 de los cargos que le imputan, se dice inocente. Ojal\u00e1. De no ser as\u00ed, las investigaciones se ampliar\u00e1n y se llevar\u00e1n entre las espuelas a m\u00e1s personas.<\/p>\n<p>\u00bfSi el ex director de Pemex no recibi\u00f3 las millonadas de d\u00f3lares, quien las acept\u00f3? Si ya se conoc\u00eda que tarde o temprano, iba a estallar la bomba de Odebrecht, \u00bfpor qu\u00e9 no se tomaron las providencias necesarias para evitar da\u00f1os a la imagen pol\u00edtica del PRI-gobierno? \u00bfSeguir\u00e1 la suma de errores? A pocos d\u00edas de la euforia pri\u00edsta en su XXII Asamblea, ahora enfrenta un nuevo reto de posible corrupci\u00f3n que afecta al PRI-gobierno. \u00bfQu\u00e9 sigue?<\/p>\n<p><em><a href=\"mailto:aco2742@hotmail.com\" target=\"_blank\" rel=\"noopener noreferrer\">aco2742@hotmail.com<\/a><\/em><\/p>\n","protected":false},"excerpt":{"rendered":"<p><span style=\"color: #005497;\"><strong>Augusto Corro<\/strong><\/span><br \/>\n<br \/>\nEn v\u00edsperas de las elecciones presidenciales del 2018, el Partido Revolucionario Institucional (PRI) pierde poco a poco su capital pol\u00edtico.<\/p>\n","protected":false},"author":1,"featured_media":348384,"comment_status":"open","ping_status":"open","sticky":false,"template":"","format":"standard","meta":{"_monsterinsights_skip_tracking":false,"_monsterinsights_sitenote_active":false,"_monsterinsights_sitenote_note":"","_monsterinsights_sitenote_category":0,"footnotes":""},"categories":[157],"tags":[43686,43674,11515],"class_list":["post-348383","post","type-post","status-publish","format-standard","has-post-thumbnail","hentry","category-augusto-corro","tag-augusto-corro","tag-opinion","tag-punto-por-punto"],"_links":{"self":[{"href":"https:\/\/www.diarioimagen.net\/index.php?rest_route=\/wp\/v2\/posts\/348383","targetHints":{"allow":["GET"]}}],"collection":[{"href":"https:\/\/www.diarioimagen.net\/index.php?rest_route=\/wp\/v2\/posts"}],"about":[{"href":"https:\/\/www.diarioimagen.net\/index.php?rest_route=\/wp\/v2\/types\/post"}],"author":[{"embeddable":true,"href":"https:\/\/www.diarioimagen.net\/index.php?rest_route=\/wp\/v2\/users\/1"}],"replies":[{"embeddable":true,"href":"https:\/\/www.diarioimagen.net\/index.php?rest_route=%2Fwp%2Fv2%2Fcomments&post=348383"}],"version-history":[{"count":0,"href":"https:\/\/www.diarioimagen.net\/index.php?rest_route=\/wp\/v2\/posts\/348383\/revisions"}],"wp:featuredmedia":[{"embeddable":true,"href":"https:\/\/www.diarioimagen.net\/index.php?rest_route=\/wp\/v2\/media\/348384"}],"wp:attachment":[{"href":"https:\/\/www.diarioimagen.net\/index.php?rest_route=%2Fwp%2Fv2%2Fmedia&parent=348383"}],"wp:term":[{"taxonomy":"category","embeddable":true,"href":"https:\/\/www.diarioimagen.net\/index.php?rest_route=%2Fwp%2Fv2%2Fcategories&post=348383"},{"taxonomy":"post_tag","embeddable":true,"href":"https:\/\/www.diarioimagen.net\/index.php?rest_route=%2Fwp%2Fv2%2Ftags&post=348383"}],"curies":[{"name":"wp","href":"https:\/\/api.w.org\/{rel}","templated":true}]}}