{"id":348605,"date":"2017-10-16T00:11:40","date_gmt":"2017-10-16T05:11:40","guid":{"rendered":"http:\/\/www.diarioimagen.net\/?p=348605"},"modified":"2017-10-15T22:20:17","modified_gmt":"2017-10-16T03:20:17","slug":"crearemos-un-millon-de-empleos-alfredo-del-mazo","status":"publish","type":"post","link":"https:\/\/www.diarioimagen.net\/?p=348605","title":{"rendered":"Crearemos un mill\u00f3n de empleos: Alfredo Del Mazo"},"content":{"rendered":"<ul>\n<li><strong><em>Se fomentar\u00e1 la atracci\u00f3n de m\u00e1s empresas vanguardistas, afirma el gobernador<\/em><\/strong><\/li>\n<\/ul>\n<p>&nbsp;<\/p>\n<div id=\"attachment_348606\" style=\"width: 470px\" class=\"wp-caption aligncenter\"><img loading=\"lazy\" decoding=\"async\" aria-describedby=\"caption-attachment-348606\" class=\"wp-image-348606 size-large\" src=\"http:\/\/www.diarioimagen.net\/wp-content\/uploads\/2017\/10\/DEL-MAZO16-portal-460x268.jpg\" alt=\"\" width=\"460\" height=\"268\" srcset=\"https:\/\/www.diarioimagen.net\/wp-content\/uploads\/2017\/10\/DEL-MAZO16-portal-460x268.jpg 460w, https:\/\/www.diarioimagen.net\/wp-content\/uploads\/2017\/10\/DEL-MAZO16-portal-240x140.jpg 240w, https:\/\/www.diarioimagen.net\/wp-content\/uploads\/2017\/10\/DEL-MAZO16-portal.jpg 480w\" sizes=\"auto, (max-width: 460px) 100vw, 460px\" \/><p id=\"caption-attachment-348606\" class=\"wp-caption-text\">Alfredo Del Mazo pide robustecer la infraestructura en comunicaciones para consolidar al Edomex como el centro log\u00edstico m\u00e1s importante del pa\u00eds.<\/p><\/div>\n<p>&nbsp;<\/p>\n<p><strong>Toluca, Estado de M\u00e9xico<\/strong>.- Con el fortalecimiento de nuestra competitividad, con una econom\u00eda innovadora y una pol\u00edtica que fomente y facilite la atracci\u00f3n de empresas, se crear\u00e1 un mill\u00f3n de empleos durante la administraci\u00f3n, asegur\u00f3 el gobernador Alfredo Del Mazo Maza.<\/p>\n<p>\u201cEl fortalecimiento de nuestra competitividad ser\u00e1 el eje que nos permitir\u00e1 cumplir con el objetivo de crear un mill\u00f3n de empleos al finalizar el sexenio\u201d, afirm\u00f3.<\/p>\n<p>\u201cTrabajaremos en equipo, junto con los sectores productivos y la academia, y entre todos hagamos de la econom\u00eda del Estado de M\u00e9xico, la m\u00e1s innovadora y vanguardista, pero tambi\u00e9n, la m\u00e1s justa e igualitaria del pa\u00eds\u201d, puntualiz\u00f3 el mandatario mexiquense.<\/p>\n<p>\u201cHoy es momento de que la econom\u00eda, adem\u00e1s de atraer inversiones, sirva para aumentar los ingresos de los que menos tiene y con ello se convierta en factor de equilibrio social\u201d, subray\u00f3.<\/p>\n<p>El titular del Ejecutivo estatal indic\u00f3 que para lograr esta meta, los mexiquenses deber\u00e1n ser impulsores de una revoluci\u00f3n econ\u00f3mica que haga de la entidad un referente en innovaci\u00f3n y consolide su liderazgo a nivel nacional e internacional.<\/p>\n<p>Afirm\u00f3 que su gobierno fomentar\u00e1 la atracci\u00f3n de empresas vanguardistas, en los ramos inform\u00e1ticos, de log\u00edstica y del sector aeroespacial, que posibilitar\u00e1n a la entidad pasar de una econom\u00eda tradicional a una econom\u00eda del conocimiento.<\/p>\n<p>\u201cConstruir una econom\u00eda que, adem\u00e1s de productiva, sea justa e igualitaria, es uno de los mayores retos de esta administraci\u00f3n.<\/p>\n<p>\u201cPor ello, debemos lograr que el crecimiento del Estado de M\u00e9xico sirva para disminuir la pobreza. Una econom\u00eda fuerte crea empresas fuertes\u201d, enfatiz\u00f3. El mandatario mexiquense se\u00f1al\u00f3 que tambi\u00e9n se debe fortalecer la educaci\u00f3n, la salud y promover una mejor calidad de vida de los ciudadanos.<\/p>\n<p>Para mejorar la competitividad econ\u00f3mica del estado, la calidad de las instituciones, as\u00ed como el marco regulatorio del gobierno, las empresas y los particulares, el Gobernador Del Mazo instruy\u00f3 a implementar una serie de acciones.<\/p>\n<p>Entre \u00e9stas, a revisar la normatividad que rige la apertura y operaci\u00f3n de negocios, y fortalecer el Programa de Ventanilla \u00danica, para transparentar los procesos de apertura de empresas.<\/p>\n<p>Tambi\u00e9n, robustecer la infraestructura en materia de comunicaciones para consolidar a la entidad como el centro log\u00edstico m\u00e1s importante del pa\u00eds.<\/p>\n<p>Para aprovechar los beneficios del Nuevo Aeropuerto Internacional de M\u00e9xico, solicit\u00f3 a la Secretar\u00eda de Desarrollo Urbano a realizar un plan maestro de Desarrollo Regional, que fortalezca la planeaci\u00f3n urbana y la infraestructura de los municipios del Oriente de la entidad.<\/p>\n","protected":false},"excerpt":{"rendered":"<p>Con el fortalecimiento de nuestra competitividad, con una econom\u00eda innovadora y una pol\u00edtica que fomente y facilite la atracci\u00f3n de empresas, se crear\u00e1 un mill\u00f3n de empleos durante la administraci\u00f3n, asegur\u00f3 el gobernador Alfredo Del Mazo Maza.<\/p>\n","protected":false},"author":5,"featured_media":348606,"comment_status":"open","ping_status":"open","sticky":false,"template":"","format":"standard","meta":{"_monsterinsights_skip_tracking":false,"_monsterinsights_sitenote_active":false,"_monsterinsights_sitenote_note":"","_monsterinsights_sitenote_category":0,"footnotes":""},"categories":[5],"tags":[23184,43675,66587,452,66588],"class_list":["post-348605","post","type-post","status-publish","format-standard","has-post-thumbnail","hentry","category-estado-de-mexico","tag-competitividad","tag-estado-de-mexico","tag-millon-de-empleos","tag-toluca","tag-ventanilla-unica"],"_links":{"self":[{"href":"https:\/\/www.diarioimagen.net\/index.php?rest_route=\/wp\/v2\/posts\/348605","targetHints":{"allow":["GET"]}}],"collection":[{"href":"https:\/\/www.diarioimagen.net\/index.php?rest_route=\/wp\/v2\/posts"}],"about":[{"href":"https:\/\/www.diarioimagen.net\/index.php?rest_route=\/wp\/v2\/types\/post"}],"author":[{"embeddable":true,"href":"https:\/\/www.diarioimagen.net\/index.php?rest_route=\/wp\/v2\/users\/5"}],"replies":[{"embeddable":true,"href":"https:\/\/www.diarioimagen.net\/index.php?rest_route=%2Fwp%2Fv2%2Fcomments&post=348605"}],"version-history":[{"count":0,"href":"https:\/\/www.diarioimagen.net\/index.php?rest_route=\/wp\/v2\/posts\/348605\/revisions"}],"wp:featuredmedia":[{"embeddable":true,"href":"https:\/\/www.diarioimagen.net\/index.php?rest_route=\/wp\/v2\/media\/348606"}],"wp:attachment":[{"href":"https:\/\/www.diarioimagen.net\/index.php?rest_route=%2Fwp%2Fv2%2Fmedia&parent=348605"}],"wp:term":[{"taxonomy":"category","embeddable":true,"href":"https:\/\/www.diarioimagen.net\/index.php?rest_route=%2Fwp%2Fv2%2Fcategories&post=348605"},{"taxonomy":"post_tag","embeddable":true,"href":"https:\/\/www.diarioimagen.net\/index.php?rest_route=%2Fwp%2Fv2%2Ftags&post=348605"}],"curies":[{"name":"wp","href":"https:\/\/api.w.org\/{rel}","templated":true}]}}