{"id":349058,"date":"2017-10-18T00:10:16","date_gmt":"2017-10-18T05:10:16","guid":{"rendered":"http:\/\/www.diarioimagen.net\/?p=349058"},"modified":"2017-10-18T05:29:13","modified_gmt":"2017-10-18T10:29:13","slug":"se-daran-mas-oportunidades-de-desarrollo-a-mexiquenses","status":"publish","type":"post","link":"https:\/\/www.diarioimagen.net\/?p=349058","title":{"rendered":"Se dar\u00e1n m\u00e1s oportunidades de desarrollo a mexiquenses"},"content":{"rendered":"<h2>Arco Norte<\/h2>\n<h5>Jos\u00e9 Luis Monta\u00f1ez Aguilar<\/h5>\n<p>&nbsp;<\/p>\n<p><a href=\"http:\/\/www.diarioimagen.net\/wp-content\/uploads\/2017\/10\/arco-3231.jpg\"><img loading=\"lazy\" decoding=\"async\" class=\"aligncenter size-full wp-image-349162\" src=\"http:\/\/www.diarioimagen.net\/wp-content\/uploads\/2017\/10\/arco-3231.jpg\" alt=\"\" width=\"480\" height=\"270\" srcset=\"https:\/\/www.diarioimagen.net\/wp-content\/uploads\/2017\/10\/arco-3231.jpg 480w, https:\/\/www.diarioimagen.net\/wp-content\/uploads\/2017\/10\/arco-3231-240x135.jpg 240w, https:\/\/www.diarioimagen.net\/wp-content\/uploads\/2017\/10\/arco-3231-460x259.jpg 460w, https:\/\/www.diarioimagen.net\/wp-content\/uploads\/2017\/10\/arco-3231-235x132.jpg 235w, https:\/\/www.diarioimagen.net\/wp-content\/uploads\/2017\/10\/arco-3231-202x114.jpg 202w, https:\/\/www.diarioimagen.net\/wp-content\/uploads\/2017\/10\/arco-3231-350x196.jpg 350w, https:\/\/www.diarioimagen.net\/wp-content\/uploads\/2017\/10\/arco-3231-220x123.jpg 220w, https:\/\/www.diarioimagen.net\/wp-content\/uploads\/2017\/10\/arco-3231-237x132.jpg 237w\" sizes=\"auto, (max-width: 480px) 100vw, 480px\" \/><\/a><\/p>\n<p>&nbsp;<\/p>\n<p>Al inaugurar la Feria del\u00a0 Empleo Zumpango 2017, el gobernador Alfredo Del Mazo asegur\u00f3 que para el gobierno estatal es prioritario generar empleos dignos y bien pagados para los mexiquenses, adem\u00e1s que est\u00e9n cerca de sus hogares para que las familias tengan m\u00e1s oportunidades de desarrollo.<\/p>\n<p>Mencion\u00f3 que esta acci\u00f3n forma parte del programa Un Empleo Cerca de Casa, para que las familias no tengan que viajar largas distancias,\u00a0 pierdan tiempo y gasten mucho en el transporte, pues los trabajos deber\u00e1n ubicarse a una distancia menor a 30 kil\u00f3metros de las comunidades.<\/p>\n<p>Por ello, reconoci\u00f3 a las mexiquenses por su compromiso y deseo de superaci\u00f3n, pues en los cursos que imparte el Instituto de Capacitaci\u00f3n y Adiestramiento para el Trabajo Industrial (ICATI), el 60 por ciento de quienes asisten son mujeres, ya que su inter\u00e9s es generar un ingreso adicional en su hogar.<\/p>\n<p>Del Mazo agradeci\u00f3 el esfuerzo que realizan las empresas que acuden a estas ferias, pues brindan una gran oportunidad de superaci\u00f3n a personas de todas las edades, como el caso de Joel, que pese a sufrir una discapacidad f\u00edsica encontr\u00f3 un empleo en este evento, o como Raymundo, de 72 a\u00f1os de edad, quien ya podr\u00e1 contribuir en el gasto familiar, gracias a la obtenci\u00f3n de un trabajo.<\/p>\n<p>Mencion\u00f3 que su administraci\u00f3n promueve un esquema que brinda la posibilidad de preparar a las personas para obtener un trabajo, o bien acceder a cursos de capacitaci\u00f3n para que logren abrir un negocio o autoemplearse.<\/p>\n<p style=\"text-align: center;\"><strong>Reconocen a camineros mexiquenses<\/strong><\/p>\n<p>En la tradicional conmemoraci\u00f3n de D\u00eda del Caminero, Luis Lim\u00f3n, secretario de Comunicaciones, afirm\u00f3 que gracias al trabajo de los hombres y mujeres que trazan caminos para unir familias e impulsar al Estado de M\u00e9xico por la ruta del desarrollo, la entidad es la mejor comunicada del pa\u00eds y el reto es construir una infraestructura de comunicaciones moderna, que impulse la competitividad y detone el desarrollo social y econ\u00f3mico.<\/p>\n<p>Por lo que a nombre del gobernador Alfredo Del Mazo, el secretario reconoci\u00f3 el trabajo y entrega de los camineros de la Junta de Caminos estatal (JCEM) y del Centro SCT de la entidad, a quienes invit\u00f3 a trabajar.<\/p>\n<p><em><a href=\"mailto:montanezaguilar@gmail.com\" target=\"_blank\" rel=\"noopener noreferrer\">montanezaguilar@gmail.com<\/a><\/em><\/p>\n","protected":false},"excerpt":{"rendered":"<p><span style=\"color: #005497;\">Jos\u00e9 Luis Monta\u00f1ez Aguilar<\/span><br \/>\n<br \/>\nAl inaugurar la Feria del  Empleo Zumpango 2017, el gobernador Alfredo Del Mazo asegur\u00f3 que para el gobierno estatal es prioritario generar empleos dignos y bien pagados para los mexiquenses, adem\u00e1s que est\u00e9n cerca de sus hogares para que las familias tengan m\u00e1s oportunidades de desarrollo.<\/p>\n","protected":false},"author":3,"featured_media":349162,"comment_status":"open","ping_status":"open","sticky":false,"template":"","format":"standard","meta":{"_monsterinsights_skip_tracking":false,"_monsterinsights_sitenote_active":false,"_monsterinsights_sitenote_note":"","_monsterinsights_sitenote_category":0,"footnotes":""},"categories":[5],"tags":[13284,43704,43674],"class_list":["post-349058","post","type-post","status-publish","format-standard","has-post-thumbnail","hentry","category-estado-de-mexico","tag-arco-norte","tag-jose-luis-montanez-aguilar","tag-opinion"],"_links":{"self":[{"href":"https:\/\/www.diarioimagen.net\/index.php?rest_route=\/wp\/v2\/posts\/349058","targetHints":{"allow":["GET"]}}],"collection":[{"href":"https:\/\/www.diarioimagen.net\/index.php?rest_route=\/wp\/v2\/posts"}],"about":[{"href":"https:\/\/www.diarioimagen.net\/index.php?rest_route=\/wp\/v2\/types\/post"}],"author":[{"embeddable":true,"href":"https:\/\/www.diarioimagen.net\/index.php?rest_route=\/wp\/v2\/users\/3"}],"replies":[{"embeddable":true,"href":"https:\/\/www.diarioimagen.net\/index.php?rest_route=%2Fwp%2Fv2%2Fcomments&post=349058"}],"version-history":[{"count":0,"href":"https:\/\/www.diarioimagen.net\/index.php?rest_route=\/wp\/v2\/posts\/349058\/revisions"}],"wp:featuredmedia":[{"embeddable":true,"href":"https:\/\/www.diarioimagen.net\/index.php?rest_route=\/wp\/v2\/media\/349162"}],"wp:attachment":[{"href":"https:\/\/www.diarioimagen.net\/index.php?rest_route=%2Fwp%2Fv2%2Fmedia&parent=349058"}],"wp:term":[{"taxonomy":"category","embeddable":true,"href":"https:\/\/www.diarioimagen.net\/index.php?rest_route=%2Fwp%2Fv2%2Fcategories&post=349058"},{"taxonomy":"post_tag","embeddable":true,"href":"https:\/\/www.diarioimagen.net\/index.php?rest_route=%2Fwp%2Fv2%2Ftags&post=349058"}],"curies":[{"name":"wp","href":"https:\/\/api.w.org\/{rel}","templated":true}]}}