{"id":349081,"date":"2017-10-18T00:10:44","date_gmt":"2017-10-18T05:10:44","guid":{"rendered":"http:\/\/www.diarioimagen.net\/?p=349081"},"modified":"2017-10-18T05:27:05","modified_gmt":"2017-10-18T10:27:05","slug":"caen-31-deportaciones-de-mexicanos-desde-eu-videgaray","status":"publish","type":"post","link":"https:\/\/www.diarioimagen.net\/?p=349081","title":{"rendered":"Caen 31% deportaciones de mexicanos desde EU: Videgaray"},"content":{"rendered":"<ul>\n<li><strong><em>En la administraci\u00f3n de Donald Trump<\/em><\/strong><\/li>\n<\/ul>\n<p>&nbsp;<\/p>\n<div id=\"attachment_349159\" style=\"width: 470px\" class=\"wp-caption aligncenter\"><a href=\"http:\/\/www.diarioimagen.net\/wp-content\/uploads\/2017\/10\/DEPORTACIONES-3231.jpg\"><img loading=\"lazy\" decoding=\"async\" aria-describedby=\"caption-attachment-349159\" class=\"wp-image-349159 size-large\" src=\"http:\/\/www.diarioimagen.net\/wp-content\/uploads\/2017\/10\/DEPORTACIONES-3231-460x259.jpg\" alt=\"\" width=\"460\" height=\"259\" srcset=\"https:\/\/www.diarioimagen.net\/wp-content\/uploads\/2017\/10\/DEPORTACIONES-3231-460x259.jpg 460w, https:\/\/www.diarioimagen.net\/wp-content\/uploads\/2017\/10\/DEPORTACIONES-3231-240x135.jpg 240w, https:\/\/www.diarioimagen.net\/wp-content\/uploads\/2017\/10\/DEPORTACIONES-3231-235x132.jpg 235w, https:\/\/www.diarioimagen.net\/wp-content\/uploads\/2017\/10\/DEPORTACIONES-3231-202x114.jpg 202w, https:\/\/www.diarioimagen.net\/wp-content\/uploads\/2017\/10\/DEPORTACIONES-3231-350x196.jpg 350w, https:\/\/www.diarioimagen.net\/wp-content\/uploads\/2017\/10\/DEPORTACIONES-3231-220x123.jpg 220w, https:\/\/www.diarioimagen.net\/wp-content\/uploads\/2017\/10\/DEPORTACIONES-3231-237x132.jpg 237w, https:\/\/www.diarioimagen.net\/wp-content\/uploads\/2017\/10\/DEPORTACIONES-3231.jpg 480w\" sizes=\"auto, (max-width: 460px) 100vw, 460px\" \/><\/a><p id=\"caption-attachment-349159\" class=\"wp-caption-text\">Las deportaciones de mexicanos desde Estados Unidos descendieron 31 por ciento en los primeros nueve meses del a\u00f1o, afirm\u00f3 Luis Videgaray.<\/p><\/div>\n<p>&nbsp;<\/p>\n<p>El n\u00famero de deportaciones de mexicanos desde Estados Unidos cay\u00f3 31 por ciento de enero a septiembre de este a\u00f1o,\u00a0 respecto al mismo periodo de 2016, asegur\u00f3 en Roma el canciller mexicano, Luis Videgaray.<\/p>\n<p>\u201cM\u00e9xico era un pa\u00eds de migrantes que buscaban nuevas oportunidades en Estados Unidos. Hoy el fen\u00f3meno es mucho m\u00e1s complejo, se ha revertido la tendencia, son m\u00e1s los mexicanos que regresan a M\u00e9xico que los que van a Estados Unidos\u201d.<\/p>\n<p>En conferencia de prensa conjunta con su par italiano Angelino Alfano al t\u00e9rmino de la reuni\u00f3n plenaria de la quinta comisi\u00f3n binacional M\u00e9xico-Italia, Videgaray dijo que el fen\u00f3meno migratorio ha cambiado radicalmente en los \u00faltimos 20 a\u00f1os.<\/p>\n<p>Dijo que la administraci\u00f3n del presidente estadunidense Donald Trump tiene \u201cuna narrativa diversa\u201d, pero destac\u00f3 que los datos se\u00f1alan que las deportaciones de mexicanos descendieron 31 por ciento en los primeros nueve meses del a\u00f1o.<\/p>\n<p>Por otra parte, Videgaray reconoci\u00f3 que la cooperaci\u00f3n en materia de derechos humanos entre M\u00e9xico y Europa ser\u00e1 una parte \u201csustantiva\u201ddel Tratado de Libre Comercio del pa\u00eds con la Uni\u00f3n Europea (UE), cuyas negociaciones podr\u00edan concluir en 2017.<\/p>\n<p>El canciller reconoci\u00f3 que M\u00e9xico \u201ces un pa\u00eds con retos importantes en materia de derechos humanos\u201d .<\/p>\n<p>Record\u00f3 que desde que fue negociado inicialmente, el acuerdo con la UE ha tenido tres pilares: uno econ\u00f3mico-comercial, otro de cooperaci\u00f3n y el tercero pol\u00edtico, cuya modernizaci\u00f3n \u201cdebe incluir el aspecto de los derechos humanos\u201d.<\/p>\n<p>Tanto Videgaray como Alfano se dijeron confiados en que las negociaciones para la actualizaci\u00f3n del TLC entre M\u00e9xico y la Uni\u00f3n Europea finalizar\u00e1n en 2017.<\/p>\n<p>El secretario de Relaciones Exteriores de M\u00e9xico confirm\u00f3 que se est\u00e1 en un momento cercano a la conclusi\u00f3n del proceso, \u201cse han realizado ya siete rondas de negociaciones, la pr\u00f3xima ser\u00e1 en noviembre y esperamos llegar a una conclusi\u00f3n antes de que termine el a\u00f1o\u201d.<\/p>\n<p>Existen, sostuvo, \u201ctodas las condiciones para que ello suceda\u201d. Videgaray agradeci\u00f3 al gobierno italiano por su respaldo decisivo en las negociaciones.<\/p>\n<p>Alfano dijo que Italia apoya a nivel europeo la modernizaci\u00f3n del acuerdo. \u201cEstamos trabajando, esperamos que la ronda de negociaciones de noviembre vaya bien, esperamos que se mantenga el compromiso a nivel de Comisi\u00f3n Europea de concluir la modernizaci\u00f3n antes de que finalice 2017\u201d, apunt\u00f3.<\/p>\n<p>El canciller italiano inform\u00f3 que el intercambio comercial bilateral super\u00f3 los cinco mil millones de euros en 2016, cuando tuvo un crecimiento de 6.4 por ciento respecto a 2015, mientras que en el primer semestre de 2017 el aumento fue de 15.8 por ciento en relaci\u00f2n con el mismo periodo del a\u00f1o pasado.<\/p>\n<p>\u201cM\u00e9xico es actualmente el pa\u00eds del continente americano al que Italia exporta m\u00e1s despu\u00e9s de Estados Unidos\u201d, indic\u00f3.<\/p>\n<p>Se\u00f1al\u00f3 que en la quinta reuni\u00f3n binacional fueron firmados varios acuerdos, entre ellos un protocolo de cooperacion cient\u00edfica y tecnol\u00f3gica para el trienio 2018-2020 y tambi\u00e9n un convenio de coproducci\u00f3n cinematogr\u00e1fica.<\/p>\n<p>Por su parte, Videgaray resalt\u00f3 el amplio intercambio comercial, econ\u00f3mico, pol\u00edtico y cultural entre M\u00e9xico y Estados Unidos y destac\u00f3 que en 2016 m\u00e1s de 150 mil italianos visitaron M\u00e9xico y 180 mil mexicanos estuvieron en Italia.<\/p>\n<p>Subray\u00f3 que las empresas italianas son l\u00edderes en la implementai\u00f3n de la reforma energ\u00e9tica mexicana que \u201cha abierto un panorama de oportunidades de inversi\u00f3n, de generaci\u00f3n de empleo y de desarrollo\u201d y record\u00f3 que el principal descubrimiento en materia de hidrocarburos lo ha hecho ya una empresa italiana.<\/p>\n<p>Cuestionado sobre el tema de la eventual extradici\u00f3n del exgobernador mexicano de Tamaulipas, Tom\u00e1s Yarrington, encarcelado en Italia desde abril pasado, Videgaray record\u00f3 que cualquier procedimiento en la materia se rige por un tratado.<\/p>\n<p>\u201cHay un marco jur\u00eddico preciso, detallado, que da certidumbre al proceso, nosotros nos apegamos a \u00e9l y tenemos plena confianza en las instituciones italianas. Hay que recordar que en este caso hay dos solicitudes simult\u00e1neas de extradici\u00f3n, una de M\u00e9xico y otra de Estados Unidos, con el que estamos en coordinaci\u00f3n\u201d, concluy\u00f3.<\/p>\n","protected":false},"excerpt":{"rendered":"<p>El n\u00famero de deportaciones de mexicanos desde Estados Unidos cay\u00f3 31 por ciento de enero a septiembre de este a\u00f1o,  respecto al mismo periodo de 2016, asegur\u00f3 en Roma el canciller mexicano, Luis Videgaray.<\/p>\n","protected":false},"author":3,"featured_media":349159,"comment_status":"open","ping_status":"open","sticky":false,"template":"","format":"standard","meta":{"_monsterinsights_skip_tracking":false,"_monsterinsights_sitenote_active":false,"_monsterinsights_sitenote_note":"","_monsterinsights_sitenote_category":0,"footnotes":""},"categories":[3],"tags":[31808,41813,7517,43673],"class_list":["post-349081","post","type-post","status-publish","format-standard","has-post-thumbnail","hentry","category-nacional","tag-deportaciones","tag-donald-trump","tag-luis-videgaray-caso","tag-nacional"],"_links":{"self":[{"href":"https:\/\/www.diarioimagen.net\/index.php?rest_route=\/wp\/v2\/posts\/349081","targetHints":{"allow":["GET"]}}],"collection":[{"href":"https:\/\/www.diarioimagen.net\/index.php?rest_route=\/wp\/v2\/posts"}],"about":[{"href":"https:\/\/www.diarioimagen.net\/index.php?rest_route=\/wp\/v2\/types\/post"}],"author":[{"embeddable":true,"href":"https:\/\/www.diarioimagen.net\/index.php?rest_route=\/wp\/v2\/users\/3"}],"replies":[{"embeddable":true,"href":"https:\/\/www.diarioimagen.net\/index.php?rest_route=%2Fwp%2Fv2%2Fcomments&post=349081"}],"version-history":[{"count":0,"href":"https:\/\/www.diarioimagen.net\/index.php?rest_route=\/wp\/v2\/posts\/349081\/revisions"}],"wp:featuredmedia":[{"embeddable":true,"href":"https:\/\/www.diarioimagen.net\/index.php?rest_route=\/wp\/v2\/media\/349159"}],"wp:attachment":[{"href":"https:\/\/www.diarioimagen.net\/index.php?rest_route=%2Fwp%2Fv2%2Fmedia&parent=349081"}],"wp:term":[{"taxonomy":"category","embeddable":true,"href":"https:\/\/www.diarioimagen.net\/index.php?rest_route=%2Fwp%2Fv2%2Fcategories&post=349081"},{"taxonomy":"post_tag","embeddable":true,"href":"https:\/\/www.diarioimagen.net\/index.php?rest_route=%2Fwp%2Fv2%2Ftags&post=349081"}],"curies":[{"name":"wp","href":"https:\/\/api.w.org\/{rel}","templated":true}]}}