{"id":349215,"date":"2017-10-19T00:07:06","date_gmt":"2017-10-19T05:07:06","guid":{"rendered":"http:\/\/www.diarioimagen.net\/?p=349215"},"modified":"2017-10-19T22:19:05","modified_gmt":"2017-10-20T03:19:05","slug":"inauguran-del-mazo-y-carlos-slim-salon-deporte","status":"publish","type":"post","link":"https:\/\/www.diarioimagen.net\/?p=349215","title":{"rendered":"Inauguran Alfredo Del Mazo y Carlos Slim Sal\u00f3n Deporte"},"content":{"rendered":"<ul>\n<li><strong><em>Espacio que promover\u00e1 la cultura del deporte en el Estado de M\u00e9xico<\/em><\/strong><\/li>\n<\/ul>\n<p><strong>\u00a0<\/strong><\/p>\n<div id=\"attachment_349216\" style=\"width: 470px\" class=\"wp-caption aligncenter\"><img loading=\"lazy\" decoding=\"async\" aria-describedby=\"caption-attachment-349216\" class=\"wp-image-349216 size-large\" src=\"http:\/\/www.diarioimagen.net\/wp-content\/uploads\/2017\/10\/DEL-MAZO19-portal-460x268.jpg\" alt=\"\" width=\"460\" height=\"268\" srcset=\"https:\/\/www.diarioimagen.net\/wp-content\/uploads\/2017\/10\/DEL-MAZO19-portal-460x268.jpg 460w, https:\/\/www.diarioimagen.net\/wp-content\/uploads\/2017\/10\/DEL-MAZO19-portal-240x140.jpg 240w, https:\/\/www.diarioimagen.net\/wp-content\/uploads\/2017\/10\/DEL-MAZO19-portal.jpg 480w\" sizes=\"auto, (max-width: 460px) 100vw, 460px\" \/><p id=\"caption-attachment-349216\" class=\"wp-caption-text\">Alfredo Del Mazo y Carlos Slim recorrieron las nueve salas del Sal\u00f3n Deporte, donde se pueden apreciar m\u00e1s de 2 mil piezas deportivas.<\/p><\/div>\n<p>&nbsp;<\/p>\n<p><strong>Naucalpan, Estado de M\u00e9xico<\/strong>.- El gobernador Alfredo Del Mazo Maza y Carlos Slim Hel\u00fa, presidente del Grupo Carso, inauguraron el Sal\u00f3n Deporte de la Fundaci\u00f3n Carlos Slim, en el Centro de Transferencia Modal (Cetram) Cuatro Caminos, espacio que promover\u00e1 la cultura del deporte en el Estado de M\u00e9xico.<\/p>\n<p>Alfredo Del Mazo y Carlos Slim recorrieron las nueve salas del Sal\u00f3n Deporte, donde se pueden apreciar m\u00e1s de 2 mil piezas deportivas de disciplinas como basquetbol, deporte ol\u00edmpico, lucha libre, futbol soccer, box, futbol americano, tenis, beisbol y automovilismo deportivo.<\/p>\n<p>Este lugar, cuya entrada es gratuita y abre de lunes a domingo, tambi\u00e9n cuenta con \u00e1reas interactivas, y se ubica en el Cetram, por donde transitan m\u00e1s de 500 mil usuarios diariamente, convirti\u00e9ndola en la m\u00e1s grande de Latinoam\u00e9rica.<\/p>\n<p>\u201cQuiero agradecerle al ingeniero Slim, nuevamente, por confiar en el Estado de M\u00e9xico, por confiar en este sitio tan importante en el municipio de Naucalpan y en esta estaci\u00f3n de transferencia para poner este sal\u00f3n que sin dudad ser\u00e1 un referente mundial.<\/p>\n<p>\u201cEstaremos adem\u00e1s propiciando que sean muchos los visitantes, los j\u00f3venes, las mujeres, los hombres que vengan a hacer uso y conocimiento de este espacio, para promover la cultura del deporte en el Estado de M\u00e9xico\u201d, apunt\u00f3 el gobernador mexiquense.<\/p>\n<p>El mandatario estatal indic\u00f3 que trabajando en conjunto con la sociedad civil en materia deportiva, se construir\u00e1 una sociedad m\u00e1s sana, equitativa y con mejores oportunidades.<\/p>\n<p>Indic\u00f3 que el deporte es una pr\u00e1ctica que permite tener una mejor convivencia social, ya que previene la violencia y la delincuencia, adem\u00e1s de impulsar los valores y la unidad familiar.<\/p>\n<p>Refiri\u00f3 que formar parte de alguna disciplina deportiva permite tambi\u00e9n prevenir problemas de salud p\u00fablica.<\/p>\n<p>\u201cEstoy convencido de que el deporte, adem\u00e1s de ayudarnos a tener un piso m\u00ednimo de las garant\u00edas sociales que deben de tener los ciudadanos, como es la educaci\u00f3n, la salud, el empleo, la alimentaci\u00f3n; es una actividad que nos ayuda a tener una mejor convivencia, una convivencia en armon\u00eda en la comunidad\u201d, afirm\u00f3.<\/p>\n<p>El gobernador del Estado de M\u00e9xico se\u00f1al\u00f3 que este Sal\u00f3n Deporte es un ejemplo de culto y promoci\u00f3n de la actividad deportiva, \u00fanico en Am\u00e9rica Latina, donde los visitantes podr\u00e1n recordar las haza\u00f1as y triunfos que lograron diferentes figuras que han marcado la historia del pa\u00eds en diferentes disciplinas.<\/p>\n<p>Agradeci\u00f3 a la Fundaci\u00f3n Carlos Slim por el compromiso que tiene para impulsar el deporte con acciones como la creaci\u00f3n de este tipo de espacios, ya que sirven de motivaci\u00f3n e inspiraci\u00f3n para que las nuevas generaciones realicen alguna pr\u00e1ctica deportiva.<\/p>\n<p>\u201cEs un gran orgullo para el Estado de M\u00e9xico y seguramente ser\u00e1 no nada m\u00e1s un espacio en donde podamos recordar a grandes deportistas, a equipos, a triunfadores que a lo largo de muchos a\u00f1os han logrado marcar nuestra historia en materia del deporte en el Estado de M\u00e9xico, en nuestro pa\u00eds y a nivel nacional, y que este sea un lugar para poder recordarles y hacerles homenaje\u201d, manifest\u00f3.<\/p>\n<p>Por su parte, Carlos Slim invit\u00f3 a los mexiquenses a visitar este Sal\u00f3n Deporte, acompa\u00f1ados de sus familias y amigos, para que puedan conocer y disfrutar todas las disciplinas deportivas que este recinto engloba.<\/p>\n<p>En el evento estuvieron personalidades del deporte reconocidos a nivel internacional, como los luchadores El Hijo del Santo, Blue Demon, Tinieblas, as\u00ed como los boxeadores Rub\u00e9n el \u201cP\u00faas\u201d Olivares, Humberto \u201cLa Chiquita\u201d Gonz\u00e1lez, entre otros, a quienes el mandatario mexiquense calific\u00f3 como un ejemplo a seguir para las futuras generaciones de mexiquenses y mexicanos.<\/p>\n","protected":false},"excerpt":{"rendered":"<p>El gobernador Alfredo Del Mazo Maza y Carlos Slim Hel\u00fa, presidente del Grupo Carso, inauguraron el Sal\u00f3n Deporte de la Fundaci\u00f3n Carlos Slim, en el Centro de Transferencia Modal (Cetram) Cuatro Caminos, espacio que promover\u00e1 la cultura del deporte en el Estado de M\u00e9xico.<\/p>\n","protected":false},"author":5,"featured_media":349216,"comment_status":"open","ping_status":"open","sticky":false,"template":"","format":"standard","meta":{"_monsterinsights_skip_tracking":false,"_monsterinsights_sitenote_active":false,"_monsterinsights_sitenote_note":"","_monsterinsights_sitenote_category":0,"footnotes":""},"categories":[5],"tags":[18671,6828,66751,6880,64,66749,26499,43675,1567,16295,66750,9791,66754,20395,970,66753,66748,719,66752],"class_list":["post-349215","post","type-post","status-publish","format-standard","has-post-thumbnail","hentry","category-estado-de-mexico","tag-basquetbol","tag-beisbol","tag-blue-demon","tag-box","tag-carlos-slim","tag-deporte-olimpico","tag-el-hijo-del-santo","tag-estado-de-mexico","tag-fundacion-carlos-slim","tag-futbol-americano","tag-futbol-soccer","tag-grupo-carso","tag-humberto-la-chiquita-gonzalez","tag-lucha-libre","tag-naucalpan","tag-ruben-el-puas-olivares","tag-salon-deporte","tag-tenis","tag-tinieblas"],"_links":{"self":[{"href":"https:\/\/www.diarioimagen.net\/index.php?rest_route=\/wp\/v2\/posts\/349215","targetHints":{"allow":["GET"]}}],"collection":[{"href":"https:\/\/www.diarioimagen.net\/index.php?rest_route=\/wp\/v2\/posts"}],"about":[{"href":"https:\/\/www.diarioimagen.net\/index.php?rest_route=\/wp\/v2\/types\/post"}],"author":[{"embeddable":true,"href":"https:\/\/www.diarioimagen.net\/index.php?rest_route=\/wp\/v2\/users\/5"}],"replies":[{"embeddable":true,"href":"https:\/\/www.diarioimagen.net\/index.php?rest_route=%2Fwp%2Fv2%2Fcomments&post=349215"}],"version-history":[{"count":0,"href":"https:\/\/www.diarioimagen.net\/index.php?rest_route=\/wp\/v2\/posts\/349215\/revisions"}],"wp:featuredmedia":[{"embeddable":true,"href":"https:\/\/www.diarioimagen.net\/index.php?rest_route=\/wp\/v2\/media\/349216"}],"wp:attachment":[{"href":"https:\/\/www.diarioimagen.net\/index.php?rest_route=%2Fwp%2Fv2%2Fmedia&parent=349215"}],"wp:term":[{"taxonomy":"category","embeddable":true,"href":"https:\/\/www.diarioimagen.net\/index.php?rest_route=%2Fwp%2Fv2%2Fcategories&post=349215"},{"taxonomy":"post_tag","embeddable":true,"href":"https:\/\/www.diarioimagen.net\/index.php?rest_route=%2Fwp%2Fv2%2Ftags&post=349215"}],"curies":[{"name":"wp","href":"https:\/\/api.w.org\/{rel}","templated":true}]}}