{"id":349255,"date":"2017-10-19T00:10:50","date_gmt":"2017-10-19T05:10:50","guid":{"rendered":"http:\/\/www.diarioimagen.net\/?p=349255"},"modified":"2017-10-19T01:46:05","modified_gmt":"2017-10-19T06:46:05","slug":"aplicaran-2-4-millones-de-dosis-contra-la-influenza","status":"publish","type":"post","link":"https:\/\/www.diarioimagen.net\/?p=349255","title":{"rendered":"Aplicar\u00e1n 2.4 millones de dosis contra la influenza"},"content":{"rendered":"<h2>Arco Norte<\/h2>\n<h5>Jos\u00e9 Luis Monta\u00f1ez Aguilar<\/h5>\n<p>&nbsp;<\/p>\n<p><a href=\"http:\/\/www.diarioimagen.net\/?attachment_id=349348\" rel=\"attachment wp-att-349348\"><img loading=\"lazy\" decoding=\"async\" class=\"aligncenter size-large wp-image-349348\" src=\"http:\/\/www.diarioimagen.net\/wp-content\/uploads\/2017\/10\/arco-3232-460x259.jpg\" alt=\"\" width=\"460\" height=\"259\" srcset=\"https:\/\/www.diarioimagen.net\/wp-content\/uploads\/2017\/10\/arco-3232-460x259.jpg 460w, https:\/\/www.diarioimagen.net\/wp-content\/uploads\/2017\/10\/arco-3232-240x135.jpg 240w, https:\/\/www.diarioimagen.net\/wp-content\/uploads\/2017\/10\/arco-3232-235x132.jpg 235w, https:\/\/www.diarioimagen.net\/wp-content\/uploads\/2017\/10\/arco-3232-202x114.jpg 202w, https:\/\/www.diarioimagen.net\/wp-content\/uploads\/2017\/10\/arco-3232-350x196.jpg 350w, https:\/\/www.diarioimagen.net\/wp-content\/uploads\/2017\/10\/arco-3232-220x123.jpg 220w, https:\/\/www.diarioimagen.net\/wp-content\/uploads\/2017\/10\/arco-3232-237x132.jpg 237w, https:\/\/www.diarioimagen.net\/wp-content\/uploads\/2017\/10\/arco-3232.jpg 480w\" sizes=\"auto, (max-width: 460px) 100vw, 460px\" \/><\/a><\/p>\n<p>&nbsp;<\/p>\n<p>El gobierno del Estado de M\u00e9xico inici\u00f3 la Temporada Invernal y Campa\u00f1a de Vacunaci\u00f3n Contra la Influenza, en la que se aplicar\u00e1n de forma gratuita m\u00e1s de 2.4 millones de dosis en el territorio estatal.<\/p>\n<p>\u201cPara el gobernador Alfredo Del Mazo la salud de los mexiquenses es una prioridad y por eso invitamos a sumarse a esta cruzada para proteger a la poblaci\u00f3n contra infecciones respiratorias\u00a0 que pueden complicarse y poner en riesgo su vida\u201d, afirm\u00f3 el secretario de Salud estatal, Gabriel O\u2019Shea Cuevas.<\/p>\n<p>En la comunidad Ra\u00edces, acompa\u00f1ado por el alcalde de Zinacantepec, Marcos Manuel Castrej\u00f3n Morales, reiter\u00f3 que una de las prioridades del mandatario estatal es mantener la salud de los mexiquenses. Anunci\u00f3 que las jornadas de salud en esta temporada invernal se mantendr\u00e1n hasta el 21 de marzo de 2018 en los 125 municipios, con \u00e9nfasis en las 14 demarcaciones vulnerables donde se presentan m\u00e1s bajas temperaturas.<\/p>\n<p>Afirm\u00f3 que la vacuna es completamente segura y la mejor forma de evitar infecciones respiratorias como bronquitis o neumon\u00eda, por lo que exhort\u00f3 a la poblaci\u00f3n a acudir a vacunarse en la unidad de salud m\u00e1s cercana a su hogar.<\/p>\n<p>Esta vacuna se aplicar\u00e1 principalmente a los grupos de riesgo: ni\u00f1os de seis meses a cinco a\u00f1os de edad, adultos mayores de 60 a\u00f1os, mujeres embarazadas, trabajadores de salud y personas que padezcan\u00a0 enfermedades cr\u00f3nico degenerativas como diabetes, obesidad, c\u00e1ncer o VIH\/Sida, y est\u00e1 integrada por\u00a0 las sepas H1N1, H3N2 y Tipo B.<\/p>\n<p>El secretario de Salud estatal recomend\u00f3 estar alerta ante los s\u00edntomas por influenza que son fiebre de 38\u00b0C o m\u00e1s, tos y dolor de cabeza, acompa\u00f1ados de uno o m\u00e1s de los siguientes signos: escurrimiento o congesti\u00f3n nasal, dolor muscular y en articulaciones, as\u00ed como decaimiento.<\/p>\n<p>Por ello, deben acudir a la unidad de salud m\u00e1s cercana para recibir tratamiento oportuno y evitar la automedicaci\u00f3n. O\u00b4Shea Cuevas pidi\u00f3 adoptar medidas de prevenci\u00f3n como abrigarse bien, no exponerse a cambios bruscos de temperatura, lavarse las manos con agua y jab\u00f3n de manera frecuente, ventilar habitaciones, cubrirse la boca con la parte interna del codo al estornudar o toser.<\/p>\n<p>Durante el evento, tambi\u00e9n se llev\u00f3 a cabo una feria de salud en la que se distribuyeron cobijas y se proporcion\u00f3 orientaci\u00f3n m\u00e9dica, de salud reproductiva, afiliaci\u00f3n al Seguro Popular y t\u00e9cnicas de autoexploraci\u00f3n mamaria.<\/p>\n<p>Como parte de las acciones de la Lucha Contra el C\u00e1ncer de Mama, invit\u00f3 a las mujeres a autoexplorarse y acudir de inmediato al m\u00e9dico especialista en caso de detectar anomal\u00edas como bolitas en los senos, cambio de textura en la piel, flujo de sangre y hundimiento de pez\u00f3n.<\/p>\n<p><em><a href=\"mailto:montanezaguilar@gmail.com\" target=\"_blank\" rel=\"noopener noreferrer\">montanezaguilar@gmail.com<\/a><\/em><\/p>\n","protected":false},"excerpt":{"rendered":"<p><span style=\"color: #005497;\">Jos\u00e9 Luis Monta\u00f1ez Aguilar<\/span><br \/>\n<br \/>\nEl gobierno del Estado de M\u00e9xico inici\u00f3 la Temporada Invernal y Campa\u00f1a de Vacunaci\u00f3n Contra la Influenza, en la que se aplicar\u00e1n de forma gratuita m\u00e1s de 2.4 millones de dosis en el territorio estatal.<\/p>\n","protected":false},"author":3,"featured_media":349348,"comment_status":"open","ping_status":"open","sticky":false,"template":"","format":"standard","meta":{"_monsterinsights_skip_tracking":false,"_monsterinsights_sitenote_active":false,"_monsterinsights_sitenote_note":"","_monsterinsights_sitenote_category":0,"footnotes":""},"categories":[18863],"tags":[13284,43704,43674],"class_list":["post-349255","post","type-post","status-publish","format-standard","has-post-thumbnail","hentry","category-salud-edomex","tag-arco-norte","tag-jose-luis-montanez-aguilar","tag-opinion"],"_links":{"self":[{"href":"https:\/\/www.diarioimagen.net\/index.php?rest_route=\/wp\/v2\/posts\/349255","targetHints":{"allow":["GET"]}}],"collection":[{"href":"https:\/\/www.diarioimagen.net\/index.php?rest_route=\/wp\/v2\/posts"}],"about":[{"href":"https:\/\/www.diarioimagen.net\/index.php?rest_route=\/wp\/v2\/types\/post"}],"author":[{"embeddable":true,"href":"https:\/\/www.diarioimagen.net\/index.php?rest_route=\/wp\/v2\/users\/3"}],"replies":[{"embeddable":true,"href":"https:\/\/www.diarioimagen.net\/index.php?rest_route=%2Fwp%2Fv2%2Fcomments&post=349255"}],"version-history":[{"count":0,"href":"https:\/\/www.diarioimagen.net\/index.php?rest_route=\/wp\/v2\/posts\/349255\/revisions"}],"wp:featuredmedia":[{"embeddable":true,"href":"https:\/\/www.diarioimagen.net\/index.php?rest_route=\/wp\/v2\/media\/349348"}],"wp:attachment":[{"href":"https:\/\/www.diarioimagen.net\/index.php?rest_route=%2Fwp%2Fv2%2Fmedia&parent=349255"}],"wp:term":[{"taxonomy":"category","embeddable":true,"href":"https:\/\/www.diarioimagen.net\/index.php?rest_route=%2Fwp%2Fv2%2Fcategories&post=349255"},{"taxonomy":"post_tag","embeddable":true,"href":"https:\/\/www.diarioimagen.net\/index.php?rest_route=%2Fwp%2Fv2%2Ftags&post=349255"}],"curies":[{"name":"wp","href":"https:\/\/api.w.org\/{rel}","templated":true}]}}