{"id":349978,"date":"2017-10-24T00:07:48","date_gmt":"2017-10-24T05:07:48","guid":{"rendered":"http:\/\/www.diarioimagen.net\/?p=349978"},"modified":"2017-10-24T23:52:10","modified_gmt":"2017-10-25T04:52:10","slug":"destinos-en-europa-rolf-meyer","status":"publish","type":"post","link":"https:\/\/www.diarioimagen.net\/?p=349978","title":{"rendered":"Destinos en Europa: Rolf Meyer"},"content":{"rendered":"<h2>Detr\u00e1s del Poder<\/h2>\n<h5>Jos\u00e9 Antonio L\u00f3pez Sosa<\/h5>\n<p>&nbsp;<\/p>\n<p>El domingo pasado, entrevistamos para Radio F\u00f3rmula a Rolf Meyer, director de ventas en M\u00e9xico para United Airlines.<\/p>\n<p>Nos comparti\u00f3 la informaci\u00f3n referente a la opci\u00f3n que representa la aerol\u00ednea que dirige en M\u00e9xico para viajar no s\u00f3lo a la Uni\u00f3n Americana sino al continente europeo.<\/p>\n<p>Este a\u00f1o, United Airlines enfrent\u00f3 una de sus peores crisis de imagen al haber sacado arrastrando a un m\u00e9dico de uno de sus aviones en Chicago, desde entonces desde el corporativo han insistido en un cambio de actitud generalizado de la aerol\u00ednea con relaci\u00f3n a sus clientes.<\/p>\n<p>Nos comparti\u00f3 Rolf Meyer la informaci\u00f3n con relaci\u00f3n a las rutas que en el verano de 2018 comenzar\u00e1n a operar, sum\u00e1ndose a las que ya tienen a Europa, se trata de destinos en Islandia, Portugal, Escocia y Suiza.<\/p>\n<p>Antes de concluir este mes comenzar\u00e1n a operar las rutas Los \u00c1ngeles &#8211; Singapur y Newark &#8211; Buenos Aires, asimismo en enero de 2018 arrancan la ruta de Houston a Sydney, Australia.<\/p>\n<p>Adem\u00e1s de hablarnos de estas rutas, Meyer eplic\u00f3 la nueva experiencia que representa la clase Polaris en vuelos transcontinentales y la modernizaci\u00f3n constante que tiene la aerol\u00ednea con la llegada de Dreamliners 787-8 y 787-9, asimismo la salida que en alg\u00fan tiempo tendr\u00e1n los legendarios Boeing 747 de su flota.<\/p>\n<p>United sigue siendo la aerol\u00ednea estadounidense que m\u00e1s destinos cubre en M\u00e9xico, por lo que hace permisible volar desde diversas ciudades del pa\u00eds a Europa, Asia u Ocean\u00eda con una sola escala, practicamente del mismo modo que volando a trav\u00e9s de la Ciudad de M\u00e9xico a Europa o Asia.<\/p>\n<p>Fue interesante escuchar a Rolf Meyer referirse al mercado mexicano como uno de los m\u00e1s importantes para la aerol\u00ednea, a pesar de la coyuntura actual.<\/p>\n<p><em><a href=\"http:\/\/www.lopezsosa.com\" target=\"_blank\" rel=\"noopener noreferrer\">www.lopezsosa.com<\/a><br \/>\n<a href=\"mailto:joseantonio@lopezsosa.com\" target=\"_blank\" rel=\"noopener noreferrer\">joseantonio@lopezsosa.com<\/a><br \/>\n<a href=\"http:\/\/twitter.com\/joseantonio1977\" target=\"_blank\" rel=\"noopener noreferrer\">@joseantonio1977<\/a><\/em><\/p>\n","protected":false},"excerpt":{"rendered":"<p><span style=\"color: #005497;\"><strong>Jos\u00e9 Antonio L\u00f3pez Sosa<\/strong><\/span><\/p>\n","protected":false},"author":3,"featured_media":0,"comment_status":"open","ping_status":"open","sticky":false,"template":"","format":"standard","meta":{"_monsterinsights_skip_tracking":false,"_monsterinsights_sitenote_active":false,"_monsterinsights_sitenote_note":"","_monsterinsights_sitenote_category":0,"footnotes":""},"categories":[637],"tags":[638,43690,43674],"class_list":["post-349978","post","type-post","status-publish","format-standard","hentry","category-jose-antonio-lopez-sosa","tag-detras-del-poder","tag-jose-antonio-lopez-sosa","tag-opinion"],"_links":{"self":[{"href":"https:\/\/www.diarioimagen.net\/index.php?rest_route=\/wp\/v2\/posts\/349978","targetHints":{"allow":["GET"]}}],"collection":[{"href":"https:\/\/www.diarioimagen.net\/index.php?rest_route=\/wp\/v2\/posts"}],"about":[{"href":"https:\/\/www.diarioimagen.net\/index.php?rest_route=\/wp\/v2\/types\/post"}],"author":[{"embeddable":true,"href":"https:\/\/www.diarioimagen.net\/index.php?rest_route=\/wp\/v2\/users\/3"}],"replies":[{"embeddable":true,"href":"https:\/\/www.diarioimagen.net\/index.php?rest_route=%2Fwp%2Fv2%2Fcomments&post=349978"}],"version-history":[{"count":0,"href":"https:\/\/www.diarioimagen.net\/index.php?rest_route=\/wp\/v2\/posts\/349978\/revisions"}],"wp:attachment":[{"href":"https:\/\/www.diarioimagen.net\/index.php?rest_route=%2Fwp%2Fv2%2Fmedia&parent=349978"}],"wp:term":[{"taxonomy":"category","embeddable":true,"href":"https:\/\/www.diarioimagen.net\/index.php?rest_route=%2Fwp%2Fv2%2Fcategories&post=349978"},{"taxonomy":"post_tag","embeddable":true,"href":"https:\/\/www.diarioimagen.net\/index.php?rest_route=%2Fwp%2Fv2%2Ftags&post=349978"}],"curies":[{"name":"wp","href":"https:\/\/api.w.org\/{rel}","templated":true}]}}