{"id":350389,"date":"2017-10-26T00:03:40","date_gmt":"2017-10-26T05:03:40","guid":{"rendered":"http:\/\/www.diarioimagen.net\/?p=350389"},"modified":"2017-10-26T00:58:53","modified_gmt":"2017-10-26T05:58:53","slug":"vaya-con-los-anaya","status":"publish","type":"post","link":"https:\/\/www.diarioimagen.net\/?p=350389","title":{"rendered":"\u00a1Vaya con los Anaya!"},"content":{"rendered":"<h2>Folclor urbano<\/h2>\n<h5>Salvador Estrada<\/h5>\n<p>&nbsp;<\/p>\n<p>Los Anaya son ahora el blanco de ataques por su comportamiento personal o por su actuaci\u00f3n en la vida pol\u00edtica, lo cual los hace aparecer ante la ciudadan\u00eda \u201ccomo los malos de la pel\u00edcula\u201d.<\/p>\n<p>El primer Anaya es Ricardo, presidente del Partido Acci\u00f3n Nacional, y el segundo es Alberto Anaya, l\u00edder nacional del Partido del Trabajo y cada uno es se\u00f1alado por diversos motivos.<\/p>\n<p>Ricardo Anaya, a quien legisladores lo anunciaron en cartulina como \u201cCanaya\u201d, resulta que ahora es \u201ctraidor\u201d, calificativo que le endilg\u00f3, la secretaria general del Movimiento de Regeneraci\u00f3n Nacional, Yeidckol \u00a0Polevnsky.<\/p>\n<p>La \u201cg\u00fcera de Morena\u201d se\u00f1ala que Ricardo Anaya,\u00a0debido a sus aspiraciones presidenciales ha traicionado a diversos personajes del PAN y ha dividido a su partido, por lo cual es \u201ctraidor n\u00famero uno de la derecha\u201d.<\/p>\n<p>Dice la Polevnsky que Ricardito ha traicionado a todos con los que ha trabajado, lo mismo a Gustavo Madero que a Felipe Calder\u00f3n, y que en el PAN hay gente muy dolida, muy lastimada, por \u00e9l.<\/p>\n<p>Y Alberto Anaya, que se acaba de reelegir en el cargo, para quedar en el R\u00e9cord Guinness, por ser due\u00f1o y presidente del partido desde 1990, est\u00e1 defendiendo a su esposa, Mar\u00eda Guadalupe Rodr\u00edguez, por haber desviado \u00a1cien millones de pesos! destinados a Centros de Desarrollo Infantil. Se cree que H\u00e9ctor Quiroz, l\u00edder del PT en Aguascalientes, es coautor de una red de\u00a0lavado de dinero, liderada por Lupe Rodr\u00edguez, lo cual est\u00e1 siendo investigado. Por \u201cese peque\u00f1o detalle\u201d,\u00a0H\u00e9ctor Quiroz fue a comparecer en el Reclusorio Norte, porque de esa lana se le entregaron 12 millones.<\/p>\n<p>Y mientras se aclara \u201cla danza de los millones\u201d,\u00a0Alberto Anaya ya sac\u00f3 la cara para defender a su se\u00f1ora. Dice que los liderazgos del Partido del Trabajo estamos limpios y que el PT ir\u00e1 con Andr\u00e9s Manuel L\u00f3pez Obrador.<\/p>\n<p>Los conocedores\u00a0creen igual que Alberto, que esa acusaci\u00f3n de lavado de dinero, obedece a que cambi\u00f3 de bando y no le fue fiel a quien lo ayud\u00f3 para que no perdiera el registro de su partido en las elecciones del 2012.<\/p>\n<p>Sin embargo, no se descarta que para aclarar el caso, los Anaya, su esposa y \u00e9l, sean llamados \u00a0a declarar o se les gire orden de aprehensi\u00f3n.<\/p>\n<p>Con esas \u201cbroncas\u201d pol\u00edtico-personales los ciudadanos ya no saben qu\u00e9 rayos pasa\u00a0y exclaman: \u00a1vaya con los Anaya! Uno, traidor y \u201cCAnaya\u201d, y otro, \u201cchaquetero\u201d, por cambiar de bando.<\/p>\n<p><em><a href=\"mailto:chavasec@yahoo.com.mx\" target=\"_blank\" rel=\"noopener noreferrer\">chavasec@yahoo.com.mx<\/a><\/em><\/p>\n","protected":false},"excerpt":{"rendered":"<p><span style=\"color: #005497;\"><strong>Salvador Estrada<\/strong><\/span><\/p>\n","protected":false},"author":3,"featured_media":0,"comment_status":"open","ping_status":"open","sticky":false,"template":"","format":"standard","meta":{"_monsterinsights_skip_tracking":false,"_monsterinsights_sitenote_active":false,"_monsterinsights_sitenote_note":"","_monsterinsights_sitenote_category":0,"footnotes":""},"categories":[41601],"tags":[41599,43674,41600],"class_list":["post-350389","post","type-post","status-publish","format-standard","hentry","category-salvador-estrada-opinion","tag-folclor-urbano","tag-opinion","tag-salvador-estrada"],"_links":{"self":[{"href":"https:\/\/www.diarioimagen.net\/index.php?rest_route=\/wp\/v2\/posts\/350389","targetHints":{"allow":["GET"]}}],"collection":[{"href":"https:\/\/www.diarioimagen.net\/index.php?rest_route=\/wp\/v2\/posts"}],"about":[{"href":"https:\/\/www.diarioimagen.net\/index.php?rest_route=\/wp\/v2\/types\/post"}],"author":[{"embeddable":true,"href":"https:\/\/www.diarioimagen.net\/index.php?rest_route=\/wp\/v2\/users\/3"}],"replies":[{"embeddable":true,"href":"https:\/\/www.diarioimagen.net\/index.php?rest_route=%2Fwp%2Fv2%2Fcomments&post=350389"}],"version-history":[{"count":0,"href":"https:\/\/www.diarioimagen.net\/index.php?rest_route=\/wp\/v2\/posts\/350389\/revisions"}],"wp:attachment":[{"href":"https:\/\/www.diarioimagen.net\/index.php?rest_route=%2Fwp%2Fv2%2Fmedia&parent=350389"}],"wp:term":[{"taxonomy":"category","embeddable":true,"href":"https:\/\/www.diarioimagen.net\/index.php?rest_route=%2Fwp%2Fv2%2Fcategories&post=350389"},{"taxonomy":"post_tag","embeddable":true,"href":"https:\/\/www.diarioimagen.net\/index.php?rest_route=%2Fwp%2Fv2%2Ftags&post=350389"}],"curies":[{"name":"wp","href":"https:\/\/api.w.org\/{rel}","templated":true}]}}