{"id":350584,"date":"2017-10-27T00:10:27","date_gmt":"2017-10-27T05:10:27","guid":{"rendered":"http:\/\/www.diarioimagen.net\/?p=350584"},"modified":"2017-10-27T04:52:30","modified_gmt":"2017-10-27T09:52:30","slug":"alistan-en-tultepec-el-paseo-de-los-muertos-tradicion-que-data-de-1875","status":"publish","type":"post","link":"https:\/\/www.diarioimagen.net\/?p=350584","title":{"rendered":"Alistan en Tultepec el Paseo de los Muertos, tradici\u00f3n que data de 1875"},"content":{"rendered":"<ul>\n<li><strong><em>Marchar\u00e1n 2 mil personas con faroles en mano<\/em><\/strong><\/li>\n<\/ul>\n<p>&nbsp;<\/p>\n<div id=\"attachment_350667\" style=\"width: 470px\" class=\"wp-caption aligncenter\"><a href=\"http:\/\/www.diarioimagen.net\/?attachment_id=350667\" rel=\"attachment wp-att-350667\"><img loading=\"lazy\" decoding=\"async\" aria-describedby=\"caption-attachment-350667\" class=\"size-large wp-image-350667\" src=\"http:\/\/www.diarioimagen.net\/wp-content\/uploads\/2017\/10\/TULTEPEC-3238-460x259.jpg\" alt=\"\" width=\"460\" height=\"259\" srcset=\"https:\/\/www.diarioimagen.net\/wp-content\/uploads\/2017\/10\/TULTEPEC-3238-460x259.jpg 460w, https:\/\/www.diarioimagen.net\/wp-content\/uploads\/2017\/10\/TULTEPEC-3238-240x135.jpg 240w, https:\/\/www.diarioimagen.net\/wp-content\/uploads\/2017\/10\/TULTEPEC-3238-235x132.jpg 235w, https:\/\/www.diarioimagen.net\/wp-content\/uploads\/2017\/10\/TULTEPEC-3238-202x114.jpg 202w, https:\/\/www.diarioimagen.net\/wp-content\/uploads\/2017\/10\/TULTEPEC-3238-350x196.jpg 350w, https:\/\/www.diarioimagen.net\/wp-content\/uploads\/2017\/10\/TULTEPEC-3238-220x123.jpg 220w, https:\/\/www.diarioimagen.net\/wp-content\/uploads\/2017\/10\/TULTEPEC-3238-237x132.jpg 237w, https:\/\/www.diarioimagen.net\/wp-content\/uploads\/2017\/10\/TULTEPEC-3238.jpg 480w\" sizes=\"auto, (max-width: 460px) 100vw, 460px\" \/><\/a><p id=\"caption-attachment-350667\" class=\"wp-caption-text\">En sus inicios era costumbre que los vecinos iluminaran las calles por donde pasaba el recorrido, esparciendo frente a las casas p\u00e9talos de cempas\u00fachil.<\/p><\/div>\n<p>&nbsp;<\/p>\n<p><strong>Tultepec, Estado de M\u00e9xico<\/strong>.- En el marco de la celebraci\u00f3n del D\u00eda de Muertos, como cada a\u00f1o desde 1875, se prepara en Tultepec el tradicional Paseo de los Muertos, cuya creencia popular es guiar con una candela encendida en un farol las almas de los ni\u00f1os que han muerto y no recuerdan el camino a casa de sus familiares, a quienes vienen a visitar cada a\u00f1o el d\u00eda del 31 de octubre.<\/p>\n<p>De acuerdo con informaci\u00f3n de familiares de quienes iniciaron esta tradici\u00f3n, el Paseo de los Muertos, tuvo su origen gracias a Do\u00f1a Juanita Solano, catequista del templo, quien hizo la invitaci\u00f3n a los ni\u00f1os del pueblo para que junto con sus familiares realizaran la procesi\u00f3n el \u00faltimo d\u00eda de octubre.<\/p>\n<p>\u201cLa sugerencia fue que por cada familia que tuviera un infante fallecido, un angelito portara un farol hecho con vara de garambullo, colorido papel de china y una vela encendida al centro. Esto dio pie a la destreza y creatividad de los tultepequenses para crear prismas, cruces y estrellas, entre otras figuras\u201d.<\/p>\n<p>De acuerdo con la descripci\u00f3n, en sus inicios era costumbre que los vecinos iluminaran las calles por donde pasaba el recorrido, esparciendo frente a las casas p\u00e9talos de cempas\u00fachil, adem\u00e1s de aromatizar con sahumerio.<\/p>\n<p>Desde hace algunas d\u00e9cadas, el tradicional Paseo de los Muertos, se inicia a las seis de la tarde frente a la casa de la familia Urb\u00e1n Velasco, ubicada en la esquina suroeste de la Plaza Hidalgo, en la cabecera municipal, quienes son los continuadores de la tradici\u00f3n.<\/p>\n<p>As\u00ed, se congregan m\u00e1s de 2 mil personas con farolito en mano para recorrer las principales calles de centro del pueblo, para llegar nuevamente a la Plaza Hidalgo a presenciar la quema de artificios pirot\u00e9cnicos alusivos al D\u00eda de Muertos y escuchar las melod\u00edas que interpreta la banda de m\u00fasica que les acompa\u00f1\u00f3 durante el paseo.<\/p>\n<p>Descendientes de las familias que iniciaron esta tradici\u00f3n, junto con personas del pueblo amantes de sus costumbres, han dado continuidad a esta singular celebraci\u00f3n de devoci\u00f3n y respeto, que fue enriquecida desde hace m\u00e1s de cinco d\u00e9cadas con la participaci\u00f3n de pirot\u00e9cnicos, que han dado lucimiento desde aquellos modestos rodetes y voladoras, hasta los majestuosos castillos y piromusicales que ofrecen para cada ocasi\u00f3n.<\/p>\n<p>La suma de voluntades de los continuadores, voluntarios y autoridades municipales para mantener, preservar y difundir el Paseo de Los Muertitos, es un compromiso por conservar esta genuina expresi\u00f3n tultepequense como un legado para las generaciones futuras.<\/p>\n","protected":false},"excerpt":{"rendered":"<p>En el marco de la celebraci\u00f3n del D\u00eda de Muertos, como cada a\u00f1o desde 1875, se prepara en Tultepec el tradicional Paseo de los Muertos, cuya creencia popular es guiar con una candela encendida en un farol las almas de los ni\u00f1os que han muerto y no recuerdan el camino a casa de sus familiares, a quienes vienen a visitar cada a\u00f1o el d\u00eda del 31 de octubre. <\/p>\n","protected":false},"author":3,"featured_media":350667,"comment_status":"open","ping_status":"open","sticky":false,"template":"","format":"standard","meta":{"_monsterinsights_skip_tracking":false,"_monsterinsights_sitenote_active":false,"_monsterinsights_sitenote_note":"","_monsterinsights_sitenote_category":0,"footnotes":""},"categories":[5],"tags":[43675,67145,45442,3802],"class_list":["post-350584","post","type-post","status-publish","format-standard","has-post-thumbnail","hentry","category-estado-de-mexico","tag-estado-de-mexico","tag-paseo-de-los-muertos","tag-tradicion","tag-tultepec"],"_links":{"self":[{"href":"https:\/\/www.diarioimagen.net\/index.php?rest_route=\/wp\/v2\/posts\/350584","targetHints":{"allow":["GET"]}}],"collection":[{"href":"https:\/\/www.diarioimagen.net\/index.php?rest_route=\/wp\/v2\/posts"}],"about":[{"href":"https:\/\/www.diarioimagen.net\/index.php?rest_route=\/wp\/v2\/types\/post"}],"author":[{"embeddable":true,"href":"https:\/\/www.diarioimagen.net\/index.php?rest_route=\/wp\/v2\/users\/3"}],"replies":[{"embeddable":true,"href":"https:\/\/www.diarioimagen.net\/index.php?rest_route=%2Fwp%2Fv2%2Fcomments&post=350584"}],"version-history":[{"count":0,"href":"https:\/\/www.diarioimagen.net\/index.php?rest_route=\/wp\/v2\/posts\/350584\/revisions"}],"wp:featuredmedia":[{"embeddable":true,"href":"https:\/\/www.diarioimagen.net\/index.php?rest_route=\/wp\/v2\/media\/350667"}],"wp:attachment":[{"href":"https:\/\/www.diarioimagen.net\/index.php?rest_route=%2Fwp%2Fv2%2Fmedia&parent=350584"}],"wp:term":[{"taxonomy":"category","embeddable":true,"href":"https:\/\/www.diarioimagen.net\/index.php?rest_route=%2Fwp%2Fv2%2Fcategories&post=350584"},{"taxonomy":"post_tag","embeddable":true,"href":"https:\/\/www.diarioimagen.net\/index.php?rest_route=%2Fwp%2Fv2%2Ftags&post=350584"}],"curies":[{"name":"wp","href":"https:\/\/api.w.org\/{rel}","templated":true}]}}