{"id":350711,"date":"2017-10-30T00:07:08","date_gmt":"2017-10-30T06:07:08","guid":{"rendered":"http:\/\/www.diarioimagen.net\/?p=350711"},"modified":"2017-10-30T22:07:03","modified_gmt":"2017-10-31T04:07:03","slug":"reconoce-del-mazo-a-instituciones-de-salud-por-su-lucha-contra-el-cancer-de-mama","status":"publish","type":"post","link":"https:\/\/www.diarioimagen.net\/?p=350711","title":{"rendered":"Reconoce Del Mazo Maza a las instituciones de salud"},"content":{"rendered":"<ul>\n<li><strong><em>Edomex, con uno de los sistemas m\u00e1s avanzados en atenci\u00f3n<\/em><\/strong><\/li>\n<\/ul>\n<p>&nbsp;<\/p>\n<div id=\"attachment_350712\" style=\"width: 470px\" class=\"wp-caption aligncenter\"><img loading=\"lazy\" decoding=\"async\" aria-describedby=\"caption-attachment-350712\" class=\"wp-image-350712 size-large\" src=\"http:\/\/www.diarioimagen.net\/wp-content\/uploads\/2017\/10\/DEl-MAZO30-POORTAL-460x407.jpg\" alt=\"\" width=\"460\" height=\"407\" srcset=\"https:\/\/www.diarioimagen.net\/wp-content\/uploads\/2017\/10\/DEl-MAZO30-POORTAL-460x407.jpg 460w, https:\/\/www.diarioimagen.net\/wp-content\/uploads\/2017\/10\/DEl-MAZO30-POORTAL-240x212.jpg 240w, https:\/\/www.diarioimagen.net\/wp-content\/uploads\/2017\/10\/DEl-MAZO30-POORTAL.jpg 700w\" sizes=\"auto, (max-width: 460px) 100vw, 460px\" \/><p id=\"caption-attachment-350712\" class=\"wp-caption-text\">El gobernador Alfredo Del Mazo Maza particip\u00f3 en la Novena Caminata Estatal de Prevenci\u00f3n de C\u00e1ncer de Mama.<\/p><\/div>\n<p>&nbsp;<\/p>\n<p><strong>Metepec, Estado de M\u00e9xico<\/strong>.- El Estado de M\u00e9xico cuenta con uno de los sistemas de salud m\u00e1s avanzados en prevenci\u00f3n y combate contra el c\u00e1ncer, por ello, el gobernador Alfredo Del Mazo Maza hizo un reconocimiento a las instituciones encargadas de diagnosticar y atender esta enfermedad, que han colocado a la entidad por debajo de la media nacional en el n\u00famero de muertes a causa de ese padecimiento.<\/p>\n<p>Al participar en la Novena Caminata Estatal de Prevenci\u00f3n de C\u00e1ncer de Mama, el mandatario mexiquense se\u00f1al\u00f3 que \u00e9sta es para honrar a las mujeres que han perdido la vida por causa de esta enfermedad y tambi\u00e9n para quienes todos los d\u00edas luchan para sobrevivir a ella, y para aquellas mujeres que de manera preventiva se realizan sus ex\u00e1menes.<\/p>\n<p>La Secretar\u00eda de Salud estatal inform\u00f3 que la tasa de fallecimientos por c\u00e1ncer de mama es de 14.2 mujeres por cada 100 mil mayores de 25 a\u00f1os, lo que ubica al Estado de M\u00e9xico por debajo de la media nacional, que es de 18.<\/p>\n<p>En este mes de octubre, que se conmemora la lucha contra el c\u00e1ncer de mama, el Mandatario estatal destac\u00f3 el trabajo de las instituciones del gobierno del Estado de M\u00e9xico en su trabajo para atender esta enfermedad, entre ellas, la Unidad de Especialidad M\u00e9dica Detecci\u00f3n y Diagn\u00f3stico del C\u00e1ncer de Mama (UMENE) y el Centro Oncol\u00f3gico del Instituto de Seguridad Social del Estado de M\u00e9xico y Municipios (ISSEMyM), ambos en Toluca.<\/p>\n<p>Para diagnosticar el padecimiento, la Secretar\u00eda de Salud estatal cuenta con 18 mast\u00f3grafos en unidades m\u00e9dicas fijas y 17 mast\u00f3grafos digitales m\u00f3viles en los que cada a\u00f1o se realizan 150 mil mastograf\u00edas.<\/p>\n<p>\u201cA todas las enfermeras, los m\u00e9dicos que han estado luchando por cuidar a nuestras mujeres y por ayudarlas a combatir esta enfermedad. A todos a quienes forman parte del sistema de salud del Gobierno del Estado y adem\u00e1s felicitar a este sistema de salud porque somos de los sistemas de salud m\u00e1s avanzados en materia de prevenci\u00f3n y de lucha contra el c\u00e1ncer\u201d.<\/p>\n<p>En el evento, realizado en el Parque Ambiental Bicentenario, la Secretar\u00eda de Salud del\u00a0 Estado de M\u00e9xico estableci\u00f3 13 m\u00f3dulos donde se ofreci\u00f3 informaci\u00f3n sobre detecci\u00f3n oportuna del c\u00e1ncer de mama, prevenci\u00f3n de las adicciones, vacunaci\u00f3n, salud bucal, alimentaci\u00f3n correcta, enfermedades cr\u00f3nico-degenerativas y orientaci\u00f3n sobre lactancia materna, entre otros.<\/p>\n<p>El Gobernador Alfredo Del Mazo Maza, acompa\u00f1ado de los Secretarios de Salud y de Medio Ambiente, Gabriel O\u00b4Shea Cuevas y Jorge Rescala P\u00e9rez, respectivamente; el Presidente municipal de Metepec, David L\u00f3pez C\u00e1rdenas, las diputadas federales Carolina Monroy Del Mazo y Martha Hilda Gonz\u00e1lez Calder\u00f3n, junto con m\u00e1s de 3 mil mujeres de toda la entidad, recorri\u00f3 un tramo de kil\u00f3metro y medio en el circuito de trote del Parque Ambiental Bicentenario.<\/p>\n","protected":false},"excerpt":{"rendered":"<p>El Estado de M\u00e9xico cuenta con uno de los sistemas de salud m\u00e1s avanzados en prevenci\u00f3n y combate contra el c\u00e1ncer, por ello, el gobernador Alfredo Del Mazo Maza hizo un reconocimiento a las instituciones encargadas de diagnosticar y atender esta enfermedad, que han colocado a la entidad por debajo de la media nacional en el n\u00famero de muertes a causa de ese padecimiento.<\/p>\n","protected":false},"author":5,"featured_media":350713,"comment_status":"open","ping_status":"open","sticky":false,"template":"","format":"standard","meta":{"_monsterinsights_skip_tracking":false,"_monsterinsights_sitenote_active":false,"_monsterinsights_sitenote_note":"","_monsterinsights_sitenote_category":0,"footnotes":""},"categories":[5],"tags":[2515,43675,876,67155,43692],"class_list":["post-350711","post","type-post","status-publish","format-standard","has-post-thumbnail","hentry","category-estado-de-mexico","tag-cancer-de-mama","tag-estado-de-mexico","tag-metepec","tag-novena-caminata-estatal","tag-salud"],"_links":{"self":[{"href":"https:\/\/www.diarioimagen.net\/index.php?rest_route=\/wp\/v2\/posts\/350711","targetHints":{"allow":["GET"]}}],"collection":[{"href":"https:\/\/www.diarioimagen.net\/index.php?rest_route=\/wp\/v2\/posts"}],"about":[{"href":"https:\/\/www.diarioimagen.net\/index.php?rest_route=\/wp\/v2\/types\/post"}],"author":[{"embeddable":true,"href":"https:\/\/www.diarioimagen.net\/index.php?rest_route=\/wp\/v2\/users\/5"}],"replies":[{"embeddable":true,"href":"https:\/\/www.diarioimagen.net\/index.php?rest_route=%2Fwp%2Fv2%2Fcomments&post=350711"}],"version-history":[{"count":0,"href":"https:\/\/www.diarioimagen.net\/index.php?rest_route=\/wp\/v2\/posts\/350711\/revisions"}],"wp:featuredmedia":[{"embeddable":true,"href":"https:\/\/www.diarioimagen.net\/index.php?rest_route=\/wp\/v2\/media\/350713"}],"wp:attachment":[{"href":"https:\/\/www.diarioimagen.net\/index.php?rest_route=%2Fwp%2Fv2%2Fmedia&parent=350711"}],"wp:term":[{"taxonomy":"category","embeddable":true,"href":"https:\/\/www.diarioimagen.net\/index.php?rest_route=%2Fwp%2Fv2%2Fcategories&post=350711"},{"taxonomy":"post_tag","embeddable":true,"href":"https:\/\/www.diarioimagen.net\/index.php?rest_route=%2Fwp%2Fv2%2Ftags&post=350711"}],"curies":[{"name":"wp","href":"https:\/\/api.w.org\/{rel}","templated":true}]}}