{"id":350791,"date":"2017-10-30T00:01:11","date_gmt":"2017-10-30T06:01:11","guid":{"rendered":"http:\/\/www.diarioimagen.net\/?p=350791"},"modified":"2017-10-30T02:34:35","modified_gmt":"2017-10-30T08:34:35","slug":"con-la-intencion-de-promover-alemania-se-dio-un-curso-basico-de-aleman-por-si-se-ofreciera-viajar-a-la-patria-de-beethoven-goethe","status":"publish","type":"post","link":"https:\/\/www.diarioimagen.net\/?p=350791","title":{"rendered":"Con la intenci\u00f3n de promover Alemania, se dio un curso b\u00e1sico de alem\u00e1n, por si se ofreciera viajar a la patria de Beethoven, Goethe\u2026"},"content":{"rendered":"<h2>De cinco estrellas<\/h2>\n<h5>Victoria Gonz\u00e1lez Prado<\/h5>\n<p>&nbsp;<\/p>\n<ul>\n<li><strong><em>APEX anunci\u00f3 que Interjet fue reconocida con cuatro estrellas en la categor\u00eda de aerol\u00edneas de bajo costo<\/em><\/strong><\/li>\n<\/ul>\n<p>&nbsp;<\/p>\n<div id=\"attachment_350863\" style=\"width: 470px\" class=\"wp-caption aligncenter\"><a href=\"http:\/\/www.diarioimagen.net\/?attachment_id=350863\" rel=\"attachment wp-att-350863\"><img loading=\"lazy\" decoding=\"async\" aria-describedby=\"caption-attachment-350863\" class=\"size-large wp-image-350863\" src=\"http:\/\/www.diarioimagen.net\/wp-content\/uploads\/2017\/10\/turismo-3239-460x259.jpg\" alt=\"\" width=\"460\" height=\"259\" srcset=\"https:\/\/www.diarioimagen.net\/wp-content\/uploads\/2017\/10\/turismo-3239-460x259.jpg 460w, https:\/\/www.diarioimagen.net\/wp-content\/uploads\/2017\/10\/turismo-3239-240x135.jpg 240w, https:\/\/www.diarioimagen.net\/wp-content\/uploads\/2017\/10\/turismo-3239-235x132.jpg 235w, https:\/\/www.diarioimagen.net\/wp-content\/uploads\/2017\/10\/turismo-3239-202x114.jpg 202w, https:\/\/www.diarioimagen.net\/wp-content\/uploads\/2017\/10\/turismo-3239-350x196.jpg 350w, https:\/\/www.diarioimagen.net\/wp-content\/uploads\/2017\/10\/turismo-3239-220x123.jpg 220w, https:\/\/www.diarioimagen.net\/wp-content\/uploads\/2017\/10\/turismo-3239-237x132.jpg 237w, https:\/\/www.diarioimagen.net\/wp-content\/uploads\/2017\/10\/turismo-3239.jpg 480w\" sizes=\"auto, (max-width: 460px) 100vw, 460px\" \/><\/a><p id=\"caption-attachment-350863\" class=\"wp-caption-text\">Ricarda Linder, Mauricio Gonz\u00e1lez, Cecilia Quijada y Christy Keller.<\/p><\/div>\n<p>&nbsp;<\/p>\n<p>Recientemente nos invitaron a una reuni\u00f3n did\u00e1ctica denominada \u201cAlem\u00e1n b\u00e1sico para tu viaje\u201d. Pensamos que ser\u00eda como las invitaciones de tantas \u201cacademias\u201d que te ofrecen que aprender\u00e1s tal o cual idioma en menos que canta un gallo y s\u00f3lo te despluman. Pero no, y quedamos gratamente sorprendidos, pues aparte de did\u00e1ctica de veras, result\u00f3 alegre y por dem\u00e1s divertida.<\/p>\n<p>Se nos hizo ver lo injustificado de que la idea de aprender alem\u00e1n nos aterrara tanto como la de tener que aprender mandar\u00edn o ruso. Qued\u00f3 tambaleante nuestro concepto de que no es f\u00e1cil aprender otro idioma.<\/p>\n<p>Fue muy divertido manejar palabras y frases en grandes letreros que una maestra le\u00eda al tiempo que nosotros, y ten\u00edamos que leer y decir al un\u00edsono la pronunciaci\u00f3n figurada hasta que logr\u00e1bamos la correcta. As\u00ed comenzamos un curso b\u00e1sico de alem\u00e1n, por si se ofreciera viajar a la patria de Beethoven, Goethe\u2026<\/p>\n<p>La maestra fue <strong>Cecilia Quijada<\/strong>, gerente de Cuenta de CWW, M\u00e9xico, empresa que dirige <strong>Mauricio Gonz\u00e1lez, <\/strong>la que representa a la Oficina Nacional Alemana de Turismo en M\u00e9xico.<\/p>\n<p>Apoyada con los letreros empez\u00f3 a pronunciar las palabras y a decir su significado. Hab\u00eda que aprenderlas; si no, corr\u00edas el riesgo de quedarte sin degustar los platillos alemanes que ser\u00edan servidos durante esa reuni\u00f3n.<\/p>\n<p>Ten\u00edamos que repetir cada palabra en alem\u00e1n como si estuvi\u00e9ramos en una clase de idiomas.<\/p>\n<p>La din\u00e1mica fue realmente exitosa. Adem\u00e1s hubo premios para quien mejor pronunciara o tradujera las oraciones que se formaban con las distintas palabras que ve\u00edamos y pronunci\u00e1bamos.<\/p>\n<p>Antes de esa clase de alem\u00e1n, <strong>Ricarda Lindner<\/strong>, gerente regional de la Oficina Nacional Alemana de Turismo (ONAT), asegur\u00f3 que por la voluntad de contribuir al acercamiento entre Alemania y M\u00e9xico, se reforzar\u00e1n las actividades de promoci\u00f3n, con la convicci\u00f3n de que m\u00e1s mexicanos puedan cumplir su deseo de visitar un destino tan interesante como Alemania, que es el primer socio comercial de M\u00e9xico en la Uni\u00f3n Europea.<\/p>\n<p>Es muy posible que esa aspiraci\u00f3n se concrete, ya que M\u00e9xico y Alemania organizaron recientemente m\u00e1s de mil eventos durante el a\u00f1o dual, y M\u00e9xico ser\u00e1 pa\u00eds invitado en la feria de Hannover, es decir ser\u00e1 el primer Estado latinoamericano estrella de esa muestra de tecnolog\u00eda m\u00e1s importante del mundo.<\/p>\n<p><strong>Lindner<\/strong> asegur\u00f3 que \u201cAlemania es un destino muy competitivo en precios de hoteles y dem\u00e1s servicios tur\u00edsticos, sobre todo si se le compara con otros destinos en Europa o Estados Unidos\u201d.<\/p>\n<p>A su vez<strong>, Christy Keller<\/strong>, gerente de ventas de la ONAT para la Costa Este, se refiri\u00f3 a los atractivos que hacen de Alemania un destino atractivo e\u00a0 importante. Descuellan sus seis mil museos, casi cinco mil palacios y castillos y variada oferta de actividades, como la famosa Oktoberfest, s\u00fammum de las delicias de su gastronom\u00eda, y variadas actividades culturales, deportivas y de entretenimiento. La <em>Oktoberfest,<\/em> o fiesta de octubre, la mayor y m\u00e1s popular de Alemania, se realiza en la zona b\u00e1vara.<\/p>\n<p>Tambi\u00e9n tiene m\u00e1s de 150 rutas tur\u00edsticas, como la Rom\u00e1ntica, del F\u00fatbol, Castillos, Vinos, Relojes y Juguetes; alrededor de 41 sitios catalogados como Patrimonio de la Humanidad por la Unesco, y 292 restaurantes con Estrellas Michel\u00edn, el m\u00e1ximo reconocimiento a la calidad y cuidado con que se elaboran los platillos que sirven.<\/p>\n<p>Por \u00faltimo, <strong>Christy Keller<\/strong> indic\u00f3 que se prev\u00e9 que para 2020 habr\u00e1 un incremento superior al 107 por ciento de visitantes de M\u00e9xico y Centro Am\u00e9rica a su pa\u00eds. Agreg\u00f3 que Alemania tiene el liderazgo en rankings de reputaci\u00f3n de naciones, pues \u201cen 2015 obtuvo el segundo lugar en el \u00edndice <em>Anholt GfK,<\/em> que mide la popularidad de una marca pa\u00eds, y que en la edici\u00f3n de junio de la revista <em>Conde Nast logr\u00f3 <\/em>la cuarta posici\u00f3n de los \u201cMejores pa\u00edses para vivir\u201d.<\/p>\n<p>\u2730\u2730\u2730\u2730\u2730 La Asociaci\u00f3n de Experiencia al Cliente en Aerol\u00edneas (APEX), anunci\u00f3, durante Expo APEX, que Interjet fue reconocida con cuatro estrellas en la categor\u00eda de aerol\u00edneas de bajo costo.<\/p>\n<p>APEX, es la \u00fanica organizaci\u00f3n sin fines de lucro compuesta por las principales compa\u00f1\u00edas a\u00e9reas del mundo, proveedores y empresas relacionadas con la industria aeron\u00e1utica, dedicados a elevar el nivel de la experiencia al cliente\u00a0en las aerol\u00edneas.<\/p>\n<p><strong>Jos\u00e9 Luis Garza<\/strong>, director general de la l\u00ednea a\u00e9rea dijo sentirse orgulloso al recibir el reconocimiento \u201cque es para todos nuestros colaboradores, tripulaci\u00f3n y socios de la compa\u00f1\u00eda, adem\u00e1s, es un aliciente para seguir brindando el mejor servicio que esperan nuestros clientes\u201d.<\/p>\n<p>Entre varias aerol\u00edneas a nivel internacional, la aerol\u00ednea mexicana fue de las mejores evaluadas por la calidad de su servicio, por medio de una aplicaci\u00f3n en la cual los viajeros calificaron su experiencia en m\u00e1s de 500 mil viajes realizados, de octubre de 2016 a\u00a0julio de 2017.<\/p>\n<p><em><a href=\"mailto:victoriagprado@gmail.com\" target=\"_blank\" rel=\"noopener noreferrer\">victoriagprado@gmail.com<\/a><\/em><br \/>\n<em> Twitter: <a href=\"https:\/\/twitter.com\/victoriagprado\" target=\"_blank\" rel=\"noopener noreferrer\">@victoriagprado<\/a><\/em><\/p>\n","protected":false},"excerpt":{"rendered":"<p>Recientemente nos invitaron a una reuni\u00f3n did\u00e1ctica denominada \u201cAlem\u00e1n b\u00e1sico para tu viaje\u201d. Pensamos que ser\u00eda como las invitaciones de tantas \u201cacademias\u201d que te ofrecen que aprender\u00e1s tal o cual idioma en menos que canta un gallo y s\u00f3lo te despluman. Pero no, y quedamos gratamente sorprendidos, pues aparte de did\u00e1ctica de veras, result\u00f3 alegre y por dem\u00e1s divertida.<\/p>\n","protected":false},"author":3,"featured_media":350863,"comment_status":"open","ping_status":"open","sticky":false,"template":"","format":"standard","meta":{"_monsterinsights_skip_tracking":false,"_monsterinsights_sitenote_active":false,"_monsterinsights_sitenote_note":"","_monsterinsights_sitenote_category":0,"footnotes":""},"categories":[11],"tags":[107,43674,106],"class_list":["post-350791","post","type-post","status-publish","format-standard","has-post-thumbnail","hentry","category-turismo","tag-de-cinco-estrellas","tag-opinion","tag-victoria-gonzalez-prado"],"_links":{"self":[{"href":"https:\/\/www.diarioimagen.net\/index.php?rest_route=\/wp\/v2\/posts\/350791","targetHints":{"allow":["GET"]}}],"collection":[{"href":"https:\/\/www.diarioimagen.net\/index.php?rest_route=\/wp\/v2\/posts"}],"about":[{"href":"https:\/\/www.diarioimagen.net\/index.php?rest_route=\/wp\/v2\/types\/post"}],"author":[{"embeddable":true,"href":"https:\/\/www.diarioimagen.net\/index.php?rest_route=\/wp\/v2\/users\/3"}],"replies":[{"embeddable":true,"href":"https:\/\/www.diarioimagen.net\/index.php?rest_route=%2Fwp%2Fv2%2Fcomments&post=350791"}],"version-history":[{"count":0,"href":"https:\/\/www.diarioimagen.net\/index.php?rest_route=\/wp\/v2\/posts\/350791\/revisions"}],"wp:featuredmedia":[{"embeddable":true,"href":"https:\/\/www.diarioimagen.net\/index.php?rest_route=\/wp\/v2\/media\/350863"}],"wp:attachment":[{"href":"https:\/\/www.diarioimagen.net\/index.php?rest_route=%2Fwp%2Fv2%2Fmedia&parent=350791"}],"wp:term":[{"taxonomy":"category","embeddable":true,"href":"https:\/\/www.diarioimagen.net\/index.php?rest_route=%2Fwp%2Fv2%2Fcategories&post=350791"},{"taxonomy":"post_tag","embeddable":true,"href":"https:\/\/www.diarioimagen.net\/index.php?rest_route=%2Fwp%2Fv2%2Ftags&post=350791"}],"curies":[{"name":"wp","href":"https:\/\/api.w.org\/{rel}","templated":true}]}}