{"id":351194,"date":"2017-11-01T00:10:19","date_gmt":"2017-11-01T06:10:19","guid":{"rendered":"http:\/\/www.diarioimagen.net\/?p=351194"},"modified":"2017-11-01T04:51:14","modified_gmt":"2017-11-01T10:51:14","slug":"que-hay-mas-reos-heridos-en-la-carcel-de-chiconautla","status":"publish","type":"post","link":"https:\/\/www.diarioimagen.net\/?p=351194","title":{"rendered":"Que hay m\u00e1s reos heridos en la c\u00e1rcel de Chiconautla"},"content":{"rendered":"<ul>\n<li><strong><em>Visita extraordinaria de familiares<\/em><\/strong><\/li>\n<\/ul>\n<p>&nbsp;<\/p>\n<div id=\"attachment_351330\" style=\"width: 470px\" class=\"wp-caption aligncenter\"><a href=\"http:\/\/www.diarioimagen.net\/?attachment_id=351330\" rel=\"attachment wp-att-351330\"><img loading=\"lazy\" decoding=\"async\" aria-describedby=\"caption-attachment-351330\" class=\"size-large wp-image-351330\" src=\"http:\/\/www.diarioimagen.net\/wp-content\/uploads\/2017\/11\/penal-3241-460x259.jpg\" alt=\"\" width=\"460\" height=\"259\" srcset=\"https:\/\/www.diarioimagen.net\/wp-content\/uploads\/2017\/11\/penal-3241-460x259.jpg 460w, https:\/\/www.diarioimagen.net\/wp-content\/uploads\/2017\/11\/penal-3241-240x135.jpg 240w, https:\/\/www.diarioimagen.net\/wp-content\/uploads\/2017\/11\/penal-3241-235x132.jpg 235w, https:\/\/www.diarioimagen.net\/wp-content\/uploads\/2017\/11\/penal-3241-202x114.jpg 202w, https:\/\/www.diarioimagen.net\/wp-content\/uploads\/2017\/11\/penal-3241-350x196.jpg 350w, https:\/\/www.diarioimagen.net\/wp-content\/uploads\/2017\/11\/penal-3241-220x123.jpg 220w, https:\/\/www.diarioimagen.net\/wp-content\/uploads\/2017\/11\/penal-3241-237x132.jpg 237w, https:\/\/www.diarioimagen.net\/wp-content\/uploads\/2017\/11\/penal-3241.jpg 480w\" sizes=\"auto, (max-width: 460px) 100vw, 460px\" \/><\/a><p id=\"caption-attachment-351330\" class=\"wp-caption-text\">La CNDH atraer\u00e1 las investigaciones de la ri\u00f1a registrada el lunes en el penal de Chiconautla.<\/p><\/div>\n<p>&nbsp;<\/p>\n<p>Familiares que visitaron ayer martes a internos del Reclusorio de Chiconautla, en Ecatepec, se\u00f1alaron que observaron a varios reos golpeados y lesionados tras el mot\u00edn registrado el lunes.<\/p>\n<p>El gobierno del Estado de M\u00e9xico asegur\u00f3 que s\u00f3lo un interno y un custodio resultaron heridos con armas punzocortantes en lo que calificaron como una \u201cri\u00f1a\u201d.<\/p>\n<p>En cambio, al salir del penal, tras una visita que dur\u00f3 aproximadamente tres horas, los familiares constataron que varios estaban heridos, producto del mot\u00edn que incluy\u00f3 un incendio.<\/p>\n<p>\u201cHay varios que est\u00e1n golpeados, fui al \u00e1rea 1, varios que est\u00e1n lesionados, cortados, con muletas, cortados de los brazos\u201d, explic\u00f3 Mar\u00eda Guadalupe, quien observ\u00f3 al menos a siete presidiarios en esa condici\u00f3n.<\/p>\n<p>En la visita del martes, autoridades carcelarias les prohibieron ingresar comida para los internos.<\/p>\n<p>\u201cNo nos dejaron entrar con la comida, sin nada, tuvimos que comprar adentro, pero car\u00edsimo, dos sopes, 30 pesos\u201d, explic\u00f3 una familiar que no proporcion\u00f3 su nombre.<\/p>\n<p style=\"text-align: center;\"><strong>Derechos Humanos\u00a0<\/strong><strong>atraer\u00e1 investigaci\u00f3n de\u00a0<\/strong><strong>penal de Chiconautla<\/strong><\/p>\n<p>Por su parte, el presidente de la Comisi\u00f3n Nacional de los Derechos Humanos (CNDH), Luis Ra\u00fal Gonz\u00e1lez P\u00e9rez, asever\u00f3 que esa instancia atraer\u00e1 las investigaciones de la ri\u00f1a registrada el lunes en el penal de Chiconautla.<\/p>\n<p>Apunt\u00f3 que \u201cayer di la instrucci\u00f3n que hablaran con la Comisi\u00f3n Estatal \u2013de Derechos Humanos-, con la que siempre trabajamos coordinadamente. Debo se\u00f1alar que con los organismos estatales buscamos trabajar de esa manera y ped\u00ed que se atrajeran los asuntos\u201d.<\/p>\n<p>Record\u00f3 que la CNDH ya hab\u00eda advertido de la situaci\u00f3n en los centros penitenciarios de esa entidad. \u201cPueden buscar nuestros informes de supervisi\u00f3n y ah\u00ed est\u00e1n las circunstancias. Vean los mecanismos con los que actuamos, preguntamos tanto a autoridades como a internos y vemos las condiciones y es lo que plasmamos en los documentos\u201d, dijo.<\/p>\n<p>El ombudsman exhort\u00f3 a los gobiernos estatales y de la Ciudad de M\u00e9xico a atender las recomendaciones de la comisi\u00f3n y se\u00f1al\u00f3 que \u201ccon los informes que emitimos no buscamos agraviar a ning\u00fan gobierno, sino coadyuvar con ellos, hacerles ver, mostrarles lo que est\u00e1 pasando en sus centros penitenciarios\u201d.<\/p>\n","protected":false},"excerpt":{"rendered":"<p>Familiares que visitaron ayer martes a internos del Reclusorio de Chiconautla, en Ecatepec, se\u00f1alaron que observaron a varios reos golpeados y lesionados tras el mot\u00edn registrado el lunes.<\/p>\n","protected":false},"author":3,"featured_media":351330,"comment_status":"open","ping_status":"open","sticky":false,"template":"","format":"standard","meta":{"_monsterinsights_skip_tracking":false,"_monsterinsights_sitenote_active":false,"_monsterinsights_sitenote_note":"","_monsterinsights_sitenote_category":0,"footnotes":""},"categories":[7],"tags":[67199,1630,2535,43677],"class_list":["post-351194","post","type-post","status-publish","format-standard","has-post-thumbnail","hentry","category-seguridad","tag-chiconautla","tag-cndh","tag-heridos","tag-seguridad"],"_links":{"self":[{"href":"https:\/\/www.diarioimagen.net\/index.php?rest_route=\/wp\/v2\/posts\/351194","targetHints":{"allow":["GET"]}}],"collection":[{"href":"https:\/\/www.diarioimagen.net\/index.php?rest_route=\/wp\/v2\/posts"}],"about":[{"href":"https:\/\/www.diarioimagen.net\/index.php?rest_route=\/wp\/v2\/types\/post"}],"author":[{"embeddable":true,"href":"https:\/\/www.diarioimagen.net\/index.php?rest_route=\/wp\/v2\/users\/3"}],"replies":[{"embeddable":true,"href":"https:\/\/www.diarioimagen.net\/index.php?rest_route=%2Fwp%2Fv2%2Fcomments&post=351194"}],"version-history":[{"count":0,"href":"https:\/\/www.diarioimagen.net\/index.php?rest_route=\/wp\/v2\/posts\/351194\/revisions"}],"wp:featuredmedia":[{"embeddable":true,"href":"https:\/\/www.diarioimagen.net\/index.php?rest_route=\/wp\/v2\/media\/351330"}],"wp:attachment":[{"href":"https:\/\/www.diarioimagen.net\/index.php?rest_route=%2Fwp%2Fv2%2Fmedia&parent=351194"}],"wp:term":[{"taxonomy":"category","embeddable":true,"href":"https:\/\/www.diarioimagen.net\/index.php?rest_route=%2Fwp%2Fv2%2Fcategories&post=351194"},{"taxonomy":"post_tag","embeddable":true,"href":"https:\/\/www.diarioimagen.net\/index.php?rest_route=%2Fwp%2Fv2%2Ftags&post=351194"}],"curies":[{"name":"wp","href":"https:\/\/api.w.org\/{rel}","templated":true}]}}