{"id":351198,"date":"2017-11-01T00:07:42","date_gmt":"2017-11-01T06:07:42","guid":{"rendered":"http:\/\/www.diarioimagen.net\/?p=351198"},"modified":"2017-11-01T04:45:21","modified_gmt":"2017-11-01T10:45:21","slug":"comienza-campana-de-vacunacion-anti-influenza-en-cdmx","status":"publish","type":"post","link":"https:\/\/www.diarioimagen.net\/?p=351198","title":{"rendered":"Comienza campa\u00f1a de vacunaci\u00f3n anti-influenza en CDMX"},"content":{"rendered":"<ul>\n<li><strong><em>Ante el fr\u00edo<\/em><\/strong><\/li>\n<\/ul>\n<p>&nbsp;<\/p>\n<p>&nbsp;<\/p>\n<p><a href=\"http:\/\/www.diarioimagen.net\/?attachment_id=351324\" rel=\"attachment wp-att-351324\"><img loading=\"lazy\" decoding=\"async\" class=\"aligncenter size-large wp-image-351324\" src=\"http:\/\/www.diarioimagen.net\/wp-content\/uploads\/2017\/11\/vacunacion-3241-460x259.jpg\" alt=\"\" width=\"460\" height=\"259\" srcset=\"https:\/\/www.diarioimagen.net\/wp-content\/uploads\/2017\/11\/vacunacion-3241-460x259.jpg 460w, https:\/\/www.diarioimagen.net\/wp-content\/uploads\/2017\/11\/vacunacion-3241-240x135.jpg 240w, https:\/\/www.diarioimagen.net\/wp-content\/uploads\/2017\/11\/vacunacion-3241-235x132.jpg 235w, https:\/\/www.diarioimagen.net\/wp-content\/uploads\/2017\/11\/vacunacion-3241-202x114.jpg 202w, https:\/\/www.diarioimagen.net\/wp-content\/uploads\/2017\/11\/vacunacion-3241-350x196.jpg 350w, https:\/\/www.diarioimagen.net\/wp-content\/uploads\/2017\/11\/vacunacion-3241-220x123.jpg 220w, https:\/\/www.diarioimagen.net\/wp-content\/uploads\/2017\/11\/vacunacion-3241-237x132.jpg 237w, https:\/\/www.diarioimagen.net\/wp-content\/uploads\/2017\/11\/vacunacion-3241.jpg 480w\" sizes=\"auto, (max-width: 460px) 100vw, 460px\" \/><\/a><\/p>\n<p>&nbsp;<\/p>\n<p>El gobierno de la Ciudad de M\u00e9xico contin\u00faa la campa\u00f1a de vacunaci\u00f3n contra la influenza estacional temporada invernal 2017-2018, as\u00ed como para proteger a la poblaci\u00f3n de las enfermedades respiratorias y diarreicas.<\/p>\n<p>\u201cAc\u00e9rcate a centros de salud de @S_SaludCDMX o a m\u00f3dulos en el @MetroCDMX para vacunarte contra la influenza https:\/\/goo.gl\/CmGKPM\u201d, indic\u00f3 el gobierno capitalino en su cuenta de <em>Twittter<\/em> @Gob CD MX.<\/p>\n<p>Como parte de la campa\u00f1a, brigadas m\u00e9dicas, con el apoyo de \u201cEl M\u00e9dico en Tu Casa\u201d y \u201cEl M\u00e9dico en Tu Chamba\u201d, visitan domicilios, negocios y centros de trabajo, as\u00ed como albergues de damnificados por el terremoto del 19 de septiembre pasado y a las familias de inmuebles aleda\u00f1os a las zonas siniestradas.<\/p>\n<p>Adem\u00e1s, el Sistema de Transporte Colectivo (SCT) Metro coloc\u00f3 en 53 estaciones de la red 60 m\u00f3dulos de vacunaci\u00f3n contra la influenza, a fin de evitar el contagio de enfermedades respiratorias.<\/p>\n<p>El objetivo de este servicio preventivo, que comprende del 18 de octubre al 30 de marzo de 2018, es aplicar dos millones 737 mil 338 dosis antiinfluenza, 58 mil 991 contra la neumoc\u00f3cica y 66 mil 163 de antirotavirus, a fin de reforzar las medidas de control y de vigilancia epidemiol\u00f3gica de la influenza.<\/p>\n<p>Tambi\u00e9n se busca prevenir las infecciones respiratorias agudas, neumon\u00edas y bronconeumon\u00edas, adem\u00e1s de enfermedades diarreicas agudas por rotavirus.<\/p>\n","protected":false},"excerpt":{"rendered":"<p>El gobierno de la Ciudad de M\u00e9xico contin\u00faa la campa\u00f1a de vacunaci\u00f3n contra la influenza estacional temporada invernal 2017-2018, as\u00ed como para proteger a la poblaci\u00f3n de las enfermedades respiratorias y diarreicas.<\/p>\n","protected":false},"author":3,"featured_media":351324,"comment_status":"open","ping_status":"open","sticky":false,"template":"","format":"standard","meta":{"_monsterinsights_skip_tracking":false,"_monsterinsights_sitenote_active":false,"_monsterinsights_sitenote_note":"","_monsterinsights_sitenote_category":0,"footnotes":""},"categories":[6],"tags":[6185,34444,204,663,4713],"class_list":["post-351198","post","type-post","status-publish","format-standard","has-post-thumbnail","hentry","category-cd-de-mexico","tag-campana","tag-cdmx","tag-ciudad-de-mexico","tag-influenza","tag-vacuna"],"_links":{"self":[{"href":"https:\/\/www.diarioimagen.net\/index.php?rest_route=\/wp\/v2\/posts\/351198","targetHints":{"allow":["GET"]}}],"collection":[{"href":"https:\/\/www.diarioimagen.net\/index.php?rest_route=\/wp\/v2\/posts"}],"about":[{"href":"https:\/\/www.diarioimagen.net\/index.php?rest_route=\/wp\/v2\/types\/post"}],"author":[{"embeddable":true,"href":"https:\/\/www.diarioimagen.net\/index.php?rest_route=\/wp\/v2\/users\/3"}],"replies":[{"embeddable":true,"href":"https:\/\/www.diarioimagen.net\/index.php?rest_route=%2Fwp%2Fv2%2Fcomments&post=351198"}],"version-history":[{"count":0,"href":"https:\/\/www.diarioimagen.net\/index.php?rest_route=\/wp\/v2\/posts\/351198\/revisions"}],"wp:featuredmedia":[{"embeddable":true,"href":"https:\/\/www.diarioimagen.net\/index.php?rest_route=\/wp\/v2\/media\/351324"}],"wp:attachment":[{"href":"https:\/\/www.diarioimagen.net\/index.php?rest_route=%2Fwp%2Fv2%2Fmedia&parent=351198"}],"wp:term":[{"taxonomy":"category","embeddable":true,"href":"https:\/\/www.diarioimagen.net\/index.php?rest_route=%2Fwp%2Fv2%2Fcategories&post=351198"},{"taxonomy":"post_tag","embeddable":true,"href":"https:\/\/www.diarioimagen.net\/index.php?rest_route=%2Fwp%2Fv2%2Ftags&post=351198"}],"curies":[{"name":"wp","href":"https:\/\/api.w.org\/{rel}","templated":true}]}}