{"id":351219,"date":"2017-11-01T00:08:08","date_gmt":"2017-11-01T06:08:08","guid":{"rendered":"http:\/\/www.diarioimagen.net\/?p=351219"},"modified":"2017-11-01T04:25:13","modified_gmt":"2017-11-01T10:25:13","slug":"encabeza-alcaldesa-fernandez-sanchez-doceava-reunion-del-consejo-de-seguridad","status":"publish","type":"post","link":"https:\/\/www.diarioimagen.net\/?p=351219","title":{"rendered":"Encabeza alcaldesa Fern\u00e1ndez S\u00e1nchez  doceava reuni\u00f3n del Consejo de Seguridad"},"content":{"rendered":"<ul>\n<li><strong><em>Acciones contundentes para prevenir el delito<\/em><\/strong><\/li>\n<\/ul>\n<p>&nbsp;<\/p>\n<div id=\"attachment_351303\" style=\"width: 470px\" class=\"wp-caption aligncenter\"><a href=\"http:\/\/www.diarioimagen.net\/?attachment_id=351303\" rel=\"attachment wp-att-351303\"><img loading=\"lazy\" decoding=\"async\" aria-describedby=\"caption-attachment-351303\" class=\"size-large wp-image-351303\" src=\"http:\/\/www.diarioimagen.net\/wp-content\/uploads\/2017\/11\/CUAUTITLAN-3241-460x259.jpg\" alt=\"\" width=\"460\" height=\"259\" srcset=\"https:\/\/www.diarioimagen.net\/wp-content\/uploads\/2017\/11\/CUAUTITLAN-3241-460x259.jpg 460w, https:\/\/www.diarioimagen.net\/wp-content\/uploads\/2017\/11\/CUAUTITLAN-3241-240x135.jpg 240w, https:\/\/www.diarioimagen.net\/wp-content\/uploads\/2017\/11\/CUAUTITLAN-3241-235x132.jpg 235w, https:\/\/www.diarioimagen.net\/wp-content\/uploads\/2017\/11\/CUAUTITLAN-3241-202x114.jpg 202w, https:\/\/www.diarioimagen.net\/wp-content\/uploads\/2017\/11\/CUAUTITLAN-3241-350x196.jpg 350w, https:\/\/www.diarioimagen.net\/wp-content\/uploads\/2017\/11\/CUAUTITLAN-3241-220x123.jpg 220w, https:\/\/www.diarioimagen.net\/wp-content\/uploads\/2017\/11\/CUAUTITLAN-3241-237x132.jpg 237w, https:\/\/www.diarioimagen.net\/wp-content\/uploads\/2017\/11\/CUAUTITLAN-3241.jpg 480w\" sizes=\"auto, (max-width: 460px) 100vw, 460px\" \/><\/a><p id=\"caption-attachment-351303\" class=\"wp-caption-text\">La presidenta municipal, Ma. Guadalupe Fern\u00e1ndez S\u00e1nchez, encabez\u00f3 la d\u00e9cima segunda Sesi\u00f3n Ordinaria del Consejo Municipal de Seguridad Ciudadana.<\/p><\/div>\n<p>&nbsp;<\/p>\n<p><strong>Cuautitl\u00e1n, Estado de M\u00e9xico<\/strong>.- Con la presencia de representantes de instituciones de seguridad estatales y municipales, la presidenta municipal, Ma. Guadalupe Fern\u00e1ndez, encabez\u00f3 la d\u00e9cima segunda Sesi\u00f3n Ordinaria del Consejo Municipal de Seguridad Ciudadana, donde se dio seguimiento puntual y se inform\u00f3 de la resoluci\u00f3n de los 36 acuerdos de la sesi\u00f3n anterior, los cuales quedaron resueltos en su totalidad, la presidenta menciono la importancia de fortalecer esta comunicaci\u00f3n y colaboraci\u00f3n permanente para lograr la suma de esfuerzos que se requiere y mejorar la seguridad de cada uno de los rincones del municipio que representamos, con acciones contundentes para prevenir el delito.<\/p>\n<p>Esta misma sesi\u00f3n se entregaron reconocimientos a los elementos que tomaron el curso de \u201cSensibilizaci\u00f3n de Violencia de G\u00e9nero\u201d, donde cabe mencionar que gracias a los esfuerzos realizados en este tema, Cuautitl\u00e1n no est\u00e1 en la lista de municipios con Alerta de Genero; as\u00ed mismo se tom\u00f3 protesta en esta sesi\u00f3n a la Comisi\u00f3n de Prevenci\u00f3n Social de la Violencia y la Delincuencia con Participaci\u00f3n Ciudadana.<\/p>\n<p>Como parte final de este evento se hizo entrega de 2 patrullas que se adquirieron con recurso municipal que se suman al parque vehicular y equipamiento de chalecos bal\u00edsticos para los elementos de seguridad con estas acciones queda claro que la seguridad ciudadana implica trabajar en un modelo en el que la persona sea el centro de un servicio con atenciones de calidad, con polic\u00edas mejor preparados, m\u00e1s profesionales, con instituciones eficaces y eficientes, que se conviertan en instituciones altamente confiables, dando como resultado una mejor seguridad.<\/p>\n","protected":false},"excerpt":{"rendered":"<p>Con la presencia de representantes de instituciones de seguridad estatales y municipales, la presidenta municipal, Ma. Guadalupe Fern\u00e1ndez, encabez\u00f3 la d\u00e9cima segunda Sesi\u00f3n Ordinaria del Consejo Municipal de Seguridad Ciudadana, donde se dio seguimiento puntual y se inform\u00f3 de la resoluci\u00f3n de los 36 acuerdos de la sesi\u00f3n anterior, los cuales quedaron resueltos en su totalidad, la presidenta menciono la importancia de fortalecer esta comunicaci\u00f3n y colaboraci\u00f3n permanente para lograr la suma de esfuerzos que se requiere y mejorar la seguridad de cada uno de los rincones del municipio que representamos, con acciones contundentes para prevenir el delito. <\/p>\n","protected":false},"author":3,"featured_media":351303,"comment_status":"open","ping_status":"open","sticky":false,"template":"","format":"standard","meta":{"_monsterinsights_skip_tracking":false,"_monsterinsights_sitenote_active":false,"_monsterinsights_sitenote_note":"","_monsterinsights_sitenote_category":0,"footnotes":""},"categories":[35155],"tags":[2886,681,43675,66685],"class_list":["post-351219","post","type-post","status-publish","format-standard","has-post-thumbnail","hentry","category-estado-de-mexico-estado-de-mexico","tag-consejo-de-seguridad","tag-cuautitlan","tag-estado-de-mexico","tag-ma-guadalupe-fernandez-sanchez"],"_links":{"self":[{"href":"https:\/\/www.diarioimagen.net\/index.php?rest_route=\/wp\/v2\/posts\/351219","targetHints":{"allow":["GET"]}}],"collection":[{"href":"https:\/\/www.diarioimagen.net\/index.php?rest_route=\/wp\/v2\/posts"}],"about":[{"href":"https:\/\/www.diarioimagen.net\/index.php?rest_route=\/wp\/v2\/types\/post"}],"author":[{"embeddable":true,"href":"https:\/\/www.diarioimagen.net\/index.php?rest_route=\/wp\/v2\/users\/3"}],"replies":[{"embeddable":true,"href":"https:\/\/www.diarioimagen.net\/index.php?rest_route=%2Fwp%2Fv2%2Fcomments&post=351219"}],"version-history":[{"count":0,"href":"https:\/\/www.diarioimagen.net\/index.php?rest_route=\/wp\/v2\/posts\/351219\/revisions"}],"wp:featuredmedia":[{"embeddable":true,"href":"https:\/\/www.diarioimagen.net\/index.php?rest_route=\/wp\/v2\/media\/351303"}],"wp:attachment":[{"href":"https:\/\/www.diarioimagen.net\/index.php?rest_route=%2Fwp%2Fv2%2Fmedia&parent=351219"}],"wp:term":[{"taxonomy":"category","embeddable":true,"href":"https:\/\/www.diarioimagen.net\/index.php?rest_route=%2Fwp%2Fv2%2Fcategories&post=351219"},{"taxonomy":"post_tag","embeddable":true,"href":"https:\/\/www.diarioimagen.net\/index.php?rest_route=%2Fwp%2Fv2%2Ftags&post=351219"}],"curies":[{"name":"wp","href":"https:\/\/api.w.org\/{rel}","templated":true}]}}