{"id":351227,"date":"2017-11-01T00:05:40","date_gmt":"2017-11-01T06:05:40","guid":{"rendered":"http:\/\/www.diarioimagen.net\/?p=351227"},"modified":"2017-11-01T04:39:26","modified_gmt":"2017-11-01T10:39:26","slug":"firman-acuerdo-de-hermanamiento-metepec-y-apodaca-nuevo-leon","status":"publish","type":"post","link":"https:\/\/www.diarioimagen.net\/?p=351227","title":{"rendered":"Firman acuerdo de hermanamiento Metepec y Apodaca, Nuevo Le\u00f3n"},"content":{"rendered":"<p><a href=\"http:\/\/www.diarioimagen.net\/?attachment_id=351315\" rel=\"attachment wp-att-351315\"><img loading=\"lazy\" decoding=\"async\" class=\"aligncenter size-large wp-image-351315\" src=\"http:\/\/www.diarioimagen.net\/wp-content\/uploads\/2017\/11\/METEPEC-3241-460x259.jpg\" alt=\"\" width=\"460\" height=\"259\" srcset=\"https:\/\/www.diarioimagen.net\/wp-content\/uploads\/2017\/11\/METEPEC-3241-460x259.jpg 460w, https:\/\/www.diarioimagen.net\/wp-content\/uploads\/2017\/11\/METEPEC-3241-240x135.jpg 240w, https:\/\/www.diarioimagen.net\/wp-content\/uploads\/2017\/11\/METEPEC-3241-235x132.jpg 235w, https:\/\/www.diarioimagen.net\/wp-content\/uploads\/2017\/11\/METEPEC-3241-202x114.jpg 202w, https:\/\/www.diarioimagen.net\/wp-content\/uploads\/2017\/11\/METEPEC-3241-350x196.jpg 350w, https:\/\/www.diarioimagen.net\/wp-content\/uploads\/2017\/11\/METEPEC-3241-220x123.jpg 220w, https:\/\/www.diarioimagen.net\/wp-content\/uploads\/2017\/11\/METEPEC-3241-237x132.jpg 237w, https:\/\/www.diarioimagen.net\/wp-content\/uploads\/2017\/11\/METEPEC-3241.jpg 480w\" sizes=\"auto, (max-width: 460px) 100vw, 460px\" \/><\/a><\/p>\n<p>&nbsp;<\/p>\n<p><strong>Metepec, Estado de M\u00e9xico.-\u00a0<\/strong>\u00a0En sesi\u00f3n ordinaria de cabildo, los alcaldes David L\u00f3pez C\u00e1rdenas y \u00d3scar Alberto Cant\u00fa Garc\u00eda, de Metepec y Apodaca, respectivamente, suscribieron un acuerdo de hermanamiento para la promoci\u00f3n cultural, tur\u00edstica y econ\u00f3mica.<\/p>\n<p>El documento permitir\u00e1 consolidar acciones conjuntas que incidan positivamente en los territorios, mediante la difusi\u00f3n e intercambio de elementos tradicionales -tales como el \u00c1rbol de la Vida y el Panzate-\u00a0 y comerciales, a efecto de propiciar el desarrollo identitario.<\/p>\n","protected":false},"excerpt":{"rendered":"<p>En sesi\u00f3n ordinaria de cabildo, los alcaldes David L\u00f3pez C\u00e1rdenas y \u00d3scar Alberto Cant\u00fa Garc\u00eda, de Metepec y Apodaca, respectivamente, suscribieron un acuerdo de hermanamiento para la promoci\u00f3n cultural, tur\u00edstica y econ\u00f3mica.<\/p>\n","protected":false},"author":3,"featured_media":351315,"comment_status":"open","ping_status":"open","sticky":false,"template":"","format":"standard","meta":{"_monsterinsights_skip_tracking":false,"_monsterinsights_sitenote_active":false,"_monsterinsights_sitenote_note":"","_monsterinsights_sitenote_category":0,"footnotes":""},"categories":[35155],"tags":[46371,43675,67301,876],"class_list":["post-351227","post","type-post","status-publish","format-standard","has-post-thumbnail","hentry","category-estado-de-mexico-estado-de-mexico","tag-acuerdo","tag-estado-de-mexico","tag-hermanamiento","tag-metepec"],"_links":{"self":[{"href":"https:\/\/www.diarioimagen.net\/index.php?rest_route=\/wp\/v2\/posts\/351227","targetHints":{"allow":["GET"]}}],"collection":[{"href":"https:\/\/www.diarioimagen.net\/index.php?rest_route=\/wp\/v2\/posts"}],"about":[{"href":"https:\/\/www.diarioimagen.net\/index.php?rest_route=\/wp\/v2\/types\/post"}],"author":[{"embeddable":true,"href":"https:\/\/www.diarioimagen.net\/index.php?rest_route=\/wp\/v2\/users\/3"}],"replies":[{"embeddable":true,"href":"https:\/\/www.diarioimagen.net\/index.php?rest_route=%2Fwp%2Fv2%2Fcomments&post=351227"}],"version-history":[{"count":0,"href":"https:\/\/www.diarioimagen.net\/index.php?rest_route=\/wp\/v2\/posts\/351227\/revisions"}],"wp:featuredmedia":[{"embeddable":true,"href":"https:\/\/www.diarioimagen.net\/index.php?rest_route=\/wp\/v2\/media\/351315"}],"wp:attachment":[{"href":"https:\/\/www.diarioimagen.net\/index.php?rest_route=%2Fwp%2Fv2%2Fmedia&parent=351227"}],"wp:term":[{"taxonomy":"category","embeddable":true,"href":"https:\/\/www.diarioimagen.net\/index.php?rest_route=%2Fwp%2Fv2%2Fcategories&post=351227"},{"taxonomy":"post_tag","embeddable":true,"href":"https:\/\/www.diarioimagen.net\/index.php?rest_route=%2Fwp%2Fv2%2Ftags&post=351227"}],"curies":[{"name":"wp","href":"https:\/\/api.w.org\/{rel}","templated":true}]}}