{"id":351229,"date":"2017-11-01T00:04:42","date_gmt":"2017-11-01T06:04:42","guid":{"rendered":"http:\/\/www.diarioimagen.net\/?p=351229"},"modified":"2017-11-01T04:41:20","modified_gmt":"2017-11-01T10:41:20","slug":"sustanciales-avances-en-el-registro-civil-francisco-javier-fernandez","status":"publish","type":"post","link":"https:\/\/www.diarioimagen.net\/?p=351229","title":{"rendered":"Sustanciales avances en el Registro Civil: Francisco Javier Fern\u00e1ndez"},"content":{"rendered":"<ul>\n<li><strong><em>Instituciones lo han aprovechado<\/em><\/strong><\/li>\n<\/ul>\n<p>&nbsp;<\/p>\n<div id=\"attachment_351318\" style=\"width: 470px\" class=\"wp-caption aligncenter\"><a href=\"http:\/\/www.diarioimagen.net\/?attachment_id=351318\" rel=\"attachment wp-att-351318\"><img loading=\"lazy\" decoding=\"async\" aria-describedby=\"caption-attachment-351318\" class=\"size-large wp-image-351318\" src=\"http:\/\/www.diarioimagen.net\/wp-content\/uploads\/2017\/11\/VALLE-3241-460x259.jpg\" alt=\"\" width=\"460\" height=\"259\" srcset=\"https:\/\/www.diarioimagen.net\/wp-content\/uploads\/2017\/11\/VALLE-3241-460x259.jpg 460w, https:\/\/www.diarioimagen.net\/wp-content\/uploads\/2017\/11\/VALLE-3241-240x135.jpg 240w, https:\/\/www.diarioimagen.net\/wp-content\/uploads\/2017\/11\/VALLE-3241-235x132.jpg 235w, https:\/\/www.diarioimagen.net\/wp-content\/uploads\/2017\/11\/VALLE-3241-202x114.jpg 202w, https:\/\/www.diarioimagen.net\/wp-content\/uploads\/2017\/11\/VALLE-3241-350x196.jpg 350w, https:\/\/www.diarioimagen.net\/wp-content\/uploads\/2017\/11\/VALLE-3241-220x123.jpg 220w, https:\/\/www.diarioimagen.net\/wp-content\/uploads\/2017\/11\/VALLE-3241-237x132.jpg 237w, https:\/\/www.diarioimagen.net\/wp-content\/uploads\/2017\/11\/VALLE-3241.jpg 480w\" sizes=\"auto, (max-width: 460px) 100vw, 460px\" \/><\/a><p id=\"caption-attachment-351318\" class=\"wp-caption-text\">Francisco Javier Fern\u00e1ndez Clamont, destac\u00f3 los avances tecnol\u00f3gicos en la Direcci\u00f3n General del Registro Civil<\/p><\/div>\n<p>&nbsp;<\/p>\n<p><strong>Valle de M\u00e9xico<\/strong>.- El diputado por el XIX distrito y ex presidente municipal de Cuautitl\u00e1n, Francisco Javier Fern\u00e1ndez Clamont, destac\u00f3 los avances tecnol\u00f3gicos que se han logrado en la Direcci\u00f3n General del Registro Civil del Estado de M\u00e9xico.<\/p>\n<p>Al ser entrevistado, hizo ver que por esos avances, la organizaci\u00f3n empresarial NetMedia, experta en tecnolog\u00eda de negocios reconoci\u00f3 a la Direcci\u00f3n del Registro Civil de la Secretar\u00eda de Justicia y Derechos Humanos del Estado de M\u00e9xico por sus avances en materia de interoperabilidad tecnol\u00f3gica.<\/p>\n<p>El reconocimiento \u201cInnovation Week al sector p\u00fablico 2017\u201d, en la categor\u00eda menci\u00f3n especial, fue otorgado gracias al Sistema \u00danico de Certificaci\u00f3n e Inscripci\u00f3n (SUCI) que permite que el Registro Civil estatal est\u00e9 enlazado a diversas dependencias del sector p\u00fablico para compartir informaci\u00f3n en tiempo real.<\/p>\n<p>El legislador mexiquense dijo que este premio es muy positivo, pero representa un compromiso y doble responsabilidad; este premio es parte de la ruta que el gobierno del estado se ha trazado para brindar a los mexiquenses mejores servicios y mejores tr\u00e1mites\u201d.<\/p>\n<p>A trav\u00e9s del SUCI, el Registro Civil puede certificar con firma electr\u00f3nica y sello digital los actos y hechos del estado civil de las personas de manera estatal, y al estar conectado con el Registro Nacional de Poblaci\u00f3n puede obtener tambi\u00e9n informaci\u00f3n de otros estados.<\/p>\n<p>El sistema alimenta la Base Nacional del Registro Civil, permite tambi\u00e9n la obtenci\u00f3n de un c\u00f3digo QR \u00fanico a nivel nacional y la interacci\u00f3n con la Base Nacional CURP para asignar de manera autom\u00e1tica la clave en los nuevos registros de nacimiento y la baja de la misma cuando ocurre una defunci\u00f3n.<\/p>\n<p>Adem\u00e1s, comparte informaci\u00f3n en tiempo real con INEGI, C5, SAT, e ISSEMyM; y es utilizado para consulta y verificaci\u00f3n por la Delegaci\u00f3n de Relaciones Exteriores, la Secretar\u00eda de Movilidad, la Secretar\u00eda de Desarrollo Social, el INE y las Casas Estado de M\u00e9xico de Atenci\u00f3n a Migrantes.<\/p>\n<p>\u00c9ste es el tercer a\u00f1o consecutivo en el que el Registro Civil obtiene este reconocimiento; los dos a\u00f1os anteriores fue premiado por la digitalizaci\u00f3n de su base de datos y por los cajeros de emisi\u00f3n de actas de nacimiento.<\/p>\n<p>Por otra parte, el diputado Fern\u00e1ndez Clamont comparti\u00f3 que contin\u00faa con su trabajo en la Legislatura estatal, en la que es presidente de la Comisi\u00f3n de L\u00edmites Territoriales y en su distrito con cabecera en Cuautitl\u00e1n.<\/p>\n<p>Inform\u00f3 que mantiene un permanente apoyo de paquetes alimentarios a personas de escasos recursos, adem\u00e1s de otros apoyos a escuelas y sociedad civil del distrito 37.<\/p>\n","protected":false},"excerpt":{"rendered":"<p>El diputado por el XIX distrito y ex presidente municipal de Cuautitl\u00e1n, Francisco Javier Fern\u00e1ndez Clamont, destac\u00f3 los avances tecnol\u00f3gicos que se han logrado en la Direcci\u00f3n General del Registro Civil del Estado de M\u00e9xico.<\/p>\n","protected":false},"author":3,"featured_media":351318,"comment_status":"open","ping_status":"open","sticky":false,"template":"","format":"standard","meta":{"_monsterinsights_skip_tracking":false,"_monsterinsights_sitenote_active":false,"_monsterinsights_sitenote_note":"","_monsterinsights_sitenote_category":0,"footnotes":""},"categories":[35155],"tags":[67302,3305,34],"class_list":["post-351229","post","type-post","status-publish","format-standard","has-post-thumbnail","hentry","category-estado-de-mexico-estado-de-mexico","tag-francisco-javier-fernandez","tag-registro-civil","tag-valle-de-mexico"],"_links":{"self":[{"href":"https:\/\/www.diarioimagen.net\/index.php?rest_route=\/wp\/v2\/posts\/351229","targetHints":{"allow":["GET"]}}],"collection":[{"href":"https:\/\/www.diarioimagen.net\/index.php?rest_route=\/wp\/v2\/posts"}],"about":[{"href":"https:\/\/www.diarioimagen.net\/index.php?rest_route=\/wp\/v2\/types\/post"}],"author":[{"embeddable":true,"href":"https:\/\/www.diarioimagen.net\/index.php?rest_route=\/wp\/v2\/users\/3"}],"replies":[{"embeddable":true,"href":"https:\/\/www.diarioimagen.net\/index.php?rest_route=%2Fwp%2Fv2%2Fcomments&post=351229"}],"version-history":[{"count":0,"href":"https:\/\/www.diarioimagen.net\/index.php?rest_route=\/wp\/v2\/posts\/351229\/revisions"}],"wp:featuredmedia":[{"embeddable":true,"href":"https:\/\/www.diarioimagen.net\/index.php?rest_route=\/wp\/v2\/media\/351318"}],"wp:attachment":[{"href":"https:\/\/www.diarioimagen.net\/index.php?rest_route=%2Fwp%2Fv2%2Fmedia&parent=351229"}],"wp:term":[{"taxonomy":"category","embeddable":true,"href":"https:\/\/www.diarioimagen.net\/index.php?rest_route=%2Fwp%2Fv2%2Fcategories&post=351229"},{"taxonomy":"post_tag","embeddable":true,"href":"https:\/\/www.diarioimagen.net\/index.php?rest_route=%2Fwp%2Fv2%2Ftags&post=351229"}],"curies":[{"name":"wp","href":"https:\/\/api.w.org\/{rel}","templated":true}]}}