{"id":351349,"date":"2017-11-02T00:09:15","date_gmt":"2017-11-02T06:09:15","guid":{"rendered":"http:\/\/www.diarioimagen.net\/?p=351349"},"modified":"2017-11-02T03:44:26","modified_gmt":"2017-11-02T09:44:26","slug":"festival-de-las-almas-rescata-tradiciones-de-las-etnias-mexiquenses","status":"publish","type":"post","link":"https:\/\/www.diarioimagen.net\/?p=351349","title":{"rendered":"Festival de las Almas rescata tradiciones de las etnias mexiquenses"},"content":{"rendered":"<ul>\n<li><em><strong>Ofrendas en la explanada del foro La Velaria<\/strong><\/em><\/li>\n<\/ul>\n<p>&nbsp;<\/p>\n<div id=\"attachment_351350\" style=\"width: 470px\" class=\"wp-caption aligncenter\"><img loading=\"lazy\" decoding=\"async\" aria-describedby=\"caption-attachment-351350\" class=\"size-large wp-image-351350\" src=\"http:\/\/www.diarioimagen.net\/wp-content\/uploads\/2017\/11\/ALMAS2-portal-460x268.jpg\" alt=\"\" width=\"460\" height=\"268\" srcset=\"https:\/\/www.diarioimagen.net\/wp-content\/uploads\/2017\/11\/ALMAS2-portal-460x268.jpg 460w, https:\/\/www.diarioimagen.net\/wp-content\/uploads\/2017\/11\/ALMAS2-portal-240x140.jpg 240w, https:\/\/www.diarioimagen.net\/wp-content\/uploads\/2017\/11\/ALMAS2-portal.jpg 480w\" sizes=\"auto, (max-width: 460px) 100vw, 460px\" \/><p id=\"caption-attachment-351350\" class=\"wp-caption-text\">Las etnias originarias del Estado de M\u00e9xico tienen un espacio abierto para mostrar sus ofrendas en la explanada del foro La Velaria.<\/p><\/div>\n<p>&nbsp;<\/p>\n<p><strong>Valle de Bravo, Estado de M\u00e9xico<\/strong>.- Desde hace 15 a\u00f1os, en el marco del Festival de las Almas, las etnias originarias del Estado de M\u00e9xico tienen un espacio abierto para mostrar sus ofrendas y los elementos que las distinguen cuando recuerdan a sus difuntos.<\/p>\n<p>As\u00ed que en la explanada del foro La Velaria se dieron cita representantes de cada una de estas comunidades para compartir con el p\u00fablico sus altares, en donde integran aquello que mueve el universo: agua, aire, tierra y fuego. Por lo que en el acto inaugural estuvieron presentes miembros de los pueblos originarios, para recordar a los fieles difuntos.<\/p>\n<p>La celebraci\u00f3n fue acompa\u00f1ada por los grupos musicales \u201cLos Colibr\u00edes\u201d, provenientes de Xonacatl\u00e1n, quienes musicalizaron poemas otom\u00edes de Thaayrohyadi, premio nacional de poes\u00eda; adem\u00e1s de \u201cLos Rancheritos\u201d de San Crist\u00f3bal Huichochitl\u00e1n.<\/p>\n<p>Con aroma a copal, cempas\u00fachil y veladoras, estas ofrendas se exhibir\u00e1n hasta el 3 de noviembre. Por lo que la Secretar\u00eda de Cultura invita a los \u00faltimos d\u00edas del ciclo de cine que el Festival de las Almas ha preparado: el de noviembre \u201cLas momias de Guanajuato\u201d y el 3, \u201cInfierno\u201d; las funciones son a las 20:30 horas en la Plaza de la Independencia del Pueblo M\u00e1gico de Valle de Bravo.<\/p>\n","protected":false},"excerpt":{"rendered":"<p>Desde hace 15 a\u00f1os, en el marco del Festival de las Almas, las etnias originarias del Estado de M\u00e9xico tienen un espacio abierto para mostrar sus ofrendas y los elementos que las distinguen cuando recuerdan a sus difuntos.<\/p>\n","protected":false},"author":5,"featured_media":351350,"comment_status":"open","ping_status":"open","sticky":false,"template":"","format":"standard","meta":{"_monsterinsights_skip_tracking":false,"_monsterinsights_sitenote_active":false,"_monsterinsights_sitenote_note":"","_monsterinsights_sitenote_category":0,"footnotes":""},"categories":[35155],"tags":[43675,67304,67303,67305,67307,67306,1458,6772],"class_list":["post-351349","post","type-post","status-publish","format-standard","has-post-thumbnail","hentry","category-estado-de-mexico-estado-de-mexico","tag-estado-de-mexico","tag-etnias-mexiquenses","tag-festival-de-las-almas","tag-la-velaria","tag-pueblo-magico-de-valle-de-bravo","tag-thaayrohyadi","tag-valle-de-bravo","tag-xonacatlan"],"_links":{"self":[{"href":"https:\/\/www.diarioimagen.net\/index.php?rest_route=\/wp\/v2\/posts\/351349","targetHints":{"allow":["GET"]}}],"collection":[{"href":"https:\/\/www.diarioimagen.net\/index.php?rest_route=\/wp\/v2\/posts"}],"about":[{"href":"https:\/\/www.diarioimagen.net\/index.php?rest_route=\/wp\/v2\/types\/post"}],"author":[{"embeddable":true,"href":"https:\/\/www.diarioimagen.net\/index.php?rest_route=\/wp\/v2\/users\/5"}],"replies":[{"embeddable":true,"href":"https:\/\/www.diarioimagen.net\/index.php?rest_route=%2Fwp%2Fv2%2Fcomments&post=351349"}],"version-history":[{"count":0,"href":"https:\/\/www.diarioimagen.net\/index.php?rest_route=\/wp\/v2\/posts\/351349\/revisions"}],"wp:featuredmedia":[{"embeddable":true,"href":"https:\/\/www.diarioimagen.net\/index.php?rest_route=\/wp\/v2\/media\/351350"}],"wp:attachment":[{"href":"https:\/\/www.diarioimagen.net\/index.php?rest_route=%2Fwp%2Fv2%2Fmedia&parent=351349"}],"wp:term":[{"taxonomy":"category","embeddable":true,"href":"https:\/\/www.diarioimagen.net\/index.php?rest_route=%2Fwp%2Fv2%2Fcategories&post=351349"},{"taxonomy":"post_tag","embeddable":true,"href":"https:\/\/www.diarioimagen.net\/index.php?rest_route=%2Fwp%2Fv2%2Ftags&post=351349"}],"curies":[{"name":"wp","href":"https:\/\/api.w.org\/{rel}","templated":true}]}}