{"id":351361,"date":"2017-11-02T00:09:43","date_gmt":"2017-11-02T06:09:43","guid":{"rendered":"http:\/\/www.diarioimagen.net\/?p=351361"},"modified":"2017-11-02T22:45:40","modified_gmt":"2017-11-03T04:45:40","slug":"entrega-alfredo-del-mazo-polizas-del-seguro-popular","status":"publish","type":"post","link":"https:\/\/www.diarioimagen.net\/?p=351361","title":{"rendered":"Mexiquenses tendr\u00e1n acceso a servicios de salud de calidad"},"content":{"rendered":"<ul>\n<li><strong><em>Para finales de este a\u00f1o habr\u00e1 7 millones de asegurados<\/em><\/strong><\/li>\n<\/ul>\n<h6>Jos\u00e9 Luis Monta\u00f1ez<\/h6>\n<p>&nbsp;<\/p>\n<div id=\"attachment_351362\" style=\"width: 470px\" class=\"wp-caption aligncenter\"><img loading=\"lazy\" decoding=\"async\" aria-describedby=\"caption-attachment-351362\" class=\"wp-image-351362 size-large\" src=\"http:\/\/www.diarioimagen.net\/wp-content\/uploads\/2017\/11\/DEL-MAZO2-PORTAL-460x268.jpg\" alt=\"\" width=\"460\" height=\"268\" srcset=\"https:\/\/www.diarioimagen.net\/wp-content\/uploads\/2017\/11\/DEL-MAZO2-PORTAL-460x268.jpg 460w, https:\/\/www.diarioimagen.net\/wp-content\/uploads\/2017\/11\/DEL-MAZO2-PORTAL-240x140.jpg 240w, https:\/\/www.diarioimagen.net\/wp-content\/uploads\/2017\/11\/DEL-MAZO2-PORTAL.jpg 480w\" sizes=\"auto, (max-width: 460px) 100vw, 460px\" \/><p id=\"caption-attachment-351362\" class=\"wp-caption-text\">Alfredo Del Mazo inform\u00f3 que para finales de este a\u00f1o ser\u00e1n 7 millones de mexiquenses los que cuenten con Seguro Popular.<\/p><\/div>\n<p>&nbsp;<\/p>\n<p><strong>Ecatepec, Estado de M\u00e9xico<\/strong>.- El gobernador Alfredo Del Mazo Maza entreg\u00f3 p\u00f3lizas del Seguro Popular y maletines de estimulaci\u00f3n temprana, como parte de las acciones que la administraci\u00f3n estatal lleva a cabo para dar respuesta a una de las principales demandas de la poblaci\u00f3n, que es contar con servicios de salud de calidad.<\/p>\n<p>\u201cEste esfuerzo que hacemos es un trabajo que hacemos y haremos todos los d\u00edas en esta administraci\u00f3n para darles a los mexiquenses lo m\u00e1s importante que es una buena salud en sus hogares\u201d, afirm\u00f3.<\/p>\n<p>Acompa\u00f1ado por Antonio Chemor Ruiz, comisionado Nacional de Protecci\u00f3n Social en Salud, Alfredo Del Mazo inform\u00f3 que para finales de este a\u00f1o, ser\u00e1n 7 millones de mexiquenses los que cuenten con Seguro Popular, con el cual, la poblaci\u00f3n que no tiene seguridad social, puede acceder a servicios de salud sin costo alguno.<\/p>\n<p>\u201cLo que m\u00e1s queremos es que nuestros hijos est\u00e9n sanos y que cuando enferman tengamos la tranquilidad de que tenemos a d\u00f3nde llevarlos para ser atendidos.<\/p>\n<p>\u201cY no nada m\u00e1s que los van a atender, que los van a atender bien, que les van a dar las medicinas necesarias y otra cosa muy importante, que no nos va a costar, porque el gasto de salud que se atiende en los centros de salud a trav\u00e9s del Seguro Popular, no tiene ning\u00fan costo para ustedes y eso tambi\u00e9n es una tranquilidad para la econom\u00eda de las familias\u201d, apunt\u00f3.<\/p>\n<p>El gobernador del Estado de M\u00e9xico destac\u00f3 que por medio del Seguro Popular se brinda atenci\u00f3n en los Centros de Salud del cien por ciento de las enfermedades que pueden diagnosticarse en estos espacios, desde la consulta, medicamentos y tratamiento, as\u00ed como el 87 por ciento de los servicios de salud de segundo nivel.<\/p>\n<p>Respecto a la entrega de maletines de estimulaci\u00f3n temprana dijo que sirven para detectar si los ni\u00f1os tienen alg\u00fan problema que les impida desarrollar actividades motrices o intelectuales.<\/p>\n<p>El mandatario estatal invit\u00f3 tambi\u00e9n a la poblaci\u00f3n para que en esta temporada invernal se aplique la vacuna contra la influenza, sobre todo en ni\u00f1os menores de 5 a\u00f1os y adultos mayores, quienes corren el riesgo de padecer esta enfermedad.<\/p>\n<p>Inform\u00f3 que el Centro Oncol\u00f3gico que se construye en Ecatepec, ya cuenta con los recursos necesarios para poder concluir esta obra, la cual dijo, ser\u00e1 la m\u00e1s relevante en su tipo a nivel nacional.<\/p>\n<p>Asimismo, reiter\u00f3 el compromiso del gobierno estatal para dotar de los insumos y medicamentos necesarios en los Centros de Salud y hospitales de la entidad, adem\u00e1s de trabajar en la reconstrucci\u00f3n del nosocomio del Valle de Ceyl\u00e1n, en Tlalnepantla, que se vio afectado por el sismo del 19 de septiembre.<\/p>\n<p>\u201cHoy estamos empezando ya a abastecer tambi\u00e9n los Centros de Salud para que no hagan falta medicinas e insumos, y para que tengamos una buena calidad en el servicio de salud en el Estado de M\u00e9xico\u201d.<\/p>\n<p>Por su parte, Antonio Chemor destac\u00f3 que el Seguro Popular cubre 287 intervenciones incluidas en el Cat\u00e1logo Universal de Servicios de Salud (CAUSES), lo que representa la atenci\u00f3n de mil 663 enfermedades, adem\u00e1s de cobertura a 61 enfermedades consideradas catastr\u00f3ficas por su alto costo en la atenci\u00f3n m\u00e9dica,\u00a0 y con el programa Seguro M\u00e9dico Siglo XXI, todas las intervenciones m\u00e9dicas en menores de cinco a\u00f1os.<\/p>\n<p>En este evento, el Gobernador mexiquense entreg\u00f3 500 p\u00f3lizas del Seguro Popular y mil 300 maletines de estimulaci\u00f3n temprana.<\/p>\n<p>&nbsp;<\/p>\n","protected":false},"excerpt":{"rendered":"<p><span style=\"color: #005497;\">Jos\u00e9 Luis Monta\u00f1ez Aguilar<\/span><br \/>\n<br \/>\nEl gobernador Alfredo Del Mazo Maza entreg\u00f3 p\u00f3lizas del Seguro Popular y maletines de estimulaci\u00f3n temprana, como parte de las acciones que la administraci\u00f3n estatal lleva a cabo para dar respuesta a una de las principales demandas de la poblaci\u00f3n, que es contar con servicios de salud de calidad.<\/p>\n","protected":false},"author":5,"featured_media":351362,"comment_status":"open","ping_status":"open","sticky":false,"template":"","format":"standard","meta":{"_monsterinsights_skip_tracking":false,"_monsterinsights_sitenote_active":false,"_monsterinsights_sitenote_note":"","_monsterinsights_sitenote_category":0,"footnotes":""},"categories":[5],"tags":[66165,19954,67320,454,43675,1725],"class_list":["post-351361","post","type-post","status-publish","format-standard","has-post-thumbnail","hentry","category-estado-de-mexico","tag-antonio-chemor-ruiz","tag-calidad","tag-centros-de-salud","tag-ecatepec","tag-estado-de-mexico","tag-seguro-popular"],"_links":{"self":[{"href":"https:\/\/www.diarioimagen.net\/index.php?rest_route=\/wp\/v2\/posts\/351361","targetHints":{"allow":["GET"]}}],"collection":[{"href":"https:\/\/www.diarioimagen.net\/index.php?rest_route=\/wp\/v2\/posts"}],"about":[{"href":"https:\/\/www.diarioimagen.net\/index.php?rest_route=\/wp\/v2\/types\/post"}],"author":[{"embeddable":true,"href":"https:\/\/www.diarioimagen.net\/index.php?rest_route=\/wp\/v2\/users\/5"}],"replies":[{"embeddable":true,"href":"https:\/\/www.diarioimagen.net\/index.php?rest_route=%2Fwp%2Fv2%2Fcomments&post=351361"}],"version-history":[{"count":0,"href":"https:\/\/www.diarioimagen.net\/index.php?rest_route=\/wp\/v2\/posts\/351361\/revisions"}],"wp:featuredmedia":[{"embeddable":true,"href":"https:\/\/www.diarioimagen.net\/index.php?rest_route=\/wp\/v2\/media\/351362"}],"wp:attachment":[{"href":"https:\/\/www.diarioimagen.net\/index.php?rest_route=%2Fwp%2Fv2%2Fmedia&parent=351361"}],"wp:term":[{"taxonomy":"category","embeddable":true,"href":"https:\/\/www.diarioimagen.net\/index.php?rest_route=%2Fwp%2Fv2%2Fcategories&post=351361"},{"taxonomy":"post_tag","embeddable":true,"href":"https:\/\/www.diarioimagen.net\/index.php?rest_route=%2Fwp%2Fv2%2Ftags&post=351361"}],"curies":[{"name":"wp","href":"https:\/\/api.w.org\/{rel}","templated":true}]}}