{"id":351406,"date":"2017-11-02T00:11:02","date_gmt":"2017-11-02T06:11:02","guid":{"rendered":"http:\/\/www.diarioimagen.net\/?p=351406"},"modified":"2017-11-03T00:09:27","modified_gmt":"2017-11-03T06:09:27","slug":"se-atienden-principales-demandas-ciudadanas","status":"publish","type":"post","link":"https:\/\/www.diarioimagen.net\/?p=351406","title":{"rendered":"Se atienden principales demandas ciudadanas"},"content":{"rendered":"<h2>Arco Norte<\/h2>\n<h5>Jos\u00e9 Luis Monta\u00f1ez Aguilar<\/h5>\n<p>&nbsp;<\/p>\n<p><a href=\"http:\/\/www.diarioimagen.net\/?attachment_id=351488\" rel=\"attachment wp-att-351488\"><img loading=\"lazy\" decoding=\"async\" class=\"aligncenter size-large wp-image-351488\" src=\"http:\/\/www.diarioimagen.net\/wp-content\/uploads\/2017\/11\/arco-3242-460x259.jpg\" alt=\"\" width=\"460\" height=\"259\" srcset=\"https:\/\/www.diarioimagen.net\/wp-content\/uploads\/2017\/11\/arco-3242-460x259.jpg 460w, https:\/\/www.diarioimagen.net\/wp-content\/uploads\/2017\/11\/arco-3242-240x135.jpg 240w, https:\/\/www.diarioimagen.net\/wp-content\/uploads\/2017\/11\/arco-3242-235x132.jpg 235w, https:\/\/www.diarioimagen.net\/wp-content\/uploads\/2017\/11\/arco-3242-202x114.jpg 202w, https:\/\/www.diarioimagen.net\/wp-content\/uploads\/2017\/11\/arco-3242-350x196.jpg 350w, https:\/\/www.diarioimagen.net\/wp-content\/uploads\/2017\/11\/arco-3242-220x123.jpg 220w, https:\/\/www.diarioimagen.net\/wp-content\/uploads\/2017\/11\/arco-3242-237x132.jpg 237w, https:\/\/www.diarioimagen.net\/wp-content\/uploads\/2017\/11\/arco-3242.jpg 480w\" sizes=\"auto, (max-width: 460px) 100vw, 460px\" \/><\/a><\/p>\n<p>&nbsp;<\/p>\n<p>Como parte de las acciones que la administraci\u00f3n estatal realiza para atender las principales demandas de los mexiquenses, Alfredo Del Mazo entreg\u00f3 500 p\u00f3lizas del Seguro Popular y mil 300 maletines de estimulaci\u00f3n temprana. Inform\u00f3 que para finales de este a\u00f1o, ser\u00e1n 7 millones de mexiquenses los que cuenten con Seguro Popular, con el cual la poblaci\u00f3n que no tiene seguridad social, podr\u00e1 acceder a servicios de salud sin costo.<\/p>\n<p>Tambi\u00e9n destac\u00f3 que por medio del Seguro Popular se brinda atenci\u00f3n en los Centros de Salud del cien por ciento de las enfermedades que pueden diagnosticarse en estos espacios, desde la consulta, medicamentos y tratamiento, as\u00ed como el 87 por ciento de los servicios de salud de segundo nivel. Respecto a la entrega de maletines de estimulaci\u00f3n temprana, Alfredo Del Mazo dijo que sirven para detectar si los ni\u00f1os tienen alg\u00fan problema que les impida desarrollar actividades motrices o intelectuales.<\/p>\n<p>Por lo que invit\u00f3 a la poblaci\u00f3n para que en esta temporada invernal se aplique la vacuna contra la influenza. Mencion\u00f3 que el Centro Oncol\u00f3gico que se construye en Ecatepec, ya cuenta con los recursos necesarios para poder concluir esta obra, la cual dijo, ser\u00e1 la m\u00e1s relevante en su tipo a nivel nacional.<\/p>\n<p>Asimismo, reiter\u00f3 el compromiso del gobierno estatal para dotar de los insumos y medicamentos necesarios en los Centros de Salud y Hospitales de la entidad, adem\u00e1s de trabajar en la reconstrucci\u00f3n del nosocomio del Valle de Ceyl\u00e1n, en Tlalnepantla, que se vio afectado por el sismo del 19 de septiembre.<\/p>\n<p>Por su parte, Antonio Chemor, comisionado Nacional de Protecci\u00f3n Social en Salud, destac\u00f3 que el Seguro Popular cubre 287 intervenciones incluidas en el Cat\u00e1logo Universal de Servicios de Salud (CAUSES), lo que representa la atenci\u00f3n de mil 663 enfermedades, adem\u00e1s de cobertura a 61 enfermedades consideradas catastr\u00f3ficas.<\/p>\n<p><em><a href=\"mailto:montanezaguilar@gmail.com\" target=\"_blank\" rel=\"noopener noreferrer\">montanezaguilar@gmail.com<\/a><\/em><\/p>\n","protected":false},"excerpt":{"rendered":"<p><span style=\"color: #005497;\">Jos\u00e9 Luis Monta\u00f1ez Aguilar<\/span><br \/>\n<br \/>\nComo parte de las acciones que la administraci\u00f3n estatal realiza para atender las principales demandas de los mexiquenses, Alfredo Del Mazo entreg\u00f3 500 p\u00f3lizas del Seguro Popular y mil 300 maletines de estimulaci\u00f3n temprana. Inform\u00f3 que para finales de este a\u00f1o, ser\u00e1n 7 millones de mexiquenses los que cuenten con Seguro Popular, con el cual la poblaci\u00f3n que no tiene seguridad social, podr\u00e1 acceder a servicios de salud sin costo.<\/p>\n","protected":false},"author":3,"featured_media":351488,"comment_status":"open","ping_status":"open","sticky":false,"template":"","format":"standard","meta":{"_monsterinsights_skip_tracking":false,"_monsterinsights_sitenote_active":false,"_monsterinsights_sitenote_note":"","_monsterinsights_sitenote_category":0,"footnotes":""},"categories":[5],"tags":[13284,36699,43704,43674],"class_list":["post-351406","post","type-post","status-publish","format-standard","has-post-thumbnail","hentry","category-estado-de-mexico","tag-arco-norte","tag-demandas","tag-jose-luis-montanez-aguilar","tag-opinion"],"_links":{"self":[{"href":"https:\/\/www.diarioimagen.net\/index.php?rest_route=\/wp\/v2\/posts\/351406","targetHints":{"allow":["GET"]}}],"collection":[{"href":"https:\/\/www.diarioimagen.net\/index.php?rest_route=\/wp\/v2\/posts"}],"about":[{"href":"https:\/\/www.diarioimagen.net\/index.php?rest_route=\/wp\/v2\/types\/post"}],"author":[{"embeddable":true,"href":"https:\/\/www.diarioimagen.net\/index.php?rest_route=\/wp\/v2\/users\/3"}],"replies":[{"embeddable":true,"href":"https:\/\/www.diarioimagen.net\/index.php?rest_route=%2Fwp%2Fv2%2Fcomments&post=351406"}],"version-history":[{"count":0,"href":"https:\/\/www.diarioimagen.net\/index.php?rest_route=\/wp\/v2\/posts\/351406\/revisions"}],"wp:featuredmedia":[{"embeddable":true,"href":"https:\/\/www.diarioimagen.net\/index.php?rest_route=\/wp\/v2\/media\/351488"}],"wp:attachment":[{"href":"https:\/\/www.diarioimagen.net\/index.php?rest_route=%2Fwp%2Fv2%2Fmedia&parent=351406"}],"wp:term":[{"taxonomy":"category","embeddable":true,"href":"https:\/\/www.diarioimagen.net\/index.php?rest_route=%2Fwp%2Fv2%2Fcategories&post=351406"},{"taxonomy":"post_tag","embeddable":true,"href":"https:\/\/www.diarioimagen.net\/index.php?rest_route=%2Fwp%2Fv2%2Ftags&post=351406"}],"curies":[{"name":"wp","href":"https:\/\/api.w.org\/{rel}","templated":true}]}}