{"id":351410,"date":"2017-11-02T00:10:50","date_gmt":"2017-11-02T06:10:50","guid":{"rendered":"http:\/\/www.diarioimagen.net\/?p=351410"},"modified":"2017-11-02T02:59:33","modified_gmt":"2017-11-02T08:59:33","slug":"reconocen-compromiso-profesional-de-maestros-y-directivos","status":"publish","type":"post","link":"https:\/\/www.diarioimagen.net\/?p=351410","title":{"rendered":"Reconocen compromiso profesional de maestros y directivos"},"content":{"rendered":"<ul>\n<li><strong><em>Por mejorar la calidad educativa<\/em><\/strong><\/li>\n<\/ul>\n<p>&nbsp;<\/p>\n<div id=\"attachment_351482\" style=\"width: 470px\" class=\"wp-caption aligncenter\"><a href=\"http:\/\/www.diarioimagen.net\/?attachment_id=351482\" rel=\"attachment wp-att-351482\"><img loading=\"lazy\" decoding=\"async\" aria-describedby=\"caption-attachment-351482\" class=\"size-large wp-image-351482\" src=\"http:\/\/www.diarioimagen.net\/wp-content\/uploads\/2017\/11\/MAESTROS-3242-460x259.jpg\" alt=\"\" width=\"460\" height=\"259\" srcset=\"https:\/\/www.diarioimagen.net\/wp-content\/uploads\/2017\/11\/MAESTROS-3242-460x259.jpg 460w, https:\/\/www.diarioimagen.net\/wp-content\/uploads\/2017\/11\/MAESTROS-3242-240x135.jpg 240w, https:\/\/www.diarioimagen.net\/wp-content\/uploads\/2017\/11\/MAESTROS-3242-235x132.jpg 235w, https:\/\/www.diarioimagen.net\/wp-content\/uploads\/2017\/11\/MAESTROS-3242-202x114.jpg 202w, https:\/\/www.diarioimagen.net\/wp-content\/uploads\/2017\/11\/MAESTROS-3242-350x196.jpg 350w, https:\/\/www.diarioimagen.net\/wp-content\/uploads\/2017\/11\/MAESTROS-3242-220x123.jpg 220w, https:\/\/www.diarioimagen.net\/wp-content\/uploads\/2017\/11\/MAESTROS-3242-237x132.jpg 237w, https:\/\/www.diarioimagen.net\/wp-content\/uploads\/2017\/11\/MAESTROS-3242.jpg 480w\" sizes=\"auto, (max-width: 460px) 100vw, 460px\" \/><\/a><p id=\"caption-attachment-351482\" class=\"wp-caption-text\">El secretario de Educaci\u00f3n estatal, Juan Mill\u00e1n, entreg\u00f3 est\u00edmulos a 2 mil 915 docentes y directivos de Educaci\u00f3n B\u00e1sica.<\/p><\/div>\n<p>&nbsp;<\/p>\n<p><strong>Zinacantepec, Estado de M\u00e9xico<\/strong>.- Para reconocer el compromiso profesional de maestras y maestros en el mejoramiento escolar de los alumnos mexiquenses, Juan Mill\u00e1n, secretario de Educaci\u00f3n estatal, entreg\u00f3 est\u00edmulos a 2 mil 915 docentes y directivos de Educaci\u00f3n B\u00e1sica de los Servicios Educativos Integrados al Estado de M\u00e9xico (SEIEM).<\/p>\n<p>En representaci\u00f3n del gobernador Alfredo Del Mazo, el secretario destac\u00f3 el compromiso profesional de las maestras y maestros, por lo que reiter\u00f3 que en el gobierno estatal, el magisterio tiene un aliado.<\/p>\n<p>El Programa de Est\u00edmulo Econ\u00f3mico y Reconocimiento al Docente y Directivo de Educaci\u00f3n B\u00e1sica (PROEEB) reconoce caracter\u00edsticas del quehacer educativo con la entrega de un est\u00edmulo econ\u00f3mico, que en esta ocasi\u00f3n se otorg\u00f3 a 1,103 docentes y directivos del Valle de Toluca, y mil 812 del Valle de M\u00e9xico.<\/p>\n","protected":false},"excerpt":{"rendered":"<p>Para reconocer el compromiso profesional de maestras y maestros en el mejoramiento escolar de los alumnos mexiquenses, Juan Mill\u00e1n, secretario de Educaci\u00f3n estatal, entreg\u00f3 est\u00edmulos a 2 mil 915 docentes y directivos de Educaci\u00f3n B\u00e1sica de los Servicios Educativos Integrados al Estado de M\u00e9xico (SEIEM).<\/p>\n","protected":false},"author":3,"featured_media":351482,"comment_status":"open","ping_status":"open","sticky":false,"template":"","format":"standard","meta":{"_monsterinsights_skip_tracking":false,"_monsterinsights_sitenote_active":false,"_monsterinsights_sitenote_note":"","_monsterinsights_sitenote_category":0,"footnotes":""},"categories":[5],"tags":[67359,43675,2574,184],"class_list":["post-351410","post","type-post","status-publish","format-standard","has-post-thumbnail","hentry","category-estado-de-mexico","tag-directivos","tag-estado-de-mexico","tag-maestros","tag-zinacantepec"],"_links":{"self":[{"href":"https:\/\/www.diarioimagen.net\/index.php?rest_route=\/wp\/v2\/posts\/351410","targetHints":{"allow":["GET"]}}],"collection":[{"href":"https:\/\/www.diarioimagen.net\/index.php?rest_route=\/wp\/v2\/posts"}],"about":[{"href":"https:\/\/www.diarioimagen.net\/index.php?rest_route=\/wp\/v2\/types\/post"}],"author":[{"embeddable":true,"href":"https:\/\/www.diarioimagen.net\/index.php?rest_route=\/wp\/v2\/users\/3"}],"replies":[{"embeddable":true,"href":"https:\/\/www.diarioimagen.net\/index.php?rest_route=%2Fwp%2Fv2%2Fcomments&post=351410"}],"version-history":[{"count":0,"href":"https:\/\/www.diarioimagen.net\/index.php?rest_route=\/wp\/v2\/posts\/351410\/revisions"}],"wp:featuredmedia":[{"embeddable":true,"href":"https:\/\/www.diarioimagen.net\/index.php?rest_route=\/wp\/v2\/media\/351482"}],"wp:attachment":[{"href":"https:\/\/www.diarioimagen.net\/index.php?rest_route=%2Fwp%2Fv2%2Fmedia&parent=351410"}],"wp:term":[{"taxonomy":"category","embeddable":true,"href":"https:\/\/www.diarioimagen.net\/index.php?rest_route=%2Fwp%2Fv2%2Fcategories&post=351410"},{"taxonomy":"post_tag","embeddable":true,"href":"https:\/\/www.diarioimagen.net\/index.php?rest_route=%2Fwp%2Fv2%2Ftags&post=351410"}],"curies":[{"name":"wp","href":"https:\/\/api.w.org\/{rel}","templated":true}]}}