{"id":351422,"date":"2017-11-02T00:04:26","date_gmt":"2017-11-02T06:04:26","guid":{"rendered":"http:\/\/www.diarioimagen.net\/?p=351422"},"modified":"2017-11-02T22:45:07","modified_gmt":"2017-11-03T04:45:07","slug":"preven-analistas-mayor-inflacion-y-dolar-mas-caro","status":"publish","type":"post","link":"https:\/\/www.diarioimagen.net\/?p=351422","title":{"rendered":"Prev\u00e9n analistas mayor inflaci\u00f3n y d\u00f3lar m\u00e1s caro"},"content":{"rendered":"<ul>\n<li><strong><em>Encuesta sobre expectativas para 2018<\/em><\/strong><\/li>\n<\/ul>\n<p>&nbsp;<\/p>\n<div id=\"attachment_351567\" style=\"width: 470px\" class=\"wp-caption aligncenter\"><a href=\"http:\/\/www.diarioimagen.net\/?attachment_id=351567\" rel=\"attachment wp-att-351567\"><img loading=\"lazy\" decoding=\"async\" aria-describedby=\"caption-attachment-351567\" class=\"size-large wp-image-351567\" src=\"http:\/\/www.diarioimagen.net\/wp-content\/uploads\/2017\/11\/DOLAR-3242-460x259.jpg\" alt=\"\" width=\"460\" height=\"259\" srcset=\"https:\/\/www.diarioimagen.net\/wp-content\/uploads\/2017\/11\/DOLAR-3242-460x259.jpg 460w, https:\/\/www.diarioimagen.net\/wp-content\/uploads\/2017\/11\/DOLAR-3242-240x135.jpg 240w, https:\/\/www.diarioimagen.net\/wp-content\/uploads\/2017\/11\/DOLAR-3242-235x132.jpg 235w, https:\/\/www.diarioimagen.net\/wp-content\/uploads\/2017\/11\/DOLAR-3242-202x114.jpg 202w, https:\/\/www.diarioimagen.net\/wp-content\/uploads\/2017\/11\/DOLAR-3242-350x196.jpg 350w, https:\/\/www.diarioimagen.net\/wp-content\/uploads\/2017\/11\/DOLAR-3242-220x123.jpg 220w, https:\/\/www.diarioimagen.net\/wp-content\/uploads\/2017\/11\/DOLAR-3242-237x132.jpg 237w, https:\/\/www.diarioimagen.net\/wp-content\/uploads\/2017\/11\/DOLAR-3242.jpg 480w\" sizes=\"auto, (max-width: 460px) 100vw, 460px\" \/><\/a><p id=\"caption-attachment-351567\" class=\"wp-caption-text\">D\u00f3lar e inflaci\u00f3n seguir\u00e1n su carrera alcista el pr\u00f3ximo a\u00f1o, prev\u00e9n analistas privados consultados por el Banco de M\u00e9xico.<\/p><\/div>\n<p>&nbsp;<\/p>\n<p>Analistas privados consultados por el Banco de M\u00e9xico (Banxico) mantuvieron en 2.10 por ciento su expectativa de crecimiento de la econom\u00eda nacional para este a\u00f1o, pero elevaron a 2.25 por ciento su pron\u00f3stico para 2018.<\/p>\n<p>De acuerdo con la \u201cEncuesta sobre las expectativas de los especialistas en econom\u00eda del sector privado\u201d de octubre de 2017, bajaron su estimaci\u00f3n de la inflaci\u00f3n para este a\u00f1o y la elevaron marginalmente para 2018, mientras que para el tipo de cambio subieron sus expectativas para ambos a\u00f1os.<\/p>\n<p>Los expertos mantuvieron, en octubre, su expectativa del Producto Interno Bruto (PIB) para 2017 en 2.10 por ciento, tras el alza registrada en agosto pasado, seg\u00fan la media de los pron\u00f3sticos.<\/p>\n<p>Para 2018, subieron su expectativa de crecimiento de la econom\u00eda, de 2.22 por ciento en septiembre a 2.25 por ciento en octubre, luego de la baja del mes previo, de acuerdo con la encuesta recabada por el Banxico entre 34 grupos de an\u00e1lisis y consultor\u00eda econ\u00f3mica del sector privado nacional y extranjero.<\/p>\n<p>Seg\u00fan las respuestas recibidas por el banco central entre el 20 y 30 de octubre, bajaron su estimado de inflaci\u00f3n general para el cierre de 2017, de 6.30 por ciento en septiembre a 6.25 por ciento en octubre; mientras que para 2018 la subieron marginalmente de 3.84 por ciento a 3.85 por ciento.<\/p>\n<p>En tanto, las perspectivas de los especialistas sobre el nivel del tipo de cambio del peso frente al d\u00f3lar estadounidense para los cierres de 2017 y 2018 aumentaron con respecto al mes previo.<\/p>\n<p>Los expertos prev\u00e9n que el tipo de cambio cierre este a\u00f1o en 18.70 pesos por d\u00f3lar, desde su estimaci\u00f3n previa de 18.14 pesos, mientras que para 2018 estiman un precio de 18.61 pesos contra su proyecci\u00f3n anterior de 18.21 pesos por d\u00f3lar. Respecto a la tasa de fondeo interbancario, para el cuarto trimestre de 2017 al segundo de 2018, la mayor\u00eda de los especialistas consultados anticipa una tasa igual a la tasa objetivo actual, de 7.0 por ciento.<\/p>\n<p>A partir del tercer trimestre de 2018, la fracci\u00f3n preponderante corresponde a los analistas que opinan que la tasa de fondeo se ubicar\u00e1 por debajo del objetivo vigente.<\/p>\n<p>En cuanto al nivel de la tasa de inter\u00e9s del Cete a 28 d\u00edas, las expectativas para el cierre de 2017 subieron respecto a la encuesta de septiembre, a 7.07 por ciento desde 7.04 por ciento, y para el cierre de 2018, aumentaron a 6.65 por ciento.<\/p>\n<p>Los analistas consideraron que los factores que podr\u00edan obstaculizar el crecimiento econ\u00f3mico de M\u00e9xico en los pr\u00f3ximos meses son, en orden de importancia: la incertidumbre pol\u00edtica interna (17 por ciento de las respuestas) y los problemas de inseguridad p\u00fablica (15 por ciento de las respuestas).<\/p>\n<p>Adem\u00e1s, la plataforma de producci\u00f3n petrolera (12 por ciento de las respuestas); la inestabilidad pol\u00edtica internacional (7.0 por ciento de las respuestas); la incertidumbre cambiaria (6.0 por ciento de las respuestas); y la incertidumbre sobre la situaci\u00f3n econ\u00f3mica interna (6.0 por ciento de las respuestas).<\/p>\n<p>Tambi\u00e9n aumentaron su expectativa en cuanto al n\u00famero de trabajadores asegurados en el IMSS para el cierre de 2017 a 734 mil plazas desde 700 mil estimadas el mes previo, y para 2018 subi\u00f3 a 701 mil desde 678 mil puestos de trabajo.<\/p>\n<p>Seg\u00fan la encuesta del Banxico, las expectativas de la tasa de desocupaci\u00f3n nacional para el cierre de 2017 bajaron de 3.51 por ciento en septiembre a 3.46 por ciento en octubre; mientras que el pron\u00f3stico para 2018 disminuy\u00f3 de 3.60 por ciento a 3.58 por ciento.<\/p>\n<p>En lo que se refiere al pron\u00f3stico de crecimiento del PIB de Estados Unidos, los analistas elevaron sus expectativas para 2017 con respecto a la encuesta anterior, de 2.14 a 2.18 por ciento, y para 2018 la aumentaron de 2.30 a 2.35 por ciento.<\/p>\n","protected":false},"excerpt":{"rendered":"<p>Analistas privados consultados por el Banco de M\u00e9xico (Banxico) mantuvieron en 2.10 por ciento su expectativa de crecimiento de la econom\u00eda nacional para este a\u00f1o, pero elevaron a 2.25 por ciento su pron\u00f3stico para 2018.<\/p>\n","protected":false},"author":3,"featured_media":351567,"comment_status":"open","ping_status":"open","sticky":false,"template":"","format":"standard","meta":{"_monsterinsights_skip_tracking":false,"_monsterinsights_sitenote_active":false,"_monsterinsights_sitenote_note":"","_monsterinsights_sitenote_category":0,"footnotes":""},"categories":[8],"tags":[293,43678,932],"class_list":["post-351422","post","type-post","status-publish","format-standard","has-post-thumbnail","hentry","category-finanzas","tag-dolar","tag-finanzas","tag-inflacion"],"_links":{"self":[{"href":"https:\/\/www.diarioimagen.net\/index.php?rest_route=\/wp\/v2\/posts\/351422","targetHints":{"allow":["GET"]}}],"collection":[{"href":"https:\/\/www.diarioimagen.net\/index.php?rest_route=\/wp\/v2\/posts"}],"about":[{"href":"https:\/\/www.diarioimagen.net\/index.php?rest_route=\/wp\/v2\/types\/post"}],"author":[{"embeddable":true,"href":"https:\/\/www.diarioimagen.net\/index.php?rest_route=\/wp\/v2\/users\/3"}],"replies":[{"embeddable":true,"href":"https:\/\/www.diarioimagen.net\/index.php?rest_route=%2Fwp%2Fv2%2Fcomments&post=351422"}],"version-history":[{"count":0,"href":"https:\/\/www.diarioimagen.net\/index.php?rest_route=\/wp\/v2\/posts\/351422\/revisions"}],"wp:featuredmedia":[{"embeddable":true,"href":"https:\/\/www.diarioimagen.net\/index.php?rest_route=\/wp\/v2\/media\/351567"}],"wp:attachment":[{"href":"https:\/\/www.diarioimagen.net\/index.php?rest_route=%2Fwp%2Fv2%2Fmedia&parent=351422"}],"wp:term":[{"taxonomy":"category","embeddable":true,"href":"https:\/\/www.diarioimagen.net\/index.php?rest_route=%2Fwp%2Fv2%2Fcategories&post=351422"},{"taxonomy":"post_tag","embeddable":true,"href":"https:\/\/www.diarioimagen.net\/index.php?rest_route=%2Fwp%2Fv2%2Ftags&post=351422"}],"curies":[{"name":"wp","href":"https:\/\/api.w.org\/{rel}","templated":true}]}}