{"id":351445,"date":"2017-11-02T00:08:57","date_gmt":"2017-11-02T06:08:57","guid":{"rendered":"http:\/\/www.diarioimagen.net\/?p=351445"},"modified":"2017-11-02T03:13:04","modified_gmt":"2017-11-02T09:13:04","slug":"presenta-metepec-ofrenda-monumental-de-dia-de-muertos","status":"publish","type":"post","link":"https:\/\/www.diarioimagen.net\/?p=351445","title":{"rendered":"Presenta Metepec ofrenda monumental de D\u00eda de Muertos"},"content":{"rendered":"<ul>\n<li><strong><em>Actividades culturales gratuitas hasta el domingo<\/em><\/strong><\/li>\n<\/ul>\n<p>&nbsp;<\/p>\n<div id=\"attachment_351499\" style=\"width: 470px\" class=\"wp-caption aligncenter\"><a href=\"http:\/\/www.diarioimagen.net\/?attachment_id=351499\" rel=\"attachment wp-att-351499\"><img loading=\"lazy\" decoding=\"async\" aria-describedby=\"caption-attachment-351499\" class=\"size-large wp-image-351499\" src=\"http:\/\/www.diarioimagen.net\/wp-content\/uploads\/2017\/11\/METEPEC-3242-460x259.jpg\" alt=\"\" width=\"460\" height=\"259\" srcset=\"https:\/\/www.diarioimagen.net\/wp-content\/uploads\/2017\/11\/METEPEC-3242-460x259.jpg 460w, https:\/\/www.diarioimagen.net\/wp-content\/uploads\/2017\/11\/METEPEC-3242-240x135.jpg 240w, https:\/\/www.diarioimagen.net\/wp-content\/uploads\/2017\/11\/METEPEC-3242-235x132.jpg 235w, https:\/\/www.diarioimagen.net\/wp-content\/uploads\/2017\/11\/METEPEC-3242-202x114.jpg 202w, https:\/\/www.diarioimagen.net\/wp-content\/uploads\/2017\/11\/METEPEC-3242-350x196.jpg 350w, https:\/\/www.diarioimagen.net\/wp-content\/uploads\/2017\/11\/METEPEC-3242-220x123.jpg 220w, https:\/\/www.diarioimagen.net\/wp-content\/uploads\/2017\/11\/METEPEC-3242-237x132.jpg 237w, https:\/\/www.diarioimagen.net\/wp-content\/uploads\/2017\/11\/METEPEC-3242.jpg 480w\" sizes=\"auto, (max-width: 460px) 100vw, 460px\" \/><\/a><p id=\"caption-attachment-351499\" class=\"wp-caption-text\">Metepec rinde culto a los fieles difuntos en una ofrenda monumental, que recorre la escalinata del Calvario.<\/p><\/div>\n<p>&nbsp;<\/p>\n<p><strong>Metepec, Estado de M\u00e9xico<\/strong>.-\u00a0Por quinto a\u00f1o consecutivo, el municipio de Metepec rinde culto a los fieles difuntos en una ofrenda monumental que recorre la escalinata del Calvario, para recibir a vecinos y visitantes que forman parte de la tradici\u00f3n mexicana que da identidad en el mundo y que es considerada por la UNESCO como Patrimonio Cultural Inmaterial de la Humanidad.<\/p>\n<p>Son m\u00e1s de 150 metros lineales que envuelven el tapete realizado por el maestro Juan Jos\u00e9 Mar\u00eda Hern\u00e1ndez Fern\u00e1ndez, miembro de una de las familias de artesanos alfombristas m\u00e1s importantes de Huamantla, Tlaxcala, que tiene m\u00e1s de 32 a\u00f1os de experiencia y es reconocido por ser un promotor y difusor de la tradici\u00f3n, adem\u00e1s de haber creado la Asociaci\u00f3n Civil de Alfombristas de Huamantla. El tapete mide 35 por siete metros y fue realizado con semillas, flores, fruta y verdura, representando la dualidad de la vida y la muerte en un \u00e1rbol de la vida.<\/p>\n<p>Alrededor, se aprecian ofrendas que fueron montadas por las 52 delegaciones del municipio, nueve instituciones educativas, 16 expositores del Mercado del Arte, Scouts de M\u00e9xico, Cruz Roja, asociaciones civiles, restaurantes y dependencias del Ayuntamiento de Metepec, que juntas muestran las tradiciones del pueblo alfarero.<\/p>\n<p>Con olor a copal y un ritual acompa\u00f1ado de danzas a cargo del grupo Ollin Yoliztli \u201cVida y Movimiento\u201d y el sacerdote n\u00e1huatl, \u00a0Fabi\u00e1n G\u00f3mez Monta\u00f1o, se llev\u00f3 a cabo el encendido oficial de la Ofrenda Monumental, donde participaron ni\u00f1os, j\u00f3venes y adultos que recorrieron cada espacio del lugar emblem\u00e1tico para apreciar las diversas formas de recordar a los que ya no est\u00e1n de forma f\u00edsica.<\/p>\n<p>\u201cEn Metepec, preservamos nuestro legado cultural a trav\u00e9s de esta Ofrenda Monumental que conserva los elementos originales y que est\u00e1 abierta al p\u00fablico para ser visitada. A partir de este d\u00eda y hasta el domingo 5 de noviembre, ofrecemos un festival cultural lleno de magia y alegr\u00eda, que enaltece nuestra identidad, donde disfrutar\u00e1n de conciertos, recorridos de leyendas, dramatizaciones en el pante\u00f3n municipal, obras de teatro y marat\u00f3n de cine\u201d, se\u00f1al\u00f3 la presidenta del DIF Metepec, Gabriela Bringas Abarca, en la inauguraci\u00f3n del Festival de D\u00eda de Muertos 2017.<\/p>\n<p>Para cerrar la noche \u201cBig Band Jazz Metepec\u201d ofreci\u00f3 un concierto con temas como\u00a0The Pink Panther, The Entertainer\u00a0y\u00a0Earth,Wind and Fire.\u00a0La agrupaci\u00f3n surgi\u00f3 con la intenci\u00f3n de llevar la m\u00fasica de grandes compositores a todos los p\u00fablicos posibles, adem\u00e1s de brindar un sano entretenimiento. Fundada en el mes de mayo y dirigida por el Maestro Raynaud Hern\u00e1ndez, la Big Band Jazz Metepec tiene entre sus planes continuar ampliando su repertorio y llevar a cabo presentaciones navide\u00f1as con un estilo m\u00e1s contempor\u00e1neo.<\/p>\n<p>Previamente al encendido de la Ofrenda, se llev\u00f3 a cabo la macroclase de zumba en la Plaza Benito Ju\u00e1rez, la \u201cMarcha de Catrines y Catrinas\u201d y la \u201cRodada del Terror\u201d con\u00a0Rueda\u00a0Metepec.\u00a0As\u00ed vecinas y vecinos disfrutaron de una noche memorable en compa\u00f1\u00eda de sus familias.<\/p>\n","protected":false},"excerpt":{"rendered":"<p>Por quinto a\u00f1o consecutivo, el municipio de Metepec rinde culto a los fieles difuntos en una ofrenda monumental que recorre la escalinata del Calvario, para recibir a vecinos y visitantes que forman parte de la tradici\u00f3n mexicana que da identidad en el mundo y que es considerada por la UNESCO como Patrimonio Cultural Inmaterial de la Humanidad.<\/p>\n","protected":false},"author":3,"featured_media":351499,"comment_status":"open","ping_status":"open","sticky":false,"template":"","format":"standard","meta":{"_monsterinsights_skip_tracking":false,"_monsterinsights_sitenote_active":false,"_monsterinsights_sitenote_note":"","_monsterinsights_sitenote_category":0,"footnotes":""},"categories":[35155],"tags":[12303,43675,876],"class_list":["post-351445","post","type-post","status-publish","format-standard","has-post-thumbnail","hentry","category-estado-de-mexico-estado-de-mexico","tag-dia-de-muertos","tag-estado-de-mexico","tag-metepec"],"_links":{"self":[{"href":"https:\/\/www.diarioimagen.net\/index.php?rest_route=\/wp\/v2\/posts\/351445","targetHints":{"allow":["GET"]}}],"collection":[{"href":"https:\/\/www.diarioimagen.net\/index.php?rest_route=\/wp\/v2\/posts"}],"about":[{"href":"https:\/\/www.diarioimagen.net\/index.php?rest_route=\/wp\/v2\/types\/post"}],"author":[{"embeddable":true,"href":"https:\/\/www.diarioimagen.net\/index.php?rest_route=\/wp\/v2\/users\/3"}],"replies":[{"embeddable":true,"href":"https:\/\/www.diarioimagen.net\/index.php?rest_route=%2Fwp%2Fv2%2Fcomments&post=351445"}],"version-history":[{"count":0,"href":"https:\/\/www.diarioimagen.net\/index.php?rest_route=\/wp\/v2\/posts\/351445\/revisions"}],"wp:featuredmedia":[{"embeddable":true,"href":"https:\/\/www.diarioimagen.net\/index.php?rest_route=\/wp\/v2\/media\/351499"}],"wp:attachment":[{"href":"https:\/\/www.diarioimagen.net\/index.php?rest_route=%2Fwp%2Fv2%2Fmedia&parent=351445"}],"wp:term":[{"taxonomy":"category","embeddable":true,"href":"https:\/\/www.diarioimagen.net\/index.php?rest_route=%2Fwp%2Fv2%2Fcategories&post=351445"},{"taxonomy":"post_tag","embeddable":true,"href":"https:\/\/www.diarioimagen.net\/index.php?rest_route=%2Fwp%2Fv2%2Ftags&post=351445"}],"curies":[{"name":"wp","href":"https:\/\/api.w.org\/{rel}","templated":true}]}}