{"id":351451,"date":"2017-11-02T00:05:40","date_gmt":"2017-11-02T06:05:40","guid":{"rendered":"http:\/\/www.diarioimagen.net\/?p=351451"},"modified":"2017-11-02T03:23:11","modified_gmt":"2017-11-02T09:23:11","slug":"paseo-de-los-muertos-patrimonio-de-tultepec","status":"publish","type":"post","link":"https:\/\/www.diarioimagen.net\/?p=351451","title":{"rendered":"\u201cPaseo de los Muertos\u201d, patrimonio de Tultepec"},"content":{"rendered":"<ul>\n<li><strong><em>Mural del Palacio Municipal<\/em><\/strong><\/li>\n<\/ul>\n<p>&nbsp;<\/p>\n<div id=\"attachment_351515\" style=\"width: 470px\" class=\"wp-caption aligncenter\"><a href=\"http:\/\/www.diarioimagen.net\/?attachment_id=351515\" rel=\"attachment wp-att-351515\"><img loading=\"lazy\" decoding=\"async\" aria-describedby=\"caption-attachment-351515\" class=\"size-large wp-image-351515\" src=\"http:\/\/www.diarioimagen.net\/wp-content\/uploads\/2017\/11\/TULTEPEC-3242-460x259.jpg\" alt=\"\" width=\"460\" height=\"259\" srcset=\"https:\/\/www.diarioimagen.net\/wp-content\/uploads\/2017\/11\/TULTEPEC-3242-460x259.jpg 460w, https:\/\/www.diarioimagen.net\/wp-content\/uploads\/2017\/11\/TULTEPEC-3242-240x135.jpg 240w, https:\/\/www.diarioimagen.net\/wp-content\/uploads\/2017\/11\/TULTEPEC-3242-235x132.jpg 235w, https:\/\/www.diarioimagen.net\/wp-content\/uploads\/2017\/11\/TULTEPEC-3242-202x114.jpg 202w, https:\/\/www.diarioimagen.net\/wp-content\/uploads\/2017\/11\/TULTEPEC-3242-350x196.jpg 350w, https:\/\/www.diarioimagen.net\/wp-content\/uploads\/2017\/11\/TULTEPEC-3242-220x123.jpg 220w, https:\/\/www.diarioimagen.net\/wp-content\/uploads\/2017\/11\/TULTEPEC-3242-237x132.jpg 237w, https:\/\/www.diarioimagen.net\/wp-content\/uploads\/2017\/11\/TULTEPEC-3242.jpg 480w\" sizes=\"auto, (max-width: 460px) 100vw, 460px\" \/><\/a><p id=\"caption-attachment-351515\" class=\"wp-caption-text\">Obra pict\u00f3rica Paseo de los Muertos, del artista pl\u00e1stico Germ\u00e1n Avil\u00e9s Ch\u00e1vez.<\/p><\/div>\n<p>&nbsp;<\/p>\n<p><strong>Tultepec, Estado de M\u00e9xico<\/strong>.- Desde el pasado viernes 27 de octubre, se exhibe para todos los tultepequenses y a la ciudadan\u00eda en general, la obra pict\u00f3rica\u00a0Paseo de los Muertos, obra del artista pl\u00e1stico Germ\u00e1n Avil\u00e9s Ch\u00e1vez, quien radica en este municipio.<\/p>\n<p>La pintura est\u00e1 instalada en uno de los pasillos de la antesala de la Presidencia Municipal y de la Secretar\u00eda del Ayuntamiento, creaci\u00f3n que ya forma parte del patrimonio del gobierno local.<\/p>\n<p>En esta obra pict\u00f3rica, el artista expone una de las m\u00e1s arraigadas tradiciones de Tultepec, se trata precisamente de la procesi\u00f3n del\u00a0Paseo de los Muertitos, celebraci\u00f3n que se lleva a cabo el d\u00eda 31 de octubre desde 1875, en el marco de la celebraci\u00f3n del D\u00eda de Muertos.<\/p>\n<p>En esta tradici\u00f3n participan miles de personas del pueblo y de ciudades vecinas, quienes recorren las principales calles de la cabecera municipal con un colorido farol elaborado con carrizo y papel de china iluminado con una vela en el centro; \u201ccon el objetivo de guiar las almas de los ni\u00f1os difuntos a casa de sus familiares, seg\u00fan la tradici\u00f3n\u201d.<\/p>\n<p>Paseo de los Muertos es un \u00f3leo sobre tela que mide 170 por 115 cent\u00edmetros, \u201cdonde la fantas\u00eda se presenta, cuando nuestros muertos son los que llevan estos farolitos, venerando a la muerte que est\u00e1 representada por <em>La Catrina<\/em>, imagen adoptada por el pueblo mexicano, hecha por el grabador mexicano Jos\u00e9 Guadalupe Posada\u201d.<\/p>\n<p>Germ\u00e1n Avil\u00e9s Ch\u00e1vez es un connotado ilustrador, caricaturista, pintor y dise\u00f1ador gr\u00e1fico que vive en Tultepec, y desde 1992 ha colaborado para diversos medios impresos como: suplemento <em>Letra S<\/em> del peri\u00f3dico <em>La Jornada, Exc\u00e9lsior, La Crisis,<\/em> las revistas <em>Contral\u00ednea, Fortuna, Quehacer Pol\u00edtico, D\u00eda V, Los Periodistas, Lapiztola y Ser<\/em>.<\/p>\n<p>En 1988 fue nombrado jefe del Departamento de Dise\u00f1o de las empresas BTL de M\u00e9xico y Giant Images, con sede en Houston, Texas, Estados Unidos.<\/p>\n<p>Es miembro de la Sociedad de Mexicana de Caricaturistas desde el 2006, montando diversas exposiciones de caricatura en el interior de la Rep\u00fablica Mexicana y en el extranjero.<\/p>\n<p>Adem\u00e1s de compartir su experiencia a trav\u00e9s de talleres y conferencias sobre caricatura, humor y creatividad en colegios p\u00fablicos y privados como son: Tec de Monterrey, campus Chihuahua, Universidad Insurgentes, EPO 81, EPO 87, Colegio Libertad y Universidad de Cuautitl\u00e1n Izcalli, entre otras.<\/p>\n","protected":false},"excerpt":{"rendered":"<p>Desde el pasado viernes 27 de octubre, se exhibe para todos los tultepequenses y a la ciudadan\u00eda en general, la obra pict\u00f3rica Paseo de los Muertos, obra del artista pl\u00e1stico Germ\u00e1n Avil\u00e9s Ch\u00e1vez, quien radica en este municipio.<\/p>\n","protected":false},"author":3,"featured_media":351515,"comment_status":"open","ping_status":"open","sticky":false,"template":"","format":"standard","meta":{"_monsterinsights_skip_tracking":false,"_monsterinsights_sitenote_active":false,"_monsterinsights_sitenote_note":"","_monsterinsights_sitenote_category":0,"footnotes":""},"categories":[35155],"tags":[12303,43675,67145,3802],"class_list":["post-351451","post","type-post","status-publish","format-standard","has-post-thumbnail","hentry","category-estado-de-mexico-estado-de-mexico","tag-dia-de-muertos","tag-estado-de-mexico","tag-paseo-de-los-muertos","tag-tultepec"],"_links":{"self":[{"href":"https:\/\/www.diarioimagen.net\/index.php?rest_route=\/wp\/v2\/posts\/351451","targetHints":{"allow":["GET"]}}],"collection":[{"href":"https:\/\/www.diarioimagen.net\/index.php?rest_route=\/wp\/v2\/posts"}],"about":[{"href":"https:\/\/www.diarioimagen.net\/index.php?rest_route=\/wp\/v2\/types\/post"}],"author":[{"embeddable":true,"href":"https:\/\/www.diarioimagen.net\/index.php?rest_route=\/wp\/v2\/users\/3"}],"replies":[{"embeddable":true,"href":"https:\/\/www.diarioimagen.net\/index.php?rest_route=%2Fwp%2Fv2%2Fcomments&post=351451"}],"version-history":[{"count":0,"href":"https:\/\/www.diarioimagen.net\/index.php?rest_route=\/wp\/v2\/posts\/351451\/revisions"}],"wp:featuredmedia":[{"embeddable":true,"href":"https:\/\/www.diarioimagen.net\/index.php?rest_route=\/wp\/v2\/media\/351515"}],"wp:attachment":[{"href":"https:\/\/www.diarioimagen.net\/index.php?rest_route=%2Fwp%2Fv2%2Fmedia&parent=351451"}],"wp:term":[{"taxonomy":"category","embeddable":true,"href":"https:\/\/www.diarioimagen.net\/index.php?rest_route=%2Fwp%2Fv2%2Fcategories&post=351451"},{"taxonomy":"post_tag","embeddable":true,"href":"https:\/\/www.diarioimagen.net\/index.php?rest_route=%2Fwp%2Fv2%2Ftags&post=351451"}],"curies":[{"name":"wp","href":"https:\/\/api.w.org\/{rel}","templated":true}]}}