{"id":351647,"date":"2017-11-03T00:07:34","date_gmt":"2017-11-03T06:07:34","guid":{"rendered":"http:\/\/www.diarioimagen.net\/?p=351647"},"modified":"2017-11-05T21:44:49","modified_gmt":"2017-11-06T03:44:49","slug":"autorizan-a-telcel-cobrar-a-competencia-por-utilizar-su-red","status":"publish","type":"post","link":"https:\/\/www.diarioimagen.net\/?p=351647","title":{"rendered":"Autorizan a Telcel cobrar a competencia por utilizar su red"},"content":{"rendered":"<ul>\n<li><strong><em>Termina tarifa cero<\/em><\/strong><\/li>\n<\/ul>\n<p>&nbsp;<\/p>\n<div id=\"attachment_351780\" style=\"width: 470px\" class=\"wp-caption aligncenter\"><a href=\"http:\/\/www.diarioimagen.net\/?attachment_id=351780\" rel=\"attachment wp-att-351780\"><img loading=\"lazy\" decoding=\"async\" aria-describedby=\"caption-attachment-351780\" class=\"size-large wp-image-351780\" src=\"http:\/\/www.diarioimagen.net\/wp-content\/uploads\/2017\/11\/IFETEL-3243-460x259.jpg\" alt=\"\" width=\"460\" height=\"259\" srcset=\"https:\/\/www.diarioimagen.net\/wp-content\/uploads\/2017\/11\/IFETEL-3243-460x259.jpg 460w, https:\/\/www.diarioimagen.net\/wp-content\/uploads\/2017\/11\/IFETEL-3243-240x135.jpg 240w, https:\/\/www.diarioimagen.net\/wp-content\/uploads\/2017\/11\/IFETEL-3243-235x132.jpg 235w, https:\/\/www.diarioimagen.net\/wp-content\/uploads\/2017\/11\/IFETEL-3243-202x114.jpg 202w, https:\/\/www.diarioimagen.net\/wp-content\/uploads\/2017\/11\/IFETEL-3243-350x196.jpg 350w, https:\/\/www.diarioimagen.net\/wp-content\/uploads\/2017\/11\/IFETEL-3243-220x123.jpg 220w, https:\/\/www.diarioimagen.net\/wp-content\/uploads\/2017\/11\/IFETEL-3243-237x132.jpg 237w, https:\/\/www.diarioimagen.net\/wp-content\/uploads\/2017\/11\/IFETEL-3243.jpg 480w\" sizes=\"auto, (max-width: 460px) 100vw, 460px\" \/><\/a><p id=\"caption-attachment-351780\" class=\"wp-caption-text\">El Ifetel determin\u00f3 las tarifas de interconexi\u00f3n que deber\u00e1n pagar los operadores de telefon\u00eda m\u00f3vil en M\u00e9xico.<\/p><\/div>\n<p>&nbsp;<\/p>\n<p>El Instituto Federal de Telecomunicaciones (IFT) determin\u00f3 las tarifas de interconexi\u00f3n que deber\u00e1n pagar los operadores en M\u00e9xico, luego de la eliminaci\u00f3n de la tarifa cero.<\/p>\n<p>De acuerdo con el organismo las tarifas que las empresas de Carlos Slim podr\u00e1n cobrar son:<\/p>\n<p>-Por el Servicio Local en usuarios bajo la modalidad \u201cel que llama paga\u201d: 0.028562 pesos por minuto de interconexi\u00f3n.<\/p>\n<p>-Por servicios de terminaci\u00f3n de mensajes (SMS) en usuarios m\u00f3viles: 0.007269 pesos por mensaje.<\/p>\n<p>-Por servicios de originaci\u00f3n del Servicio Local en usuarios fijos (telefon\u00eda fija): 0.003092 pesos por minuto de interconexi\u00f3n.<\/p>\n<p>-Por servicios de tr\u00e1nsito (por permitir que una llamada vaya de una red a otra, es decir de Movistar a Telcel, etc.): 0.003809 pesos por minuto.<\/p>\n<p>En un comunicado, el Ifetel indic\u00f3 que los competidores de Telmex y Telcel podr\u00e1n cobrarse por internexi\u00f3n lo siguiente:<\/p>\n<p>-Por terminaci\u00f3n en la red m\u00f3vil por el Servicio Local en usuarios bajo la modalidad \u201cel que llama paga\u201d: 0.112799 pesos por minuto de interconexi\u00f3n.<\/p>\n<p>-Por servicios de terminaci\u00f3n de mensajes cortos (SMS) en usuarios m\u00f3viles: 0.017355 pesos por mensaje.<\/p>\n<p>-Por servicios de terminaci\u00f3n de mensajes cortos (SMS) en usuarios fijos ser\u00e1 de 0.016082 pesos por mensaje.<\/p>\n<p>-Por servicios de terminaci\u00f3n del Servicio Local en usuarios fijos: 0.002836 pesos por minuto de interconexi\u00f3n.<\/p>\n<p>El Ifetel se\u00f1al\u00f3 que con esta resoluci\u00f3n se cumple con lo dictaminado por la Suprema Corte de Justicia Naci\u00f3n (SCJN) el pasado mes de agosto, cuando determin\u00f3 que la facultad para establecer las tarifas de interconexi\u00f3n a Am\u00e9rica M\u00f3vil (Telmex\/ Telcel) correspond\u00eda al Ifetel y no al Congreso.<\/p>\n<p>Dichas tarifas ser\u00e1n aplicables a partir de 1 de enero de 2018 y hasta el 31 de diciembre de 2018.<\/p>\n<p>El IFT detall\u00f3 que con esto da cumplimiento a la ejecutoria de la Suprema Corte de Justicia de la Naci\u00f3n (SCJN) emitida el 16 de agosto, al determinar las tarifas asim\u00e9tricas para la terminaci\u00f3n de tr\u00e1fico en la red m\u00f3vil aplicables del 1 de enero al 31 de diciembre de 2018.<\/p>\n","protected":false},"excerpt":{"rendered":"<p>El Instituto Federal de Telecomunicaciones (IFT) determin\u00f3 las tarifas de interconexi\u00f3n que deber\u00e1n pagar los operadores en M\u00e9xico, luego de la eliminaci\u00f3n de la tarifa cero.<\/p>\n","protected":false},"author":3,"featured_media":351780,"comment_status":"open","ping_status":"open","sticky":false,"template":"","format":"standard","meta":{"_monsterinsights_skip_tracking":false,"_monsterinsights_sitenote_active":false,"_monsterinsights_sitenote_note":"","_monsterinsights_sitenote_category":0,"footnotes":""},"categories":[8],"tags":[21382,30506,26863,9934,67406,5330],"class_list":["post-351647","post","type-post","status-publish","format-standard","has-post-thumbnail","hentry","category-finanzas","tag-competencia","tag-ift","tag-instituto-federal-de-telecomunicaciones","tag-red","tag-tarifa-cero","tag-telcel"],"_links":{"self":[{"href":"https:\/\/www.diarioimagen.net\/index.php?rest_route=\/wp\/v2\/posts\/351647","targetHints":{"allow":["GET"]}}],"collection":[{"href":"https:\/\/www.diarioimagen.net\/index.php?rest_route=\/wp\/v2\/posts"}],"about":[{"href":"https:\/\/www.diarioimagen.net\/index.php?rest_route=\/wp\/v2\/types\/post"}],"author":[{"embeddable":true,"href":"https:\/\/www.diarioimagen.net\/index.php?rest_route=\/wp\/v2\/users\/3"}],"replies":[{"embeddable":true,"href":"https:\/\/www.diarioimagen.net\/index.php?rest_route=%2Fwp%2Fv2%2Fcomments&post=351647"}],"version-history":[{"count":0,"href":"https:\/\/www.diarioimagen.net\/index.php?rest_route=\/wp\/v2\/posts\/351647\/revisions"}],"wp:featuredmedia":[{"embeddable":true,"href":"https:\/\/www.diarioimagen.net\/index.php?rest_route=\/wp\/v2\/media\/351780"}],"wp:attachment":[{"href":"https:\/\/www.diarioimagen.net\/index.php?rest_route=%2Fwp%2Fv2%2Fmedia&parent=351647"}],"wp:term":[{"taxonomy":"category","embeddable":true,"href":"https:\/\/www.diarioimagen.net\/index.php?rest_route=%2Fwp%2Fv2%2Fcategories&post=351647"},{"taxonomy":"post_tag","embeddable":true,"href":"https:\/\/www.diarioimagen.net\/index.php?rest_route=%2Fwp%2Fv2%2Ftags&post=351647"}],"curies":[{"name":"wp","href":"https:\/\/api.w.org\/{rel}","templated":true}]}}