{"id":351666,"date":"2017-11-03T00:07:49","date_gmt":"2017-11-03T06:07:49","guid":{"rendered":"http:\/\/www.diarioimagen.net\/?p=351666"},"modified":"2017-11-03T07:16:18","modified_gmt":"2017-11-03T13:16:18","slug":"resalta-comision-de-mejora-regulatoria-acciones-de-metepec","status":"publish","type":"post","link":"https:\/\/www.diarioimagen.net\/?p=351666","title":{"rendered":"Resalta Comisi\u00f3n de Mejora Regulatoria acciones de Metepec"},"content":{"rendered":"<ul>\n<li><strong><em>En beneficio de la ciudadan\u00eda<\/em><\/strong><\/li>\n<\/ul>\n<p>&nbsp;<\/p>\n<div id=\"attachment_351753\" style=\"width: 470px\" class=\"wp-caption aligncenter\"><a href=\"http:\/\/www.diarioimagen.net\/?attachment_id=351753\" rel=\"attachment wp-att-351753\"><img loading=\"lazy\" decoding=\"async\" aria-describedby=\"caption-attachment-351753\" class=\"size-large wp-image-351753\" src=\"http:\/\/www.diarioimagen.net\/wp-content\/uploads\/2017\/11\/METEPEC-3243-460x259.jpg\" alt=\"\" width=\"460\" height=\"259\" srcset=\"https:\/\/www.diarioimagen.net\/wp-content\/uploads\/2017\/11\/METEPEC-3243-460x259.jpg 460w, https:\/\/www.diarioimagen.net\/wp-content\/uploads\/2017\/11\/METEPEC-3243-240x135.jpg 240w, https:\/\/www.diarioimagen.net\/wp-content\/uploads\/2017\/11\/METEPEC-3243-235x132.jpg 235w, https:\/\/www.diarioimagen.net\/wp-content\/uploads\/2017\/11\/METEPEC-3243-202x114.jpg 202w, https:\/\/www.diarioimagen.net\/wp-content\/uploads\/2017\/11\/METEPEC-3243-350x196.jpg 350w, https:\/\/www.diarioimagen.net\/wp-content\/uploads\/2017\/11\/METEPEC-3243-220x123.jpg 220w, https:\/\/www.diarioimagen.net\/wp-content\/uploads\/2017\/11\/METEPEC-3243-237x132.jpg 237w, https:\/\/www.diarioimagen.net\/wp-content\/uploads\/2017\/11\/METEPEC-3243.jpg 480w\" sizes=\"auto, (max-width: 460px) 100vw, 460px\" \/><\/a><p id=\"caption-attachment-351753\" class=\"wp-caption-text\">La CEMER reconoci\u00f3 al ayuntamiento de Metepec por la excelente Integraci\u00f3n del Programa Anual de Mejora Regulatoria 2018.<\/p><\/div>\n<p>&nbsp;<\/p>\n<p><strong>Metepec, Estado de M\u00e9xico<\/strong>.- La Comisi\u00f3n Estatal de Mejora Regulatoria (CEMER) reconoci\u00f3 al ayuntamiento Metepec por la excelente Integraci\u00f3n del Programa Anual de Mejora Regulatoria 2018, con base a los lineamientos formulados para su elaboraci\u00f3n.<\/p>\n<p>Con acciones implementadas en este a\u00f1o, como las cartas de servicio, reducci\u00f3n de tiempo y ahorro econ\u00f3mico gracias a la simplificaci\u00f3n de tr\u00e1mites en beneficio de la ciudadan\u00eda, el gobierno de Metepec integr\u00f3 el Programa Anual de Mejora Regulatoria 2018.<\/p>\n<p>De 156 tr\u00e1mites y servicios, que hab\u00eda al inicio de la administraci\u00f3n, el gobierno municipal ha logrado reducirlos a 147, permitiendo as\u00ed que la poblaci\u00f3n ahorre tiempo y dinero.<\/p>\n<p>Las 43 cartas de servicio instauradas\u00a0son otro beneficio que permite que las y los vecinos tengan conocimiento de los tr\u00e1mites que pueden realizar, los derechos que tienen al solicitarlos, los compromisos de calidad que asumen y las medidas de compensaci\u00f3n en caso de incumplimiento.<\/p>\n<p>Entre \u00e9stos, sobresalen los tiempos m\u00e1ximos de atenci\u00f3n, en los que las dependencias se han comprometido a mantener una estrecha comunicaci\u00f3n con los usuarios para dar contestaci\u00f3n en un plazo espec\u00edfico sobre solicitudes, sugerencias y recomendaciones.<\/p>\n<p>As\u00ed, por ejemplo, en la expedici\u00f3n de certificaci\u00f3n de clave y valor catastral, el gobierno se compromete a que el tiempo de espera presencial en las ventanillas de atenci\u00f3n al p\u00fablico no exceda los 20 minutos; en su defecto, la subdirecci\u00f3n de Catastro, entregar\u00e1 la certificaci\u00f3n el mismo d\u00eda en que el contribuyente se presente a recoger el resultado.<\/p>\n<p>Otro ejemplo de carta de servicio, es el de la licencia de Funcionamiento mediante el Sistema de Apertura R\u00e1pida de Empresas (SARE), el gobierno se compromete a emitirla en un tiempo igual o menor a 48 horas h\u00e1biles a partir de la fecha de recepci\u00f3n de documentaci\u00f3n; si excede ese tiempo, la licencia se entrega en el domicilio del usuario y\/o contribuyente.<\/p>\n<p>En cuanto a brindar asesor\u00eda y orientaci\u00f3n jur\u00eddica en la Direcci\u00f3n de Igualdad de G\u00e9nero, el ayuntamiento se compromete a que el tiempo de espera sea menor\u00a0o igual a 10 minutos;\u00a0 en caso de no ser as\u00ed, el Departamento Jur\u00eddico y de Atenci\u00f3n a Inequidades de G\u00e9nero, acudir\u00e1 al domicilio de la o el solicitante para brindar la asesor\u00eda.<\/p>\n<p>Con estas acciones el gobierno que encabeza el alcalde David L\u00f3pez C\u00e1rdenas, contin\u00faa facilitando a la ciudadan\u00eda las formas en las que puede realizar los tr\u00e1mites y servicios, r\u00e1pida y eficientemente.<\/p>\n","protected":false},"excerpt":{"rendered":"<p>La Comisi\u00f3n Estatal de Mejora Regulatoria (CEMER) reconoci\u00f3 al ayuntamiento Metepec por la excelente Integraci\u00f3n del Programa Anual de Mejora Regulatoria 2018, con base a los lineamientos formulados para su elaboraci\u00f3n.<\/p>\n","protected":false},"author":3,"featured_media":351753,"comment_status":"open","ping_status":"open","sticky":false,"template":"","format":"standard","meta":{"_monsterinsights_skip_tracking":false,"_monsterinsights_sitenote_active":false,"_monsterinsights_sitenote_note":"","_monsterinsights_sitenote_category":0,"footnotes":""},"categories":[35155],"tags":[67411,43675,876],"class_list":["post-351666","post","type-post","status-publish","format-standard","has-post-thumbnail","hentry","category-estado-de-mexico-estado-de-mexico","tag-cemer","tag-estado-de-mexico","tag-metepec"],"_links":{"self":[{"href":"https:\/\/www.diarioimagen.net\/index.php?rest_route=\/wp\/v2\/posts\/351666","targetHints":{"allow":["GET"]}}],"collection":[{"href":"https:\/\/www.diarioimagen.net\/index.php?rest_route=\/wp\/v2\/posts"}],"about":[{"href":"https:\/\/www.diarioimagen.net\/index.php?rest_route=\/wp\/v2\/types\/post"}],"author":[{"embeddable":true,"href":"https:\/\/www.diarioimagen.net\/index.php?rest_route=\/wp\/v2\/users\/3"}],"replies":[{"embeddable":true,"href":"https:\/\/www.diarioimagen.net\/index.php?rest_route=%2Fwp%2Fv2%2Fcomments&post=351666"}],"version-history":[{"count":0,"href":"https:\/\/www.diarioimagen.net\/index.php?rest_route=\/wp\/v2\/posts\/351666\/revisions"}],"wp:featuredmedia":[{"embeddable":true,"href":"https:\/\/www.diarioimagen.net\/index.php?rest_route=\/wp\/v2\/media\/351753"}],"wp:attachment":[{"href":"https:\/\/www.diarioimagen.net\/index.php?rest_route=%2Fwp%2Fv2%2Fmedia&parent=351666"}],"wp:term":[{"taxonomy":"category","embeddable":true,"href":"https:\/\/www.diarioimagen.net\/index.php?rest_route=%2Fwp%2Fv2%2Fcategories&post=351666"},{"taxonomy":"post_tag","embeddable":true,"href":"https:\/\/www.diarioimagen.net\/index.php?rest_route=%2Fwp%2Fv2%2Ftags&post=351666"}],"curies":[{"name":"wp","href":"https:\/\/api.w.org\/{rel}","templated":true}]}}