{"id":351669,"date":"2017-11-03T00:06:01","date_gmt":"2017-11-03T06:06:01","guid":{"rendered":"http:\/\/www.diarioimagen.net\/?p=351669"},"modified":"2017-11-03T07:17:27","modified_gmt":"2017-11-03T13:17:27","slug":"compromiso-de-dialogo-y-respeto-con-el-gobierno-de-naucalpan-palomares","status":"publish","type":"post","link":"https:\/\/www.diarioimagen.net\/?p=351669","title":{"rendered":"Compromiso de di\u00e1logo y respeto con el gobierno de Naucalpan: Palomares"},"content":{"rendered":"<ul>\n<li><strong><em>Se restablecieron las relaciones laborales<\/em><\/strong><\/li>\n<\/ul>\n<p>&nbsp;<\/p>\n<div id=\"attachment_351756\" style=\"width: 470px\" class=\"wp-caption aligncenter\"><a href=\"http:\/\/www.diarioimagen.net\/?attachment_id=351756\" rel=\"attachment wp-att-351756\"><img loading=\"lazy\" decoding=\"async\" aria-describedby=\"caption-attachment-351756\" class=\"size-large wp-image-351756\" src=\"http:\/\/www.diarioimagen.net\/wp-content\/uploads\/2017\/11\/NAUCALPAN-3243-460x259.jpg\" alt=\"\" width=\"460\" height=\"259\" srcset=\"https:\/\/www.diarioimagen.net\/wp-content\/uploads\/2017\/11\/NAUCALPAN-3243-460x259.jpg 460w, https:\/\/www.diarioimagen.net\/wp-content\/uploads\/2017\/11\/NAUCALPAN-3243-240x135.jpg 240w, https:\/\/www.diarioimagen.net\/wp-content\/uploads\/2017\/11\/NAUCALPAN-3243-235x132.jpg 235w, https:\/\/www.diarioimagen.net\/wp-content\/uploads\/2017\/11\/NAUCALPAN-3243-202x114.jpg 202w, https:\/\/www.diarioimagen.net\/wp-content\/uploads\/2017\/11\/NAUCALPAN-3243-350x196.jpg 350w, https:\/\/www.diarioimagen.net\/wp-content\/uploads\/2017\/11\/NAUCALPAN-3243-220x123.jpg 220w, https:\/\/www.diarioimagen.net\/wp-content\/uploads\/2017\/11\/NAUCALPAN-3243-237x132.jpg 237w, https:\/\/www.diarioimagen.net\/wp-content\/uploads\/2017\/11\/NAUCALPAN-3243.jpg 480w\" sizes=\"auto, (max-width: 460px) 100vw, 460px\" \/><\/a><p id=\"caption-attachment-351756\" class=\"wp-caption-text\">El dirigente de los trabajadores de Naucalpan, Tom\u00e1s Palomares Parra, dice que lo m\u00e1s trascendente ha sido el restablecimioento de las relaciones laborales con el ayuntamiento.<\/p><\/div>\n<p>&nbsp;<\/p>\n<p><strong>Naucalpan, Estado de M\u00e9xico<\/strong>.- El secretario general del Comit\u00e9 Seccional del Sindicato \u00danico de Trabajadores del Estado y Municipios (SUTEyM), Tom\u00e1s Palomares Parra, consider\u00f3 que a unos d\u00edas de cumplirse su primer a\u00f1o de gesti\u00f3n al frente del gremio, lo m\u00e1s importante entre otras acciones propias, fue el restablecimiento de las relaciones laborales.<\/p>\n<p>Reconoci\u00f3 que pese a que el inicio del actual gobierno no tuvo un inicio de la mejor manera, poco a poco pudieron alcanzar el di\u00e1logo y los acuerdos en beneficio de Naucalpan.<\/p>\n<p>Manifest\u00f3 en ese orden, adem\u00e1s del respeto a las instituciones, el poder fijar esas prioridades \u201cpara todos nosotros\u201d, en contraparte a lo que se pensaba.<\/p>\n<p>Destac\u00f3 que hoy en d\u00eda existe una relaci\u00f3n cordial, extendiendo continuamente los puentes de di\u00e1logo, los cuales dijo, se est\u00e1n reconstruyendo a base del esfuerzo, paciencia y templanza.<\/p>\n<p>Por otra parte, el l\u00edder sindical se\u00f1al\u00f3 dentro de las importantes conquistas laborales, el haber logrado el 7 por ciento salarial en la firma del convenio, cuando se propon\u00eda el 3.2 por ciento.<\/p>\n<p>En ese sentido, resalt\u00f3 la disposici\u00f3n y la voluntad de ambas partes, y precis\u00f3 que ya en t\u00e9rminos reales y en la derrama anual, el increment\u00f3 se ubic\u00f3 en el 8 %.<\/p>\n<p>Mientras tanto, indic\u00f3 que con todas las prestaciones y el fondo de recategorizaci\u00f3n, en ciertas casos, hay agremiados que llegaron al 21 por ciento.<\/p>\n<p>Palomares Parra, enfatiz\u00f3 tambi\u00e9n las prestaciones colaterales para el 2017, sobre todo en el fortalecimiento a la vivienda, en el que apunt\u00f3 que para que los sindicalizados sigan creciendo es importante mejorar sus condiciones y tener un espacio digno donde vivir.<\/p>\n<p>Finalmente, coment\u00f3 que esperan un importante cierre en este a\u00f1o de intenso trabajo, y continuar atendiendo a los alrededor de 4 mil 200 afiliados, en su problemas laborales, administrativos, fiscales y hasta personales.<\/p>\n","protected":false},"excerpt":{"rendered":"<p>El secretario general del Comit\u00e9 Seccional del Sindicato \u00danico de Trabajadores del Estado y Municipios (SUTEyM), Tom\u00e1s Palomares Parra, consider\u00f3 que a unos d\u00edas de cumplirse su primer a\u00f1o de gesti\u00f3n al frente del gremio, lo m\u00e1s importante entre otras acciones propias, fue el restablecimiento de las relaciones laborales.<\/p>\n","protected":false},"author":3,"featured_media":351756,"comment_status":"open","ping_status":"open","sticky":false,"template":"","format":"standard","meta":{"_monsterinsights_skip_tracking":false,"_monsterinsights_sitenote_active":false,"_monsterinsights_sitenote_note":"","_monsterinsights_sitenote_category":0,"footnotes":""},"categories":[35155],"tags":[43675,970,56429],"class_list":["post-351669","post","type-post","status-publish","format-standard","has-post-thumbnail","hentry","category-estado-de-mexico-estado-de-mexico","tag-estado-de-mexico","tag-naucalpan","tag-tomas-palomares-parra"],"_links":{"self":[{"href":"https:\/\/www.diarioimagen.net\/index.php?rest_route=\/wp\/v2\/posts\/351669","targetHints":{"allow":["GET"]}}],"collection":[{"href":"https:\/\/www.diarioimagen.net\/index.php?rest_route=\/wp\/v2\/posts"}],"about":[{"href":"https:\/\/www.diarioimagen.net\/index.php?rest_route=\/wp\/v2\/types\/post"}],"author":[{"embeddable":true,"href":"https:\/\/www.diarioimagen.net\/index.php?rest_route=\/wp\/v2\/users\/3"}],"replies":[{"embeddable":true,"href":"https:\/\/www.diarioimagen.net\/index.php?rest_route=%2Fwp%2Fv2%2Fcomments&post=351669"}],"version-history":[{"count":0,"href":"https:\/\/www.diarioimagen.net\/index.php?rest_route=\/wp\/v2\/posts\/351669\/revisions"}],"wp:featuredmedia":[{"embeddable":true,"href":"https:\/\/www.diarioimagen.net\/index.php?rest_route=\/wp\/v2\/media\/351756"}],"wp:attachment":[{"href":"https:\/\/www.diarioimagen.net\/index.php?rest_route=%2Fwp%2Fv2%2Fmedia&parent=351669"}],"wp:term":[{"taxonomy":"category","embeddable":true,"href":"https:\/\/www.diarioimagen.net\/index.php?rest_route=%2Fwp%2Fv2%2Fcategories&post=351669"},{"taxonomy":"post_tag","embeddable":true,"href":"https:\/\/www.diarioimagen.net\/index.php?rest_route=%2Fwp%2Fv2%2Ftags&post=351669"}],"curies":[{"name":"wp","href":"https:\/\/api.w.org\/{rel}","templated":true}]}}