{"id":351679,"date":"2017-11-03T00:02:02","date_gmt":"2017-11-03T06:02:02","guid":{"rendered":"http:\/\/www.diarioimagen.net\/?p=351679"},"modified":"2017-11-03T07:24:12","modified_gmt":"2017-11-03T13:24:12","slug":"aprehende-la-policia-a-presunto-narcomenudista-en%e2%80%88c-izcalli","status":"publish","type":"post","link":"https:\/\/www.diarioimagen.net\/?p=351679","title":{"rendered":"Aprehende la polic\u00eda a presunto narcomenudista en\u2008C. Izcalli"},"content":{"rendered":"<p><a href=\"http:\/\/www.diarioimagen.net\/?attachment_id=351771\" rel=\"attachment wp-att-351771\"><img loading=\"lazy\" decoding=\"async\" class=\"aligncenter size-large wp-image-351771\" src=\"http:\/\/www.diarioimagen.net\/wp-content\/uploads\/2017\/11\/CUAUTITLAN-3243-460x259.jpg\" alt=\"\" width=\"460\" height=\"259\" srcset=\"https:\/\/www.diarioimagen.net\/wp-content\/uploads\/2017\/11\/CUAUTITLAN-3243-460x259.jpg 460w, https:\/\/www.diarioimagen.net\/wp-content\/uploads\/2017\/11\/CUAUTITLAN-3243-240x135.jpg 240w, https:\/\/www.diarioimagen.net\/wp-content\/uploads\/2017\/11\/CUAUTITLAN-3243-235x132.jpg 235w, https:\/\/www.diarioimagen.net\/wp-content\/uploads\/2017\/11\/CUAUTITLAN-3243-202x114.jpg 202w, https:\/\/www.diarioimagen.net\/wp-content\/uploads\/2017\/11\/CUAUTITLAN-3243-350x196.jpg 350w, https:\/\/www.diarioimagen.net\/wp-content\/uploads\/2017\/11\/CUAUTITLAN-3243-220x123.jpg 220w, https:\/\/www.diarioimagen.net\/wp-content\/uploads\/2017\/11\/CUAUTITLAN-3243-237x132.jpg 237w, https:\/\/www.diarioimagen.net\/wp-content\/uploads\/2017\/11\/CUAUTITLAN-3243.jpg 480w\" sizes=\"auto, (max-width: 460px) 100vw, 460px\" \/><\/a><\/p>\n<p>&nbsp;<\/p>\n<p>Al dar atenci\u00f3n a una denuncia ciudadana, la polic\u00eda municipal de Cuautitl\u00e1n Izcalli, logr\u00f3 el aseguramiento de Arturo Vargas Garc\u00eda, de 21 a\u00f1os de edad, quien transitaba sospechosamente sobre la avenida Pantano, colonia Atlanta. Durante una revisi\u00f3n los uniformados encontraron que el asegurado ten\u00eda una bolsa de pl\u00e1stico con hierba serca, caracter\u00edstica a la mariguana, por lo que fue llevado ante el agente del Ministerio P\u00fablico, donde se determinar\u00e1 su situaci\u00f3n legal.<\/p>\n","protected":false},"excerpt":{"rendered":"<p>Al dar atenci\u00f3n a una denuncia ciudadana, la polic\u00eda municipal de Cuautitl\u00e1n Izcalli, logr\u00f3 el aseguramiento de Arturo Vargas Garc\u00eda, de 21 a\u00f1os de edad, quien transitaba sospechosamente sobre la avenida Pantano, colonia Atlanta. Durante una revisi\u00f3n los uniformados encontraron que el asegurado ten\u00eda una bolsa de pl\u00e1stico con hierba serca, caracter\u00edstica a la mariguana, por lo que fue llevado ante el agente del Ministerio P\u00fablico, donde se determinar\u00e1 su situaci\u00f3n legal.<\/p>\n","protected":false},"author":3,"featured_media":351771,"comment_status":"open","ping_status":"open","sticky":false,"template":"","format":"standard","meta":{"_monsterinsights_skip_tracking":false,"_monsterinsights_sitenote_active":false,"_monsterinsights_sitenote_note":"","_monsterinsights_sitenote_category":0,"footnotes":""},"categories":[35155],"tags":[971,23138,43675],"class_list":["post-351679","post","type-post","status-publish","format-standard","has-post-thumbnail","hentry","category-estado-de-mexico-estado-de-mexico","tag-cuautitlan-izcalli","tag-detenido","tag-estado-de-mexico"],"_links":{"self":[{"href":"https:\/\/www.diarioimagen.net\/index.php?rest_route=\/wp\/v2\/posts\/351679","targetHints":{"allow":["GET"]}}],"collection":[{"href":"https:\/\/www.diarioimagen.net\/index.php?rest_route=\/wp\/v2\/posts"}],"about":[{"href":"https:\/\/www.diarioimagen.net\/index.php?rest_route=\/wp\/v2\/types\/post"}],"author":[{"embeddable":true,"href":"https:\/\/www.diarioimagen.net\/index.php?rest_route=\/wp\/v2\/users\/3"}],"replies":[{"embeddable":true,"href":"https:\/\/www.diarioimagen.net\/index.php?rest_route=%2Fwp%2Fv2%2Fcomments&post=351679"}],"version-history":[{"count":0,"href":"https:\/\/www.diarioimagen.net\/index.php?rest_route=\/wp\/v2\/posts\/351679\/revisions"}],"wp:featuredmedia":[{"embeddable":true,"href":"https:\/\/www.diarioimagen.net\/index.php?rest_route=\/wp\/v2\/media\/351771"}],"wp:attachment":[{"href":"https:\/\/www.diarioimagen.net\/index.php?rest_route=%2Fwp%2Fv2%2Fmedia&parent=351679"}],"wp:term":[{"taxonomy":"category","embeddable":true,"href":"https:\/\/www.diarioimagen.net\/index.php?rest_route=%2Fwp%2Fv2%2Fcategories&post=351679"},{"taxonomy":"post_tag","embeddable":true,"href":"https:\/\/www.diarioimagen.net\/index.php?rest_route=%2Fwp%2Fv2%2Ftags&post=351679"}],"curies":[{"name":"wp","href":"https:\/\/api.w.org\/{rel}","templated":true}]}}