{"id":351713,"date":"2017-11-03T00:07:49","date_gmt":"2017-11-03T06:07:49","guid":{"rendered":"http:\/\/www.diarioimagen.net\/?p=351713"},"modified":"2017-11-03T00:46:30","modified_gmt":"2017-11-03T06:46:30","slug":"dia-de-muertos-2","status":"publish","type":"post","link":"https:\/\/www.diarioimagen.net\/?p=351713","title":{"rendered":"D\u00eda de Muertos"},"content":{"rendered":"<h2>Detr\u00e1s del Poder<\/h2>\n<h5>Jos\u00e9 Antonio L\u00f3pez Sosa<\/h5>\n<p>&nbsp;<\/p>\n<p>Una celebraci\u00f3n que data de tiempos inmemoriales, que si es prehisp\u00e1nica, que si la trajeron los europeos paganos, un debate que no nos lleva a ning\u00fan punto. En el aqu\u00ed y el ahora el D\u00eda de Muertos es parte de nuestra cultura.<\/p>\n<p>Tambi\u00e9n el viejo debate entre el <em>Halloween<\/em> y el D\u00eda de Muertos debiera ser superado, en M\u00e9xico esa fiesta anglosajona se adapt\u00f3 a nuestra cultura, lo mismo que el D\u00eda de Muertos a la sociedad estadounidense.<\/p>\n<p>Si a algo recurren los pueblos para forjar su identidad es a las tradiciones, en nuestro caso ancestrales. Cada a\u00f1o recordamos con estas ofrendas a quienes se han ido y dejaron un legado para nosotros.<\/p>\n<p>El D\u00eda de Muertos es una de las tradiciones m\u00e1s democr\u00e1ticas que tenemos, todos mueren, ricos o pobres, poderosos o vulnerables y a todos se les recuerda por igual en este d\u00eda, sin importar el lugar en el estrado social que tanto merma nuestra conciencia como sociedad.<\/p>\n<p>Entre tantos d\u00edas de tristezas, valga un d\u00eda para celebrar a los nuestros.<\/p>\n<p><em><a href=\"http:\/\/www.lopezsosa.com\" target=\"_blank\" rel=\"noopener noreferrer\">www.lopezsosa.com<\/a><br \/>\n<a href=\"mailto:joseantonio@lopezsosa.com\" target=\"_blank\" rel=\"noopener noreferrer\">joseantonio@lopezsosa.com<\/a><br \/>\n<a href=\"http:\/\/twitter.com\/joseantonio1977\" target=\"_blank\" rel=\"noopener noreferrer\">@joseantonio1977<\/a><\/em><\/p>\n","protected":false},"excerpt":{"rendered":"<p><span style=\"color: #005497;\"><strong>Jos\u00e9 Antonio L\u00f3pez Sosa<\/strong><\/span><\/p>\n","protected":false},"author":3,"featured_media":0,"comment_status":"open","ping_status":"open","sticky":false,"template":"","format":"standard","meta":{"_monsterinsights_skip_tracking":false,"_monsterinsights_sitenote_active":false,"_monsterinsights_sitenote_note":"","_monsterinsights_sitenote_category":0,"footnotes":""},"categories":[637],"tags":[638,43690,43674],"class_list":["post-351713","post","type-post","status-publish","format-standard","hentry","category-jose-antonio-lopez-sosa","tag-detras-del-poder","tag-jose-antonio-lopez-sosa","tag-opinion"],"_links":{"self":[{"href":"https:\/\/www.diarioimagen.net\/index.php?rest_route=\/wp\/v2\/posts\/351713","targetHints":{"allow":["GET"]}}],"collection":[{"href":"https:\/\/www.diarioimagen.net\/index.php?rest_route=\/wp\/v2\/posts"}],"about":[{"href":"https:\/\/www.diarioimagen.net\/index.php?rest_route=\/wp\/v2\/types\/post"}],"author":[{"embeddable":true,"href":"https:\/\/www.diarioimagen.net\/index.php?rest_route=\/wp\/v2\/users\/3"}],"replies":[{"embeddable":true,"href":"https:\/\/www.diarioimagen.net\/index.php?rest_route=%2Fwp%2Fv2%2Fcomments&post=351713"}],"version-history":[{"count":0,"href":"https:\/\/www.diarioimagen.net\/index.php?rest_route=\/wp\/v2\/posts\/351713\/revisions"}],"wp:attachment":[{"href":"https:\/\/www.diarioimagen.net\/index.php?rest_route=%2Fwp%2Fv2%2Fmedia&parent=351713"}],"wp:term":[{"taxonomy":"category","embeddable":true,"href":"https:\/\/www.diarioimagen.net\/index.php?rest_route=%2Fwp%2Fv2%2Fcategories&post=351713"},{"taxonomy":"post_tag","embeddable":true,"href":"https:\/\/www.diarioimagen.net\/index.php?rest_route=%2Fwp%2Fv2%2Ftags&post=351713"}],"curies":[{"name":"wp","href":"https:\/\/api.w.org\/{rel}","templated":true}]}}