{"id":351717,"date":"2017-11-03T00:08:22","date_gmt":"2017-11-03T06:08:22","guid":{"rendered":"http:\/\/www.diarioimagen.net\/?p=351717"},"modified":"2017-11-03T07:38:29","modified_gmt":"2017-11-03T13:38:29","slug":"la-paja-en-el-ojo-ajeno","status":"publish","type":"post","link":"https:\/\/www.diarioimagen.net\/?p=351717","title":{"rendered":"La paja en el ojo ajeno"},"content":{"rendered":"<h2>Punto por punto<\/h2>\n<h5>Augusto Corro<\/h5>\n<p>&nbsp;<\/p>\n<div id=\"attachment_351791\" style=\"width: 470px\" class=\"wp-caption aligncenter\"><a href=\"http:\/\/www.diarioimagen.net\/?attachment_id=351791\" rel=\"attachment wp-att-351791\"><img loading=\"lazy\" decoding=\"async\" aria-describedby=\"caption-attachment-351791\" class=\"size-large wp-image-351791\" src=\"http:\/\/www.diarioimagen.net\/wp-content\/uploads\/2017\/11\/SENDERO-HISTORICO-jose-luis-3243-460x361.jpg\" alt=\"\" width=\"460\" height=\"361\" srcset=\"https:\/\/www.diarioimagen.net\/wp-content\/uploads\/2017\/11\/SENDERO-HISTORICO-jose-luis-3243-460x361.jpg 460w, https:\/\/www.diarioimagen.net\/wp-content\/uploads\/2017\/11\/SENDERO-HISTORICO-jose-luis-3243-240x188.jpg 240w, https:\/\/www.diarioimagen.net\/wp-content\/uploads\/2017\/11\/SENDERO-HISTORICO-jose-luis-3243-768x603.jpg 768w, https:\/\/www.diarioimagen.net\/wp-content\/uploads\/2017\/11\/SENDERO-HISTORICO-jose-luis-3243.jpg 1200w\" sizes=\"auto, (max-width: 460px) 100vw, 460px\" \/><\/a><p id=\"caption-attachment-351791\" class=\"wp-caption-text\">Sendero hist\u00f3rico&#8230; | Jos\u00e9 Luis<\/p><\/div>\n<p>&nbsp;<\/p>\n<p>Las autoridades de Estados Unidos (EU) no pierden la oportunidad de atacar a M\u00e9xico. Ah\u00ed est\u00e1 la alerta de seguridad para que sus ciudadanos no visiten algunos centros tur\u00edsticos mexicanos.<\/p>\n<p>En el vecino pa\u00eds ven la paja en el ojo ajeno, pero no la viga en el propio. Hablamos concretamente de los hechos violentos registrados en Las Vegas, el 2 de octubre. Un francotirador mat\u00f3 a balazos a 59 personas y lesion\u00f3 a decenas. Se trat\u00f3 una de las peores masacres en suelo estadounidense.<\/p>\n<p>Apenas el martes pasado, en Nueva York, un loco a bordo de una camioneta arroll\u00f3 a peatones y ciclistas. Perdieron la vida. Entre las v\u00edctimas cinco argentinos que vacacionaban en la isla.<\/p>\n<p>Y el mi\u00e9rcoles, dos hombres fueron ultimados en un tiroteo en Wal-Mart, de Thornton, Colorado.<\/p>\n<p>La violencia no ocurre \u00fanicamente en M\u00e9xico. Ser\u00e1 interesante saber si continuar\u00e1n las alertas de seguridad para que los estadounidenses no vengan a vacacionar a M\u00e9xico.<\/p>\n<p>Esa advertencia estadounidense provoc\u00f3 la cancelaci\u00f3n de reservaciones en los centros tur\u00edsticos. En cambio, los mexicanos no dejar\u00e1n de visitar Las Vegas y Nueva York, delo por hecho. Por si le interesa el dato, el Departamento de Comercio de Estados Unidos inform\u00f3 de una ca\u00edda en el n\u00famero de visitantes internacionales a ese pa\u00eds. Las pol\u00edticas de Donald Trump, la violencia y la inseguridad no representan ning\u00fan atractivo para los viajes de placer.<\/p>\n<p style=\"text-align: center;\"><strong>PREOCUPADO<\/strong><\/p>\n<p>La definici\u00f3n de la candidatura presidencial es el problema central para la materializaci\u00f3n electoral del Frente Ciudadano por M\u00e9xico (FCM).<\/p>\n<p>Dijo lo anterior Luis Felipe Bravo Mena, ex presidente nacional del PAN.\u00a0 Adem\u00e1s, alert\u00f3 sobre el fracaso del FCM si no se procesa adecuadamente la candidatura presidencial y sobreviene una ruptura.<\/p>\n<p>Tambi\u00e9n advirti\u00f3 que existe el riesgo de que la alianza fracase si se mantienen las ambiciones de los aspirantes Silvano Aureoles y Miguel \u00c1ngel Mancera (PRD), as\u00ed como Ricardo Anaya y Rafael Moreno Valle (PAN).<\/p>\n<p>Claro, Bravo Mena (calderonista de hueso colorado) tiene raz\u00f3n en sus opiniones. S\u00f3lo que ninguno de los pol\u00edticos mencionados tomar\u00e1n en cuenta sus palabras. Los cuatro buscar\u00e1n la candidatura, que le corresponder\u00eda a uno de los dos blanquiazules.<\/p>\n<p>\u00bfLa raz\u00f3n? Pues representan al partido con mayor n\u00famero de militantes. Adem\u00e1s, la situaci\u00f3n pol\u00edtica del PAN no se encuentra en condiciones desastrosas como en el PRD.<\/p>\n<p>De los aspirantes por el PRD, el de mayores m\u00e9ritos es Miguel \u00c1ngel Mancera. A su lado, el gobernador de Michoac\u00e1n, Silvano Aureoles nada tiene que hacer.<\/p>\n<p>Por cierto, ya empezaron a circular los rumores de un frente dentro del propio frente para enfrentar a Ricardo Anaya, el l\u00edder del PAN, con mayores posibilidades de alcanzar la candidatura. El nuevo grupo de opositores estar\u00eda integrado por Rafael Moreno Valle, Silvano Aureoles y Miguel \u00c1ngel Mancera. Estos quieren un proceso democr\u00e1tico en la selecci\u00f3n del aspirante presidencial.<\/p>\n<p>Veremos, pues,\u00a0 que ocurre en esa fecha fat\u00eddica, cuando se elija al abanderado del FCM. Primero vamos a esperar que se integre y funcione el frente multicitado, luego escuchar la opini\u00f3n de las bases en torno a la alianza antinatural.\u00a0 Los militantes de los partidos que participan a\u00fan no digieren la confusi\u00f3n ideol\u00f3gica (\u00bf?) que implica la mezcla de panistas y perredistas. Pol\u00edticos de derecha e izquierda en una revoltura antinatural.<\/p>\n<p style=\"text-align: center;\"><strong>LA LEY DE RECONSTRUCCI\u00d3N<\/strong><\/p>\n<p>Los asamble\u00edstas tienen la misi\u00f3n de aprobar la ley de reconstrucci\u00f3n, recuperaci\u00f3n y transformaci\u00f3n de la Ciudad de M\u00e9xico.<\/p>\n<p>Se trata de un nuevo c\u00f3digo enfocado a esquemas de financiamiento que ayuden a recuperar su patrimonio a los afectados por el sismo del 19-S, y evitar la especulaci\u00f3n en materia de vivienda.<\/p>\n<p>Como se ve, se trata de soluciones que sin duda beneficiar\u00e1n a los damnificados en el Valle de M\u00e9xico; pero ocurre que los encargados de concretar la realizaci\u00f3n de esa ley son los asamble\u00edstas, que insensibles ante los problemas de los ciudadanos, se encuentran de vacaciones.<\/p>\n<p>Quiz\u00e1 la pr\u00f3xima semana tengan tiempo para atender una cuesti\u00f3n muy importante para las personas que perdieron todo en el terremoto. A como todo mundo sabe, son irregulares los apoyos a las v\u00edctimas del desastre. Las condiciones en que viven son dif\u00edciles.<\/p>\n<p><em><a href=\"mailto:aco2742@hotmail.com\" target=\"_blank\" rel=\"noopener noreferrer\">aco2742@hotmail.com<\/a><\/em><\/p>\n","protected":false},"excerpt":{"rendered":"<p><span style=\"color: #005497;\"><strong>Augusto Corro<\/strong><\/span><br \/>\n<br \/>\nLas autoridades de Estados Unidos (EU) no pierden la oportunidad de atacar a M\u00e9xico. Ah\u00ed est\u00e1 la alerta de seguridad para que sus ciudadanos no visiten algunos centros tur\u00edsticos mexicanos.<\/p>\n","protected":false},"author":3,"featured_media":351791,"comment_status":"open","ping_status":"open","sticky":false,"template":"","format":"standard","meta":{"_monsterinsights_skip_tracking":false,"_monsterinsights_sitenote_active":false,"_monsterinsights_sitenote_note":"","_monsterinsights_sitenote_category":0,"footnotes":""},"categories":[157],"tags":[43686,43674,11515],"class_list":["post-351717","post","type-post","status-publish","format-standard","has-post-thumbnail","hentry","category-augusto-corro","tag-augusto-corro","tag-opinion","tag-punto-por-punto"],"_links":{"self":[{"href":"https:\/\/www.diarioimagen.net\/index.php?rest_route=\/wp\/v2\/posts\/351717","targetHints":{"allow":["GET"]}}],"collection":[{"href":"https:\/\/www.diarioimagen.net\/index.php?rest_route=\/wp\/v2\/posts"}],"about":[{"href":"https:\/\/www.diarioimagen.net\/index.php?rest_route=\/wp\/v2\/types\/post"}],"author":[{"embeddable":true,"href":"https:\/\/www.diarioimagen.net\/index.php?rest_route=\/wp\/v2\/users\/3"}],"replies":[{"embeddable":true,"href":"https:\/\/www.diarioimagen.net\/index.php?rest_route=%2Fwp%2Fv2%2Fcomments&post=351717"}],"version-history":[{"count":0,"href":"https:\/\/www.diarioimagen.net\/index.php?rest_route=\/wp\/v2\/posts\/351717\/revisions"}],"wp:featuredmedia":[{"embeddable":true,"href":"https:\/\/www.diarioimagen.net\/index.php?rest_route=\/wp\/v2\/media\/351791"}],"wp:attachment":[{"href":"https:\/\/www.diarioimagen.net\/index.php?rest_route=%2Fwp%2Fv2%2Fmedia&parent=351717"}],"wp:term":[{"taxonomy":"category","embeddable":true,"href":"https:\/\/www.diarioimagen.net\/index.php?rest_route=%2Fwp%2Fv2%2Fcategories&post=351717"},{"taxonomy":"post_tag","embeddable":true,"href":"https:\/\/www.diarioimagen.net\/index.php?rest_route=%2Fwp%2Fv2%2Ftags&post=351717"}],"curies":[{"name":"wp","href":"https:\/\/api.w.org\/{rel}","templated":true}]}}