{"id":351900,"date":"2017-11-06T00:08:41","date_gmt":"2017-11-06T06:08:41","guid":{"rendered":"http:\/\/www.diarioimagen.net\/?p=351900"},"modified":"2017-11-06T07:06:18","modified_gmt":"2017-11-06T13:06:18","slug":"ideologia-que-es-eso","status":"publish","type":"post","link":"https:\/\/www.diarioimagen.net\/?p=351900","title":{"rendered":"Ideolog\u00eda, \u00bfqu\u00e9 es eso?"},"content":{"rendered":"<h2>Punto por punto<\/h2>\n<h5>Augusto Corro<\/h5>\n<p>&nbsp;<\/p>\n<div id=\"attachment_351988\" style=\"width: 470px\" class=\"wp-caption aligncenter\"><a href=\"http:\/\/www.diarioimagen.net\/?attachment_id=351988\" rel=\"attachment wp-att-351988\"><img loading=\"lazy\" decoding=\"async\" aria-describedby=\"caption-attachment-351988\" class=\"size-large wp-image-351988\" src=\"http:\/\/www.diarioimagen.net\/wp-content\/uploads\/2017\/11\/BAJO-SU-PROPIO-RIESGO-jose-luis-3244-460x378.jpg\" alt=\"\" width=\"460\" height=\"378\" srcset=\"https:\/\/www.diarioimagen.net\/wp-content\/uploads\/2017\/11\/BAJO-SU-PROPIO-RIESGO-jose-luis-3244-460x378.jpg 460w, https:\/\/www.diarioimagen.net\/wp-content\/uploads\/2017\/11\/BAJO-SU-PROPIO-RIESGO-jose-luis-3244-240x197.jpg 240w, https:\/\/www.diarioimagen.net\/wp-content\/uploads\/2017\/11\/BAJO-SU-PROPIO-RIESGO-jose-luis-3244-768x630.jpg 768w, https:\/\/www.diarioimagen.net\/wp-content\/uploads\/2017\/11\/BAJO-SU-PROPIO-RIESGO-jose-luis-3244.jpg 1200w\" sizes=\"auto, (max-width: 460px) 100vw, 460px\" \/><\/a><p id=\"caption-attachment-351988\" class=\"wp-caption-text\">Bajo su propio riesgo&#8230; | Jos\u00e9 Luis<\/p><\/div>\n<p>&nbsp;<\/p>\n<p>Todos los partidos pol\u00edticos se preparan para la gran batalla electoral del 2018. Refuerzan sus filas. Lo importante es blindarse.<\/p>\n<p>En esa situaci\u00f3n, en las organizaciones pol\u00edticas se reciben a cuanto \u201cgrillo\u201d se presente a solicitar su ingreso a las filas.<\/p>\n<p>Sujetos o \u201cgrillos\u201d nefastos que son repudiados en los partidos, decidieron buscar nuevos caminos. No importa donde los reciban, lo importante es estar adentro.<\/p>\n<p>Por ejemplo, en el partido Movimiento de Regeneraci\u00f3n Nacional (Morena), ya tiene varios meses que empez\u00f3 a recibir a militantes de otras organizaciones pol\u00edticas sin ning\u00fan problema.<\/p>\n<p>Al grito de bienvenidos todos, el citado instituto pol\u00edtico abri\u00f3 las puertas para que entraran toda clase de \u201cpersonajes\u201d, desde senadores, hasta asesores de ex presidentes de la Rep\u00fablica, como Lino Korrodi.<\/p>\n<p>Est\u00e1 claro, pues, que a la clase pol\u00edtica, ahora alejada de cualquier ideolog\u00eda, lo que le interesa es el negocio. Alcanzar un cargo p\u00fablico, aunque sea modesto, la meta es llegar a tener mucho dinero y poder. Sumarse a la larga lista de los enriquecidos inexplicablemente.<\/p>\n<p>Pero no s\u00f3lo se trata de Morena, en otros partidos, tambi\u00e9n \u201creviven\u201d a \u201cgrillos\u201d que fueron perseguidos por la justicia, como Cuauht\u00e9moc Guti\u00e9rrez de la Torre, acusado de relaciones turbias con una red de prostituci\u00f3n.<\/p>\n<p>En algunos casos, ya ni siquiera esperan a los indeseables de otros partidos, pues ya cuentan con sus propios ejemplares con fuerte olor a presidio. \u00bfUn ejemplo? El l\u00edder del Partido del Trabajo (PT), Alberto Anaya, quien es investigado por el delito de lavado de dinero.\u00a0 O el l\u00edder de Acci\u00f3n Nacional, Ricardo Anaya, a quien le dicen ahora \u201cEl Nopal\u201d, porque cada d\u00eda le encuentran m\u00e1s propiedades. O la presidenta nacional del PRD, Alejandra Barrales, tambi\u00e9n aficionada a la acumulaci\u00f3n de bienes inmuebles millonarios. O el dirigente del PRI, Enrique Ochoa Reza, un coleccionista de taxis.<\/p>\n<p>As\u00ed pues, a algunas organizaciones pol\u00edticas les llegar\u00e1n nuevos \u201cgrillos\u201d, otras ya los tienen. En ninguno de los casos es necesario tener alguna ideolog\u00eda, doctrina, etc., lo importante es tener una visi\u00f3n exacta de como enriquecerse en un cargo p\u00fablico o tener un pasado oscuro, que sirva para que lo tomen en cuenta.<\/p>\n<p style=\"text-align: center;\"><strong>UN FRENTE CON PROBLEMAS<\/strong><\/p>\n<p>Mientras no se defina quien ser\u00e1 el candidato presidencial del Frente Ciudadano por M\u00e9xico (FCM), continuar\u00e1 la lucha interna con toda clase de ataques.<\/p>\n<p>Cuando se llegue a la hora de la verdad, el divisionismo estar\u00e1 en todo su apogeo. En la pol\u00edtica, la traici\u00f3n es parte fundamental de su modo de vida. Apu\u00f1alar por la espalda es una tradici\u00f3n.<\/p>\n<p>En el FCM tendr\u00e1n que suceder muchas cosas, porque son incontables los intereses que se juegan y no aparece el l\u00edder con la fuerza suficiente para que lo apoyen.<\/p>\n<p>El dirigente Ricardo Anaya, del PAN, que se maneja con m\u00e1s posibilidades de ser el ungido en la candidatura presidencial, tiene problemas en su partido. Los calderonistas no permitir\u00e1n que les gane la partida.<\/p>\n<p>La presidenta del PRD, Alejandra Barrales, representa a otros intereses en el FCM. Ella buscar\u00e1 que su jefe alcance la candidatura.<\/p>\n<p>Dante Delgado, del MC, el otro partido del citado frente, ni en sue\u00f1os aspira a la candidatura. Vienen pues, d\u00edas dif\u00edciles para los frentistas, que enfrentar\u00e1n traiciones y sinsabores.<\/p>\n<p style=\"text-align: center;\"><strong>AHORA S\u00cd, A TRABAJAR<\/strong><\/p>\n<p>Diputados y senadores tendr\u00e1n intensas jornadas de trabajo durante los pr\u00f3ximos d\u00edas. En primer lugar tendr\u00e1n que aprobar la nueva ley de Egresos de la Federaci\u00f3n para 2018.<\/p>\n<p>Tambi\u00e9n tendr\u00e1n que analizar el tema del nuevo fiscal electoral. S\u00f3lo que tendr\u00e1n que perder el tiempo con las comparecencias de los titulares de Medio Ambiente, Rafael Pacchiano; de Salud, Jos\u00e9 Narro, y de Educaci\u00f3n, Aurelio Nu\u00f1o.<\/p>\n<p>Todo mundo sabe que la presencia de los funcionarios en el Senado es de tr\u00e1mite, sin ninguna consecuencia: ni para bien, ni para mal.<\/p>\n<p>Lo que si se llevar\u00e1 una buena discusi\u00f3n, ser\u00e1 la designaci\u00f3n y aprobaci\u00f3n del nuevo fiscal electoral, despu\u00e9s del papelazo que hicieron los senadores con la renuncia de Santiago Nieto a la Fiscal\u00eda Especializada para la Atenci\u00f3n de Delitos Electorales (Fepade).<\/p>\n<p>\u00bfY la guerra contra la corrupci\u00f3n? \u00bfYa la olvidaron en la llamada C\u00e1mara alta? \u00bfHasta cu\u00e1ndo el fiscal general Anticorrupci\u00f3n? \u00bfAlguien lo sabe?<\/p>\n<p><em><a href=\"mailto:aco2742@hotmail.com\" target=\"_blank\" rel=\"noopener noreferrer\">aco2742@hotmail.com<\/a><\/em><\/p>\n","protected":false},"excerpt":{"rendered":"<p><span style=\"color: #005497;\"><strong>Augusto Corro<\/strong><\/span><br \/>\n<br \/>\nTodos los partidos pol\u00edticos se preparan para la gran batalla electoral del 2018. Refuerzan sus filas. Lo importante es blindarse.<\/p>\n","protected":false},"author":3,"featured_media":351988,"comment_status":"open","ping_status":"open","sticky":false,"template":"","format":"standard","meta":{"_monsterinsights_skip_tracking":false,"_monsterinsights_sitenote_active":false,"_monsterinsights_sitenote_note":"","_monsterinsights_sitenote_category":0,"footnotes":""},"categories":[157],"tags":[43686,43674,11515],"class_list":["post-351900","post","type-post","status-publish","format-standard","has-post-thumbnail","hentry","category-augusto-corro","tag-augusto-corro","tag-opinion","tag-punto-por-punto"],"_links":{"self":[{"href":"https:\/\/www.diarioimagen.net\/index.php?rest_route=\/wp\/v2\/posts\/351900","targetHints":{"allow":["GET"]}}],"collection":[{"href":"https:\/\/www.diarioimagen.net\/index.php?rest_route=\/wp\/v2\/posts"}],"about":[{"href":"https:\/\/www.diarioimagen.net\/index.php?rest_route=\/wp\/v2\/types\/post"}],"author":[{"embeddable":true,"href":"https:\/\/www.diarioimagen.net\/index.php?rest_route=\/wp\/v2\/users\/3"}],"replies":[{"embeddable":true,"href":"https:\/\/www.diarioimagen.net\/index.php?rest_route=%2Fwp%2Fv2%2Fcomments&post=351900"}],"version-history":[{"count":0,"href":"https:\/\/www.diarioimagen.net\/index.php?rest_route=\/wp\/v2\/posts\/351900\/revisions"}],"wp:featuredmedia":[{"embeddable":true,"href":"https:\/\/www.diarioimagen.net\/index.php?rest_route=\/wp\/v2\/media\/351988"}],"wp:attachment":[{"href":"https:\/\/www.diarioimagen.net\/index.php?rest_route=%2Fwp%2Fv2%2Fmedia&parent=351900"}],"wp:term":[{"taxonomy":"category","embeddable":true,"href":"https:\/\/www.diarioimagen.net\/index.php?rest_route=%2Fwp%2Fv2%2Fcategories&post=351900"},{"taxonomy":"post_tag","embeddable":true,"href":"https:\/\/www.diarioimagen.net\/index.php?rest_route=%2Fwp%2Fv2%2Ftags&post=351900"}],"curies":[{"name":"wp","href":"https:\/\/api.w.org\/{rel}","templated":true}]}}