{"id":351914,"date":"2017-11-06T00:03:32","date_gmt":"2017-11-06T06:03:32","guid":{"rendered":"http:\/\/www.diarioimagen.net\/?p=351914"},"modified":"2017-11-07T02:18:21","modified_gmt":"2017-11-07T08:18:21","slug":"las-mentiras-de-interjet","status":"publish","type":"post","link":"https:\/\/www.diarioimagen.net\/?p=351914","title":{"rendered":"Las mentiras de Interjet"},"content":{"rendered":"<h2>Poder y dinero<\/h2>\n<h5>V\u00edctor S\u00e1nchez Ba\u00f1os<\/h5>\n<p>&nbsp;<\/p>\n<p style=\"text-align: right;\"><strong><em>\u00bfA qui\u00e9n no le atrae <\/em><\/strong><em><strong>el propio pasado?<\/strong><br \/>\n<\/em><em>Mario Benedetti, 1920-2009, <\/em><em>escritor paraguayo<\/em><\/p>\n<p>&nbsp;<\/p>\n<p>#IntejetMentiras #ASA #Aeron\u00e1uticaCivil #PGR #IsaacBeltr\u00e1n #FuturoIncierto #SantiagoNieto #FiscalBocafloja #RuizEsparza #Contal #GINgroup #<\/p>\n<p>&nbsp;<\/p>\n<p>No hay asesores de imagen p\u00fablica en la aerol\u00ednea Interjet, propiedad de Miguel Alem\u00e1n. Las mentiras de la empresa despiertan sospechas sobre lo que realmente ocurre, especialmente en el mantenimiento. Si mienten sobre la supuesta cancelaci\u00f3n de slots (horario de despegue y aterrizaje) en el Aeropuerto de la Ciudad de M\u00e9xico, que obviamente puede ser desmentido por las autoridades aeroportuarias, imaginemos en las \u00e1reas de seguridad de la empresa. Qued\u00f3 al descubierto que al cancelar varias rutas en el pa\u00eds, s\u00f3lo deja las m\u00e1s rentables. Sin embargo, para cuidar los intereses pol\u00edticos del ex gobernador de Veracruz, prefiri\u00f3 acusar al Aeropuerto de la Ciudad de M\u00e9xico, espec\u00edficamente a ASA, Aeropuertos y Servicios Auxiliares, de castigar a la compa\u00f1\u00eda, lo que cancelaba rutas que no le eran rentables. No contaba que ASA, liderado por Alfonso Sarabia, responder\u00eda y descubrir\u00eda la red de mentiras. A\u00fan no le han dicho a Alem\u00e1n que debe salir y dar a conocer su versi\u00f3n y de la empresa sobre ese tema. Sus asesores apuestan al olvido. Sin embargo, a muchos mexicanos no hay olvido. Cortos de vistas esos asesores que prefieren no pedir perd\u00f3n, ni mucho menos permiso. Pero, no es el \u00fanico caso de mentiras o incumplimientos con reglamentos legales de aerol\u00edneas. Se ve que la Direcci\u00f3n de Aeron\u00e1utica Civil, que encabeza Miguel Pel\u00e1ez Lira, se la pasa dormida y no exige transparencia con los pasajeros de las aerol\u00edneas.<\/p>\n<p><strong>PODEROSOS CABALLEROS<\/strong>: Es incierto el destino del encargado del despacho en la PGR, Alberto Isaac Beltr\u00e1n. Despu\u00e9s del fiasco en el despido del fiscal especial para asuntos electorales, Santiago Nieto Castillo, cuya puntilla aniquil\u00f3 la poca credibilidad en los procesos electorales en el pa\u00eds, es muy dif\u00edcil llegar a acuerdo pol\u00edticos para mantener en el cargo al procurador sustituto.<\/p>\n<p>Sin embargo, la clase pol\u00edtica cree que le deben favores al #fiscalbocafloja (Nieto Castillo) y a \u00e9ste hay que ubicarlo. Lo mismo a Isaac Beltr\u00e1n. Al final de cuentas, se espera conocer el destino de estos funcionarios para saber de qu\u00e9 lado masca la iguana. *** El gobierno de la Rep\u00fablica recibi\u00f3 de parte de la revista <em>LatinFinance,<\/em> 5 reconocimientos de las 20 categor\u00edas por dos de los proyectos de infraestructura m\u00e1s importantes de la actual administraci\u00f3n: la Red Compartida y el Nuevo Aeropuerto Internacional de la Ciudad de M\u00e9xico, con las que la publicaci\u00f3n reconoce a las mejores transacciones financieras sobre proyectos de infraestructura de Am\u00e9rica Latina. El titular de SCT, Gerardo Ruiz Esparza, recibi\u00f3 las distinciones. *** En la disputa por la gubernatura de Coahuila, ya no tiene inter\u00e9s para Ricardo Anaya, l\u00edder nacional panista. S\u00f3lo anda gritando a los cuatro vientos el candidato perdedor, Guillermo Anaya, que ir\u00e1 a la resistencia civil. Claro, no se ha dado cuenta que los coahuilenses ya votaron y dieron el triunfo a Miguel Riquelme del PRI. Dio el voto, a pesar que saben que proteger\u00e1 a los hermanos Humberto y Rub\u00e9n Moreira. El \u201cChico Maravilla\u201d, ya no viaja a Saltillo para no desgastarse. *** Seg\u00fan Emilio Gamboa, l\u00edder de los senadores pri\u00edstas, el crecimiento que la econom\u00eda en esta administraci\u00f3n, ha generado 3 millones 133 mil 980 nuevos empleos formales, \u201cpodemos decir que \u00e9ste ha sido el sexenio del empleo\u201d.<\/p>\n<p><strong>AL FINAL DE CUENTAS<\/strong>: El director general de Arca-Contal, Francisco Garza Egloff, se reuni\u00f3 el martes pasado con analistas en Nueva York, en la que les confirm\u00f3 su plan para duplicar las ventas del grupo a 200 pesos millones de pesos en los pr\u00f3ximos cinco a\u00f1os hasta 2022, lo cual creemos que es una meta conservadora. Analistas estiman que para 2022 la empresa embotelladora de Coca-Cola, tendr\u00e1 ingresos netos por 224,000 millones. La divisi\u00f3n de Negocios Complementarios de Arca-Contal fue recientemente renombrada la divisi\u00f3n de Alimentos y Botanas.<\/p>\n<p><strong>RESPONSABILIDAD SOCIAL CORPORATIVA<\/strong>: El presidente de GINgroup, Ra\u00fal Beyruti S\u00e1nchez, fue considerado entre los 101 Empresarios que Hacen Grande a M\u00e9xico, dentro del ranking 2017 de la revista de negocios Mundo Ejecutivo. En base a la labor empresarial de Beyruti, iniciativas y responsabilidad social, los que impulsan el crecimiento de la econom\u00eda mexicana, proporcionando entre otras cosas, nuevos empleos que generen su desarrollo, as\u00ed como su capacitaci\u00f3n profesional para tener mayores y mejores oportunidades.<\/p>\n<p><em><a href=\"http:\/\/Poderydinero.mx\" target=\"_blank\" rel=\"noopener noreferrer\">Poderydinero.mx<\/a><\/em><b><br \/>\n<\/b><em><a href=\"mailto:vsanchezb@gmail.com\" target=\"_blank\" rel=\"noopener noreferrer\">vsanchezb@gmail.com<br \/>\n<\/a><strong>Twitter:<\/strong><a href=\"https:\/\/twitter.com\/vsanchezbanos\" target=\"_blank\" rel=\"noopener noreferrer\">@vsanchezbano<br \/>\n<\/a><strong>Facebook:\u00a0<\/strong><a href=\"https:\/\/www.facebook.com\/vsanchezbanos?fref=ts\" target=\"_blank\" rel=\"noopener noreferrer\">vsanchezbano<\/a><\/em><\/p>\n","protected":false},"excerpt":{"rendered":"<p><span style=\"color: #005497;\"><strong>V\u00edctor S\u00e1nchez Ba\u00f1os<\/strong><\/span><\/p>\n","protected":false},"author":3,"featured_media":0,"comment_status":"open","ping_status":"open","sticky":false,"template":"","format":"standard","meta":{"_monsterinsights_skip_tracking":false,"_monsterinsights_sitenote_active":false,"_monsterinsights_sitenote_note":"","_monsterinsights_sitenote_category":0,"footnotes":""},"categories":[38844],"tags":[43674,38847,38848],"class_list":["post-351914","post","type-post","status-publish","format-standard","hentry","category-victor-sanchez-banos","tag-opinion","tag-poder-y-dinero","tag-victor-sanchez-banos"],"_links":{"self":[{"href":"https:\/\/www.diarioimagen.net\/index.php?rest_route=\/wp\/v2\/posts\/351914","targetHints":{"allow":["GET"]}}],"collection":[{"href":"https:\/\/www.diarioimagen.net\/index.php?rest_route=\/wp\/v2\/posts"}],"about":[{"href":"https:\/\/www.diarioimagen.net\/index.php?rest_route=\/wp\/v2\/types\/post"}],"author":[{"embeddable":true,"href":"https:\/\/www.diarioimagen.net\/index.php?rest_route=\/wp\/v2\/users\/3"}],"replies":[{"embeddable":true,"href":"https:\/\/www.diarioimagen.net\/index.php?rest_route=%2Fwp%2Fv2%2Fcomments&post=351914"}],"version-history":[{"count":0,"href":"https:\/\/www.diarioimagen.net\/index.php?rest_route=\/wp\/v2\/posts\/351914\/revisions"}],"wp:attachment":[{"href":"https:\/\/www.diarioimagen.net\/index.php?rest_route=%2Fwp%2Fv2%2Fmedia&parent=351914"}],"wp:term":[{"taxonomy":"category","embeddable":true,"href":"https:\/\/www.diarioimagen.net\/index.php?rest_route=%2Fwp%2Fv2%2Fcategories&post=351914"},{"taxonomy":"post_tag","embeddable":true,"href":"https:\/\/www.diarioimagen.net\/index.php?rest_route=%2Fwp%2Fv2%2Ftags&post=351914"}],"curies":[{"name":"wp","href":"https:\/\/api.w.org\/{rel}","templated":true}]}}