{"id":352044,"date":"2017-11-07T00:11:16","date_gmt":"2017-11-07T06:11:16","guid":{"rendered":"http:\/\/www.diarioimagen.net\/?p=352044"},"modified":"2017-11-07T03:23:23","modified_gmt":"2017-11-07T09:23:23","slug":"inauguran-segunda-expo-metepec-contigo-emprende","status":"publish","type":"post","link":"https:\/\/www.diarioimagen.net\/?p=352044","title":{"rendered":"Inauguran segunda Expo Metepec Contigo Emprende"},"content":{"rendered":"<ul>\n<li><strong><em>Impulso a 38 empresas y 15 proyectos de incubaci\u00f3n<\/em><\/strong><\/li>\n<\/ul>\n<p>&nbsp;<\/p>\n<div id=\"attachment_352112\" style=\"width: 470px\" class=\"wp-caption aligncenter\"><a href=\"http:\/\/www.diarioimagen.net\/?attachment_id=352112\" rel=\"attachment wp-att-352112\"><img loading=\"lazy\" decoding=\"async\" aria-describedby=\"caption-attachment-352112\" class=\"size-large wp-image-352112\" src=\"http:\/\/www.diarioimagen.net\/wp-content\/uploads\/2017\/11\/METEPEC-3245-460x259.jpg\" alt=\"\" width=\"460\" height=\"259\" srcset=\"https:\/\/www.diarioimagen.net\/wp-content\/uploads\/2017\/11\/METEPEC-3245-460x259.jpg 460w, https:\/\/www.diarioimagen.net\/wp-content\/uploads\/2017\/11\/METEPEC-3245-240x135.jpg 240w, https:\/\/www.diarioimagen.net\/wp-content\/uploads\/2017\/11\/METEPEC-3245-235x132.jpg 235w, https:\/\/www.diarioimagen.net\/wp-content\/uploads\/2017\/11\/METEPEC-3245-202x114.jpg 202w, https:\/\/www.diarioimagen.net\/wp-content\/uploads\/2017\/11\/METEPEC-3245-350x196.jpg 350w, https:\/\/www.diarioimagen.net\/wp-content\/uploads\/2017\/11\/METEPEC-3245-220x123.jpg 220w, https:\/\/www.diarioimagen.net\/wp-content\/uploads\/2017\/11\/METEPEC-3245-237x132.jpg 237w, https:\/\/www.diarioimagen.net\/wp-content\/uploads\/2017\/11\/METEPEC-3245.jpg 480w\" sizes=\"auto, (max-width: 460px) 100vw, 460px\" \/><\/a><p id=\"caption-attachment-352112\" class=\"wp-caption-text\">El alcalde de Metepec, David L\u00f3pez, arranc\u00f3 la Expo-Metepec Contigo Emprende, en la Plaza Ju\u00e1rez.<\/p><\/div>\n<p>&nbsp;<\/p>\n<p><strong>Metepec, Estado de M\u00e9xico<\/strong>.-\u00a0Fue inaugurada la segunda Expo Metepec Contigo Emprende, en la Plaza Benito Ju\u00e1rez, donde estudiantes, amas de casa, profesionistas y emprendedores dieron a conocer proyectos, adem\u00e1s de participar en conferencias impartidas por especialistas para impulsar la creaci\u00f3n de empresas y la transformaci\u00f3n de emprendedores que brinden productos y servicios innovadores.<\/p>\n<p>Este a\u00f1o, el evento que permite fortalecer el desarrollo de proyectos emprendedores y empresas, al tiempo de fomentar en los visitantes la inquietud de formar un negocio, cuenta con la participaci\u00f3n de 38 empresas y 15 proyectos de incubaci\u00f3n universitaria, creando un ecosistema de negocios con una experiencia \u00fanica en la que se adquieren conocimientos mediante conferencias con temas referentes al manejo financiero y registro de marca, entre otros.<\/p>\n<p>\u201cNos da gusto recibir a quienes se interesan en este importante tema, hay que tener claro que vivimos en una era donde una buena idea nos puede traer el \u00e9xito y para que sea bien desarrollada se requiere que la vayamos construyendo poco a poco, con una planeaci\u00f3n correcta\u201d.<\/p>\n<p>\u201cQueremos que la creatividad, innovaci\u00f3n y talento pueda tener forma, llevarlo a lo m\u00e1s alto que se pueda y as\u00ed crear empleos que permitan que m\u00e1s gente salga adelante\u201d, se\u00f1al\u00f3 el alcalde, David L\u00f3pez.<\/p>\n<p>Por su parte, la representante del Instituto Nacional del Emprendedor (Inadem), Laila Chemor S\u00e1nchez, recalc\u00f3 que la Expo Metepec Contigo Emprende sirve de apoyo para materializar, evolucionar y crecer los sue\u00f1os y negocios de cada asistente; de ah\u00ed, la importancia del trabajo en conjunto entre los tres \u00f3rdenes de gobierno.<\/p>\n<p>Adem\u00e1s de los stands con proyectos innovadores, las actividades de este martes comprenden el taller \u201cReciclaje de materiales\u201d y las conferencias \u201cFinanciamiento para emprender\u201d, \u201cAlternativa de desarrollo y crecimiento econ\u00f3mico para M\u00e9xico\u201d e \u201cHistorias de \u00e9xito\u201d, que ser\u00e1 dictaminada por Ibeth \u201cLa Roca\u201d Zamora y Juan Pablo \u201cPivi\u201d Romero, todas de manera gratuita, a partir de las 9:00 y hasta las 14:00 horas.<\/p>\n","protected":false},"excerpt":{"rendered":"<p>Fue inaugurada la segunda Expo Metepec Contigo Emprende, en la Plaza Benito Ju\u00e1rez, donde estudiantes, amas de casa, profesionistas y emprendedores dieron a conocer proyectos, adem\u00e1s de participar en conferencias impartidas&#8230;<\/p>\n","protected":false},"author":3,"featured_media":352112,"comment_status":"open","ping_status":"open","sticky":false,"template":"","format":"standard","meta":{"_monsterinsights_skip_tracking":false,"_monsterinsights_sitenote_active":false,"_monsterinsights_sitenote_note":"","_monsterinsights_sitenote_category":0,"footnotes":""},"categories":[5],"tags":[43675,63437,876],"class_list":["post-352044","post","type-post","status-publish","format-standard","has-post-thumbnail","hentry","category-estado-de-mexico","tag-estado-de-mexico","tag-expo-metepec-contigo-emprende","tag-metepec"],"_links":{"self":[{"href":"https:\/\/www.diarioimagen.net\/index.php?rest_route=\/wp\/v2\/posts\/352044","targetHints":{"allow":["GET"]}}],"collection":[{"href":"https:\/\/www.diarioimagen.net\/index.php?rest_route=\/wp\/v2\/posts"}],"about":[{"href":"https:\/\/www.diarioimagen.net\/index.php?rest_route=\/wp\/v2\/types\/post"}],"author":[{"embeddable":true,"href":"https:\/\/www.diarioimagen.net\/index.php?rest_route=\/wp\/v2\/users\/3"}],"replies":[{"embeddable":true,"href":"https:\/\/www.diarioimagen.net\/index.php?rest_route=%2Fwp%2Fv2%2Fcomments&post=352044"}],"version-history":[{"count":0,"href":"https:\/\/www.diarioimagen.net\/index.php?rest_route=\/wp\/v2\/posts\/352044\/revisions"}],"wp:featuredmedia":[{"embeddable":true,"href":"https:\/\/www.diarioimagen.net\/index.php?rest_route=\/wp\/v2\/media\/352112"}],"wp:attachment":[{"href":"https:\/\/www.diarioimagen.net\/index.php?rest_route=%2Fwp%2Fv2%2Fmedia&parent=352044"}],"wp:term":[{"taxonomy":"category","embeddable":true,"href":"https:\/\/www.diarioimagen.net\/index.php?rest_route=%2Fwp%2Fv2%2Fcategories&post=352044"},{"taxonomy":"post_tag","embeddable":true,"href":"https:\/\/www.diarioimagen.net\/index.php?rest_route=%2Fwp%2Fv2%2Ftags&post=352044"}],"curies":[{"name":"wp","href":"https:\/\/api.w.org\/{rel}","templated":true}]}}