{"id":352086,"date":"2017-11-07T00:02:42","date_gmt":"2017-11-07T06:02:42","guid":{"rendered":"http:\/\/www.diarioimagen.net\/?p=352086"},"modified":"2017-11-07T02:46:53","modified_gmt":"2017-11-07T08:46:53","slug":"en-tultitlan-aseguran-a-un-sujeto-por-atracar-a-taxistas","status":"publish","type":"post","link":"https:\/\/www.diarioimagen.net\/?p=352086","title":{"rendered":"En Tultitl\u00e1n aseguran a un sujeto por atracar a taxistas"},"content":{"rendered":"<p><strong><a href=\"http:\/\/www.diarioimagen.net\/?attachment_id=352154\" rel=\"attachment wp-att-352154\"><img loading=\"lazy\" decoding=\"async\" class=\"alignleft  wp-image-352154\" src=\"http:\/\/www.diarioimagen.net\/wp-content\/uploads\/2017\/11\/TULTITLAN-3245-460x458.jpg\" alt=\"\" width=\"259\" height=\"258\" srcset=\"https:\/\/www.diarioimagen.net\/wp-content\/uploads\/2017\/11\/TULTITLAN-3245-460x458.jpg 460w, https:\/\/www.diarioimagen.net\/wp-content\/uploads\/2017\/11\/TULTITLAN-3245-150x150.jpg 150w, https:\/\/www.diarioimagen.net\/wp-content\/uploads\/2017\/11\/TULTITLAN-3245-240x240.jpg 240w, https:\/\/www.diarioimagen.net\/wp-content\/uploads\/2017\/11\/TULTITLAN-3245-50x50.jpg 50w, https:\/\/www.diarioimagen.net\/wp-content\/uploads\/2017\/11\/TULTITLAN-3245-75x75.jpg 75w, https:\/\/www.diarioimagen.net\/wp-content\/uploads\/2017\/11\/TULTITLAN-3245-70x70.jpg 70w, https:\/\/www.diarioimagen.net\/wp-content\/uploads\/2017\/11\/TULTITLAN-3245.jpg 600w\" sizes=\"auto, (max-width: 259px) 100vw, 259px\" \/><\/a>Tultitl\u00e1n, Estado de M\u00e9xico<\/strong><strong>.-<\/strong> Derivado a la oportuna intervenci\u00f3n de los elementos de la Comisar\u00eda de Seguridad P\u00fablica de la demarcaci\u00f3n, un sujeto fue detenido tras haber asaltado a\u00a0 taxistas.<\/p>\n<p>La detenci\u00f3n del presunto delincuente se dio luego de que al arribar elementos de seguridad al lugar se encontraron con un contingente de 50 personas aproximadamente y de manera inmediata solicitaron el apoyo de los elementos municipales.<\/p>\n","protected":false},"excerpt":{"rendered":"<p>Derivado a la oportuna intervenci\u00f3n de los elementos de la Comisar\u00eda de Seguridad P\u00fablica de la demarcaci\u00f3n, un sujeto fue detenido tras haber asaltado a  taxistas.<\/p>\n","protected":false},"author":3,"featured_media":352154,"comment_status":"open","ping_status":"open","sticky":false,"template":"","format":"standard","meta":{"_monsterinsights_skip_tracking":false,"_monsterinsights_sitenote_active":false,"_monsterinsights_sitenote_note":"","_monsterinsights_sitenote_category":0,"footnotes":""},"categories":[35155],"tags":[16331,43675,63035,578],"class_list":["post-352086","post","type-post","status-publish","format-standard","has-post-thumbnail","hentry","category-estado-de-mexico-estado-de-mexico","tag-atrapan","tag-estado-de-mexico","tag-segurdiad","tag-tultitlan"],"_links":{"self":[{"href":"https:\/\/www.diarioimagen.net\/index.php?rest_route=\/wp\/v2\/posts\/352086","targetHints":{"allow":["GET"]}}],"collection":[{"href":"https:\/\/www.diarioimagen.net\/index.php?rest_route=\/wp\/v2\/posts"}],"about":[{"href":"https:\/\/www.diarioimagen.net\/index.php?rest_route=\/wp\/v2\/types\/post"}],"author":[{"embeddable":true,"href":"https:\/\/www.diarioimagen.net\/index.php?rest_route=\/wp\/v2\/users\/3"}],"replies":[{"embeddable":true,"href":"https:\/\/www.diarioimagen.net\/index.php?rest_route=%2Fwp%2Fv2%2Fcomments&post=352086"}],"version-history":[{"count":0,"href":"https:\/\/www.diarioimagen.net\/index.php?rest_route=\/wp\/v2\/posts\/352086\/revisions"}],"wp:featuredmedia":[{"embeddable":true,"href":"https:\/\/www.diarioimagen.net\/index.php?rest_route=\/wp\/v2\/media\/352154"}],"wp:attachment":[{"href":"https:\/\/www.diarioimagen.net\/index.php?rest_route=%2Fwp%2Fv2%2Fmedia&parent=352086"}],"wp:term":[{"taxonomy":"category","embeddable":true,"href":"https:\/\/www.diarioimagen.net\/index.php?rest_route=%2Fwp%2Fv2%2Fcategories&post=352086"},{"taxonomy":"post_tag","embeddable":true,"href":"https:\/\/www.diarioimagen.net\/index.php?rest_route=%2Fwp%2Fv2%2Ftags&post=352086"}],"curies":[{"name":"wp","href":"https:\/\/api.w.org\/{rel}","templated":true}]}}